{"id":146406,"date":"2025-02-09T11:08:15","date_gmt":"2025-02-09T14:08:15","guid":{"rendered":"https:\/\/senoticias.com.br\/se\/?p=146406"},"modified":"2025-02-09T11:08:45","modified_gmt":"2025-02-09T14:08:45","slug":"funcionarios-da-maternidade-lourdes-nogueira-denunciam-atrasos-salariais","status":"publish","type":"post","link":"https:\/\/senoticias.com.br\/se\/funcionarios-da-maternidade-lourdes-nogueira-denunciam-atrasos-salariais\/","title":{"rendered":"Funcion\u00e1rios da Maternidade Lourdes Nogueira denunciam atrasos salariais"},"content":{"rendered":"<p>Diversos funcion\u00e1rios da Maternidade Maria de Lourdes Nogueira entraram em contato com a reda\u00e7\u00e3o do <strong><em>SE Not\u00edcias<\/em><\/strong> para denunciar atrasos nos pagamentos salariais. Segundo os relatos, os trabalhadores enfrentam dificuldades devido \u00e0 recorr\u00eancia do problema.<\/p>\n<p>&#8220;Boa noite, venho por meio deste informar que os funcion\u00e1rios est\u00e3o sem receber sal\u00e1rio. Todo m\u00eas \u00e9 a mesma situa\u00e7\u00e3o&#8221;, afirmou um dos denunciantes.<\/p>\n<p>Outro profissional da enfermagem relatou que o quinto dia \u00fatil de fevereiro passou sem que houvesse pagamento. &#8220;Trabalho na Lourdes Nogueira na enfermagem e o quinto dia \u00fatil foi na quinta-feira, mas at\u00e9 agora nada de pagamento. No m\u00eas passado, recebemos depois do dia 20&#8221;, disse.<\/p>\n<p>As reclama\u00e7\u00f5es tamb\u00e9m incluem auxiliares de farm\u00e1cia e outros setores da unidade. &#8220;M\u00eas passado recebemos o sal\u00e1rio com atraso de 15 dias. E esse m\u00eas, o pagamento continua em atraso novamente. Somos mais de 400 funcion\u00e1rios&#8221;, revelou um auxiliar de farm\u00e1cia.<\/p>\n<div id=\"attachment_144661\" style=\"width: 577px\" class=\"wp-caption aligncenter\"><a href=\"https:\/\/senoticias.com.br\/se\/wp-content\/uploads\/2024\/10\/Lourdes-Nogueira-SE-Noticias.jpg\"><img loading=\"lazy\" decoding=\"async\" aria-describedby=\"caption-attachment-144661\" class=\"size-full wp-image-144661\" src=\"https:\/\/senoticias.com.br\/se\/wp-content\/uploads\/2024\/10\/Lourdes-Nogueira-SE-Noticias.jpg\" alt=\"\" width=\"567\" height=\"378\" srcset=\"https:\/\/senoticias.com.br\/se\/wp-content\/uploads\/2024\/10\/Lourdes-Nogueira-SE-Noticias.jpg 567w, https:\/\/senoticias.com.br\/se\/wp-content\/uploads\/2024\/10\/Lourdes-Nogueira-SE-Noticias-300x200.jpg 300w, https:\/\/senoticias.com.br\/se\/wp-content\/uploads\/2024\/10\/Lourdes-Nogueira-SE-Noticias-90x60.jpg 90w, https:\/\/senoticias.com.br\/se\/wp-content\/uploads\/2024\/10\/Lourdes-Nogueira-SE-Noticias-180x120.jpg 180w, https:\/\/senoticias.com.br\/se\/wp-content\/uploads\/2024\/10\/Lourdes-Nogueira-SE-Noticias-95x64.jpg 95w\" sizes=\"(max-width: 567px) 100vw, 567px\" \/><\/a><p id=\"caption-attachment-144661\" class=\"wp-caption-text\">Funcion\u00e1rios da Maternidade Municipal Lourdes Nogueira\u00a0 denunciam atrasos salariais &#8211; Foto: Ana L\u00edcia Menezes\/arquivo\/AAN<\/p><\/div>\n<p>Os trabalhadores alegam que a unidade \u00e9 gerida pelo Instituto Nacional de Tecnologia e Sa\u00fade (INTS) e que algumas empresas terceirizadas j\u00e1 receberam os repasses, enquanto os profissionais contratados diretamente ainda aguardam os pagamentos.<\/p>\n<p>O <strong><em>SE Not\u00edcias <\/em><\/strong>entrou em contato com a administra\u00e7\u00e3o da maternidade e com o INTS para esclarecer a situa\u00e7\u00e3o e aguarda um posicionamento.<\/p>\n<p><strong>Prefeita de Aracaju questiona contrato milion\u00e1rio\u00a0<\/strong><\/p>\n<p>A prefeita de Aracaju, Em\u00edlia Corr\u00eaa, manifestou preocupa\u00e7\u00e3o com os valores do contrato firmado com o Instituto Nacional de Tecnologia e Sa\u00fade (INTS), respons\u00e1vel pela gest\u00e3o da Maternidade Municipal Lourdes Nogueira. O contrato, que soma aproximadamente R$ 414 milh\u00f5es, prev\u00ea um repasse mensal de cerca de R$ 7 milh\u00f5es para a realiza\u00e7\u00e3o de 600 partos.<\/p>\n<p>No entanto, desde a inaugura\u00e7\u00e3o da unidade, o n\u00famero m\u00e1ximo de partos realizados mensalmente foi de apenas 200, o que eleva o custo por procedimento para cerca de R$ 20 mil. Esse valor \u00e9 significativamente superior \u00e0 m\u00e9dia praticada na rede privada, estimada em R$ 6 mil por parto. Diante desse cen\u00e1rio, a prefeita destacou a necessidade de revisar o contrato e buscar maior efici\u00eancia na aplica\u00e7\u00e3o dos recursos p\u00fablicos.<\/p>\n<p><strong><em>Acompanhe tamb\u00e9m o SE Not\u00edcias no\u00a0<a href=\"https:\/\/www.instagram.com\/senoticias\/\" target=\"_blank\" rel=\"noreferrer noopener\">Instagram<\/a><\/em><\/strong>,\u00a0<strong><em>\u00a0<a href=\"https:\/\/www.facebook.com\/senoticias1\" target=\"_blank\" rel=\"noreferrer noopener\">Facebook<\/a>\u00a0e\u00a0no<\/em>\u00a0<em><a href=\"https:\/\/twitter.com\/Senoticias\">X<\/a><\/em><\/strong><\/p>\n<p><strong><em>Reda\u00e7\u00e3o SE Not\u00edcias<\/em><\/strong><\/p>\n","protected":false},"excerpt":{"rendered":"<p>Diversos funcion\u00e1rios da Maternidade Maria de Lourdes Nogueira entraram em contato com a reda\u00e7\u00e3o do SE Not\u00edcias para denunciar atrasos nos pagamentos salariais. Segundo os relatos, os trabalhadores enfrentam dificuldades devido \u00e0 recorr\u00eancia do problema. &#8220;Boa noite, venho por meio deste informar que os funcion\u00e1rios est\u00e3o sem receber sal\u00e1rio. Todo m\u00eas \u00e9 a mesma situa\u00e7\u00e3o&#8221;, [&hellip;]<\/p>\n","protected":false},"author":6557,"featured_media":144661,"comment_status":"closed","ping_status":"closed","sticky":false,"template":"","format":"standard","meta":{"footnotes":""},"categories":[15,6],"tags":[43172,38756],"class_list":{"0":"post-146406","1":"post","2":"type-post","3":"status-publish","4":"format-standard","5":"has-post-thumbnail","7":"category-destaques","8":"category-politica","9":"tag-atraso-de-salarios","10":"tag-maternidade-lourdes-nogueira"},"_links":{"self":[{"href":"https:\/\/senoticias.com.br\/se\/wp-json\/wp\/v2\/posts\/146406"}],"collection":[{"href":"https:\/\/senoticias.com.br\/se\/wp-json\/wp\/v2\/posts"}],"about":[{"href":"https:\/\/senoticias.com.br\/se\/wp-json\/wp\/v2\/types\/post"}],"author":[{"embeddable":true,"href":"https:\/\/senoticias.com.br\/se\/wp-json\/wp\/v2\/users\/6557"}],"replies":[{"embeddable":true,"href":"https:\/\/senoticias.com.br\/se\/wp-json\/wp\/v2\/comments?post=146406"}],"version-history":[{"count":0,"href":"https:\/\/senoticias.com.br\/se\/wp-json\/wp\/v2\/posts\/146406\/revisions"}],"wp:featuredmedia":[{"embeddable":true,"href":"https:\/\/senoticias.com.br\/se\/wp-json\/wp\/v2\/media\/144661"}],"wp:attachment":[{"href":"https:\/\/senoticias.com.br\/se\/wp-json\/wp\/v2\/media?parent=146406"}],"wp:term":[{"taxonomy":"category","embeddable":true,"href":"https:\/\/senoticias.com.br\/se\/wp-json\/wp\/v2\/categories?post=146406"},{"taxonomy":"post_tag","embeddable":true,"href":"https:\/\/senoticias.com.br\/se\/wp-json\/wp\/v2\/tags?post=146406"}],"curies":[{"name":"wp","href":"https:\/\/api.w.org\/{rel}","templated":true}]}}