{"id":146399,"date":"2025-02-07T18:04:13","date_gmt":"2025-02-07T21:04:13","guid":{"rendered":"https:\/\/senoticias.com.br\/se\/?p=146399"},"modified":"2025-02-07T18:04:13","modified_gmt":"2025-02-07T21:04:13","slug":"abertura-da-jornada-pedagogica-2025-do-senac-destaca-o-compromisso-com-a-inovacao-e-a-inclusao","status":"publish","type":"post","link":"https:\/\/senoticias.com.br\/se\/abertura-da-jornada-pedagogica-2025-do-senac-destaca-o-compromisso-com-a-inovacao-e-a-inclusao\/","title":{"rendered":"Abertura da Jornada Pedag\u00f3gica 2025 do Senac destaca o compromisso com a inova\u00e7\u00e3o e a inclus\u00e3o"},"content":{"rendered":"<p>A abertura da Jornada Pedag\u00f3gica 2025 do Senac reuniu, nesta quinta-feira, no Hotel do Sesc Atalaia, em Aracaju, 230 profissionais da institui\u00e7\u00e3o entre instrutores, analistas pedag\u00f3gicos, gerentes de unidades e de setores da \u00e1rea administrativa. Estiveram presentes na cerim\u00f4nia de in\u00edcio da jornada, o presidente da Federa\u00e7\u00e3o do Com\u00e9rcio de Sergipe, Marcos Andrade; representando a Diretoria da Fecom\u00e9rcio, o Conselheiro Roger Barros; o diretor Regional, Nilson Lima; a diretora Regional Adjunta, Esmeralda Cruz; o diretor Administrativo e Financeiro, Manuel Leal; o diretor de Educa\u00e7\u00e3o Profissional, Adalberto Trindade Souto e a professora doutora Cristiane Tavares, assessora de Inova\u00e7\u00e3o Educacional.<\/p>\n<div id=\"attachment_146400\" style=\"width: 586px\" class=\"wp-caption aligncenter\"><a href=\"https:\/\/senoticias.com.br\/se\/wp-content\/uploads\/2025\/02\/IMG_0030.png\"><img loading=\"lazy\" decoding=\"async\" aria-describedby=\"caption-attachment-146400\" class=\"size-full wp-image-146400\" src=\"https:\/\/senoticias.com.br\/se\/wp-content\/uploads\/2025\/02\/IMG_0030.png\" alt=\"\" width=\"576\" height=\"385\" srcset=\"https:\/\/senoticias.com.br\/se\/wp-content\/uploads\/2025\/02\/IMG_0030.png 576w, https:\/\/senoticias.com.br\/se\/wp-content\/uploads\/2025\/02\/IMG_0030-300x201.png 300w, https:\/\/senoticias.com.br\/se\/wp-content\/uploads\/2025\/02\/IMG_0030-90x60.png 90w, https:\/\/senoticias.com.br\/se\/wp-content\/uploads\/2025\/02\/IMG_0030-180x120.png 180w, https:\/\/senoticias.com.br\/se\/wp-content\/uploads\/2025\/02\/IMG_0030-95x64.png 95w\" sizes=\"(max-width: 576px) 100vw, 576px\" \/><\/a><p id=\"caption-attachment-146400\" class=\"wp-caption-text\">A reuni\u00e3o anual marca um ponto de inflex\u00e3o na reavalia\u00e7\u00e3o de m\u00e9todos, abordagens e pr\u00e1ticas no campo da educa\u00e7\u00e3o profissional &#8211; Foto: ascom\/divulga\u00e7\u00e3o<\/p><\/div>\n<p>Com o tema &#8220;Inova\u00e7\u00e3o e inclus\u00e3o: construindo o futuro por meio da colabora\u00e7\u00e3o&#8221;, a reuni\u00e3o anual marca um ponto de inflex\u00e3o na reavalia\u00e7\u00e3o de m\u00e9todos, abordagens e pr\u00e1ticas no campo da educa\u00e7\u00e3o profissional.<\/p>\n<p>Para a Cristiane Tavares, tamb\u00e9m coordenadora do evento, o tema vai al\u00e9m de ser apenas uma pauta, representa um apelo \u00e0 mobiliza\u00e7\u00e3o e uma oportunidade de explorar alternativas para criar pr\u00e1ticas que n\u00e3o s\u00f3 reconhe\u00e7am as diferen\u00e7as, mas que tamb\u00e9m utilizem essas diversidades como potenciais para aprendizagem e desenvolvimento.<\/p>\n<p>\u201cVivemos em um tempo de mudan\u00e7as constantes. As demandas do mercado evoluem rapidamente e exigem de n\u00f3s, uma postura cada vez mais inovadora, flex\u00edvel e estrat\u00e9gica. Nosso desafio al\u00e9m de formar profissionais qualificados, \u00e9 de preparar cidad\u00e3os cr\u00edticos, capazes de inovar, incluir, empreender e contribuir ativamente para o desenvolvimento socioecon\u00f4mico do nosso estado e do nosso pa\u00eds. A Jornada Pedag\u00f3gica configura-se como um espa\u00e7o de aprendizado m\u00fatuo, de troca de experi\u00eancias e de constru\u00e7\u00e3o coletiva. Ao longo destes dois dias de encontro, discutiremos metodologias inovadoras, estrat\u00e9gias e pr\u00e1ticas pedag\u00f3gicas eficazes e os desafios que nos impulsionam a evoluir constantemente\u201d, pontuou.<\/p>\n<p>O diretor Regional Nilson Lima come\u00e7ou sua fala agradecendo a todos os colaboradores do Senac pelos resultados positivos obtidos.<\/p>\n<p>\u201cAssumimos desafios na metade do ano em nosso processo de planejamento retificativo e as metas estabelecidas foram ultrapassadas de forma brilhante e inquestion\u00e1vel. Al\u00e9m disso, sempre estivemos em parceria com a Federa\u00e7\u00e3o do Com\u00e9rcio em uma agenda que ultrapassa a educa\u00e7\u00e3o profissional. Unimos esfor\u00e7os com diferentes setores do governo estadual, das prefeituras, e das associa\u00e7\u00f5es comunit\u00e1rias para expandir nosso trabalho al\u00e9m das atividades pedag\u00f3gicas. Ent\u00e3o, a palavra \u00e9 gratid\u00e3o a voc\u00eas que engrandecem e fazem jus a marca referencial que \u00e9 o Senac de Sergipe\u201d, disse.<\/p>\n<p>&#8220;Em 2025, desejo que a paix\u00e3o que voc\u00eas demonstram pela miss\u00e3o de educar torne-se ainda mais motivadora, permitindo que celebremos juntos as conquistas de nossos alunos e de suas fam\u00edlias. Que possamos ver os progressos de Sergipe n\u00e3o apenas nas \u00e1reas de turismo e com\u00e9rcio, mas em todos os setores, pois nosso trabalho transcende a sala de aula; ele se estende \u00e0s empresas, aos empregos e \u00e0 vida das pessoas\u201d, completou.<\/p>\n<p>O presidente do Sistema Com\u00e9rcio de Sergipe, Marcos Andrade destacou os n\u00fameros, o sin\u00f4nimo de excel\u00eancia, impacto social do Senac e vis\u00e3o estrat\u00e9gica na busca de melhores resultados institucionais.<\/p>\n<p>&#8220;No Senac, estamos passando por um per\u00edodo de grande alegria. \u00c9 gratificante sair de casa para trabalhar, pois sabemos que encontramos um ambiente saud\u00e1vel, onde realmente impactamos positivamente a vida das pessoas. Essa dedica\u00e7\u00e3o se reflete em produtividade, que \u00e9 nosso objetivo. E os resultados falam por si. Ao chegarmos em 2022, o Senac contava com 14 mil alunos. No ano passado, alcan\u00e7amos 26 mil alunos, e nossa meta para este ano \u00e9 atingir 30 mil pessoas com a educa\u00e7\u00e3o profissional, mantendo nossa presen\u00e7a em 75 munic\u00edpios do Estado de Sergipe pelo terceiro ano consecutivo. Esses feitos n\u00e3o s\u00e3o obra do acaso, o amor pelo que fazemos, a determina\u00e7\u00e3o e o profissionalismo est\u00e3o mudando nosso Estado e fazendo a diferen\u00e7a no Brasil&#8221;, concluiu Andrade.<\/p>\n<p>Palestrante<\/p>\n<p>A edi\u00e7\u00e3o 2025 da Jornada Pedag\u00f3gica do Senac traz para Aracaju o facilitador, palestrante e s\u00f3cio do O Futuro das Coisas, Rodolfo Bonif\u00e1cio, especialista dedicado a impulsionar a inova\u00e7\u00e3o na lideran\u00e7a e no desenvolvimento organizacional.<\/p>\n<p>Membro da Rede Global Shapers, uma iniciativa do F\u00f3rum Econ\u00f4mico Mundial, atua na interse\u00e7\u00e3o entre criatividades, educa\u00e7\u00e3o e gest\u00e3o de projetos, oferecendo insights inovadores e estrat\u00e9gias eficazes para o crescimento e regenera\u00e7\u00e3o das organiza\u00e7\u00f5es.<\/p>\n<p>Formado em Rela\u00e7\u00f5es P\u00fablicas, Recursos Humanos e Arte, Hist\u00f3ria Cr\u00edtica e Curadoria pela PUC-SP, possui mais de 800 horas de experi\u00eancia em facilita\u00e7\u00e3o de grupos. J\u00e1 atendeu 60 empresas tanto nacionais quanto internacionais, entre as quais est\u00e3o L&#8217;Or\u00e9al, N\u00edvea, Rede Globo, Roche, Sicredi, Nespresso, Electrolux, entre outras. Um trabalho impactou mais de 10.000 pessoas por meio de palestras, workshops, atividades de constru\u00e7\u00e3o de equipe e experi\u00eancias pr\u00e1ticas.<\/p>\n<p><strong><em>Acompanhe tamb\u00e9m o SE Not\u00edcias no\u00a0<a href=\"https:\/\/www.instagram.com\/senoticias\/\" target=\"_blank\" rel=\"noreferrer noopener\">Instagram<\/a><\/em><\/strong>,\u00a0<strong><em>\u00a0<a href=\"https:\/\/www.facebook.com\/senoticias1\" target=\"_blank\" rel=\"noreferrer noopener\">Facebook<\/a>\u00a0e\u00a0no<\/em>\u00a0<em><a href=\"https:\/\/twitter.com\/Senoticias\">X<\/a><\/em><\/strong><\/p>\n<p>Ascom\/Senac\/SE<\/p>\n<p>&nbsp;<\/p>\n","protected":false},"excerpt":{"rendered":"<p>A abertura da Jornada Pedag\u00f3gica 2025 do Senac reuniu, nesta quinta-feira, no Hotel do Sesc Atalaia, em Aracaju, 230 profissionais da institui\u00e7\u00e3o entre instrutores, analistas pedag\u00f3gicos, gerentes de unidades e de setores da \u00e1rea administrativa. Estiveram presentes na cerim\u00f4nia de in\u00edcio da jornada, o presidente da Federa\u00e7\u00e3o do Com\u00e9rcio de Sergipe, Marcos Andrade; representando a [&hellip;]<\/p>\n","protected":false},"author":6557,"featured_media":0,"comment_status":"closed","ping_status":"closed","sticky":false,"template":"","format":"standard","meta":{"footnotes":""},"categories":[15],"tags":[43171,3021],"class_list":{"0":"post-146399","1":"post","2":"type-post","3":"status-publish","4":"format-standard","6":"category-destaques","7":"tag-jornada-pedagogica","8":"tag-senac"},"_links":{"self":[{"href":"https:\/\/senoticias.com.br\/se\/wp-json\/wp\/v2\/posts\/146399"}],"collection":[{"href":"https:\/\/senoticias.com.br\/se\/wp-json\/wp\/v2\/posts"}],"about":[{"href":"https:\/\/senoticias.com.br\/se\/wp-json\/wp\/v2\/types\/post"}],"author":[{"embeddable":true,"href":"https:\/\/senoticias.com.br\/se\/wp-json\/wp\/v2\/users\/6557"}],"replies":[{"embeddable":true,"href":"https:\/\/senoticias.com.br\/se\/wp-json\/wp\/v2\/comments?post=146399"}],"version-history":[{"count":0,"href":"https:\/\/senoticias.com.br\/se\/wp-json\/wp\/v2\/posts\/146399\/revisions"}],"wp:attachment":[{"href":"https:\/\/senoticias.com.br\/se\/wp-json\/wp\/v2\/media?parent=146399"}],"wp:term":[{"taxonomy":"category","embeddable":true,"href":"https:\/\/senoticias.com.br\/se\/wp-json\/wp\/v2\/categories?post=146399"},{"taxonomy":"post_tag","embeddable":true,"href":"https:\/\/senoticias.com.br\/se\/wp-json\/wp\/v2\/tags?post=146399"}],"curies":[{"name":"wp","href":"https:\/\/api.w.org\/{rel}","templated":true}]}}