{"id":146390,"date":"2025-02-07T11:43:24","date_gmt":"2025-02-07T14:43:24","guid":{"rendered":"https:\/\/senoticias.com.br\/se\/?p=146390"},"modified":"2025-02-07T12:07:49","modified_gmt":"2025-02-07T15:07:49","slug":"aviao-de-pequeno-porte-cai-e-bate-em-onibus-em-sp-duas-pessoas-morreram","status":"publish","type":"post","link":"https:\/\/senoticias.com.br\/se\/aviao-de-pequeno-porte-cai-e-bate-em-onibus-em-sp-duas-pessoas-morreram\/","title":{"rendered":"Advogado ga\u00facho e piloto: saiba quem s\u00e3o as v\u00edtimas fatais de acidente a\u00e9reo em S\u00e3o Paulo"},"content":{"rendered":"<p>Um avi\u00e3o de pequeno porte caiu na manh\u00e3 desta sexta-feira, 7, na Avenida Marqu\u00eas de S\u00e3o Vicente, na Barra Funda, zona oeste de S\u00e3o Paulo, segundo o Corpo de Bombeiros. A aeronave transportava duas pessoas no momento do acidente, que morreram no local.<\/p>\n<p>O Corpo de Bombeiros informou ainda que mais seis pessoas ficaram feridas, duas delas de forma mais grave: um motoqueiro que foi atingido por uma pe\u00e7a e uma senhora que estava no interior do \u00f4nibus atingido pelo avi\u00e3o ao cair. Quatro v\u00edtimas leves foram socorridas para hospitais da regi\u00e3o.<\/p>\n<p>De acordo com as informa\u00e7\u00f5es divulgadas pela Ordem dos Advogados do Brasil (OAB) do Rio Grande do Sul, o copiloto era M\u00e1rcio Carpena, advogado, palestrante e professor de direito da Pontif\u00edcia Universidade Cat\u00f3lica (PUC) de Porto Alegre.<\/p>\n<p>Carpena, como era conhecido, era casado com\u00a0Francieli Rozales e deixa tr\u00eas filhos. Nas redes sociais, ele dizia que ajudava e motivava pessoas a verem o mundo de uma forma diferente, al\u00e9m de buscar auxiliar na constru\u00e7\u00e3o de uma sociedade mais &#8220;doce, verdadeira e pr\u00f3spera&#8221;.<\/p>\n<p>Entre 2003 e 2009 ele\u00a0presidiu a Academia Brasileira de Direito Processual Civil.<\/p>\n<p>At\u00e9 a \u00faltima atualiza\u00e7\u00e3o desta reportagem n\u00e3o foi confirmada a identidade do piloto e nem o que pode ter causado o acidente.<\/p>\n<div class=\"mceTemp\">\n<div id=\"attachment_146392\" style=\"width: 591px\" class=\"wp-caption aligncenter\"><a href=\"https:\/\/senoticias.com.br\/se\/wp-content\/uploads\/2025\/02\/Advogado-morto-se-noticias.jpg\"><img loading=\"lazy\" decoding=\"async\" aria-describedby=\"caption-attachment-146392\" class=\"size-full wp-image-146392\" src=\"https:\/\/senoticias.com.br\/se\/wp-content\/uploads\/2025\/02\/Advogado-morto-se-noticias.jpg\" alt=\"\" width=\"581\" height=\"498\" srcset=\"https:\/\/senoticias.com.br\/se\/wp-content\/uploads\/2025\/02\/Advogado-morto-se-noticias.jpg 581w, https:\/\/senoticias.com.br\/se\/wp-content\/uploads\/2025\/02\/Advogado-morto-se-noticias-300x257.jpg 300w\" sizes=\"(max-width: 581px) 100vw, 581px\" \/><\/a><p id=\"caption-attachment-146392\" class=\"wp-caption-text\">Advogado M\u00e1rcio Carpena em foto publicada nas redes sociais &#8211; Foto: Reprodu\u00e7\u00e3o\/Redes Sociais \/ Reprodu\u00e7\u00e3o<\/p><\/div>\n<p>No local, a reportagem do Terra\u00a0percebeu um cheiro forte de querosene nos arredores. As vias que ficam nas proximidades do lugar do acidente foram interditadas.<\/p>\n<p>O governador de S\u00e3o Paulo, Tarc\u00edsio de Freitas (Republicanos), comentou sobre o acidente, por volta das 9h, em uma rede social. Ele detalhou que as v\u00edtimas do acidente eram o piloto e o copiloto, sem divulgar suas identidades.<\/p>\n<p>O prefeito Ricardo Nunes lamentou o ocorrido e disse ter disponibilizado todas as estruturas de atendimento para socorro \u00e0s v\u00edtimas. &#8220;Funcion\u00e1rios da Defesa Civil, SAMU, al\u00e9m de agentes de tr\u00e2nsito e do setor de transporte, est\u00e3o no local juntamente com homens do Corpo de Bombeiros para atuar no resgate das v\u00edtimas.&#8221;<\/p>\n<p>A aeronave decolou do Aeroporto Campo de Marte por volta das 7h15, caiu na avenida pouco tempo\u00a0 depois, bateu em um \u00f4nibus e pegou fogo. O avi\u00e3o tinha como destino Porto Alegre, no Rio Grande do Sul.<\/p>\n<p>Segundo o\u00a0capit\u00e3o Maycon Cristo, sete viaturas do Corpo de Bombeiros foram encaminhadas para o local.\u00a0\u00a0&#8220;Maior preocupa\u00e7\u00e3o \u00e9 controlar o inc\u00eandio. Teve combust\u00edvel espalhado pela via e a nossa preocupa\u00e7\u00e3o era evitar uma trag\u00e9dia maior&#8221;, disse o capit\u00e3o \u00e0 TV Globo.<\/p>\n<p>Por meio das redes sociais, o Secret\u00e1rio da Seguran\u00e7a P\u00fablica do Estado de S\u00e3o Paulo,\u00a0Guilherme Derrite, informou que, al\u00e9m do Corpo de Bombeiros, equipes da Pol\u00edcia Militar, Pol\u00edcia Civil e\u00a0Pol\u00edcia T\u00e9cnico-Cient\u00edfica apoiam a ocorr\u00eancia.<\/p>\n<p>As autoridades ainda n\u00e3o informaram as poss\u00edveis causas do acidente. Mas a\u00a0For\u00e7a A\u00e9rea Brasileira (FAB) informa que investigadores j\u00e1 foram acionados para a coleta e a confirma\u00e7\u00e3o de dados, a preserva\u00e7\u00e3o dos elementos, a verifica\u00e7\u00e3o inicial de danos causados \u00e0 aeronave, ou pela aeronave, e o levantamento de outras informa\u00e7\u00f5es necess\u00e1rias.<\/p>\n<p>&#8220;A conclus\u00e3o dessa investiga\u00e7\u00e3o ter\u00e1 o menor prazo poss\u00edvel, dependendo sempre da complexidade da ocorr\u00eancia e, ainda, da necessidade de descobrir os poss\u00edveis fatores contribuintes.&#8221;<\/p>\n<p><strong><em>Acompanhe tamb\u00e9m o SE Not\u00edcias no\u00a0<a href=\"https:\/\/www.instagram.com\/senoticias\/\" target=\"_blank\" rel=\"noreferrer noopener\">Instagram<\/a><\/em><\/strong>,\u00a0<strong><em>\u00a0<a href=\"https:\/\/www.facebook.com\/senoticias1\" target=\"_blank\" rel=\"noreferrer noopener\">Facebook<\/a>\u00a0e\u00a0no<\/em>\u00a0<em><a href=\"https:\/\/twitter.com\/Senoticias\">X<\/a><\/em><\/strong><\/p>\n<p>Fonte: Portal Terra<\/p>\n","protected":false},"excerpt":{"rendered":"<p>Um avi\u00e3o de pequeno porte caiu na manh\u00e3 desta sexta-feira, 7, na Avenida Marqu\u00eas de S\u00e3o Vicente, na Barra Funda, zona oeste de S\u00e3o Paulo, segundo o Corpo de Bombeiros. A aeronave transportava duas pessoas no momento do acidente, que morreram no local. O Corpo de Bombeiros informou ainda que mais seis pessoas ficaram feridas, [&hellip;]<\/p>\n","protected":false},"author":6557,"featured_media":146392,"comment_status":"closed","ping_status":"closed","sticky":false,"template":"","format":"standard","meta":{"footnotes":""},"categories":[15,2961],"tags":[43170,43169],"class_list":{"0":"post-146390","1":"post","2":"type-post","3":"status-publish","4":"format-standard","5":"has-post-thumbnail","7":"category-destaques","8":"category-nacional","9":"tag-advogado-marcio-carpena","10":"tag-aviao-de-pequeno-porte-cai"},"_links":{"self":[{"href":"https:\/\/senoticias.com.br\/se\/wp-json\/wp\/v2\/posts\/146390"}],"collection":[{"href":"https:\/\/senoticias.com.br\/se\/wp-json\/wp\/v2\/posts"}],"about":[{"href":"https:\/\/senoticias.com.br\/se\/wp-json\/wp\/v2\/types\/post"}],"author":[{"embeddable":true,"href":"https:\/\/senoticias.com.br\/se\/wp-json\/wp\/v2\/users\/6557"}],"replies":[{"embeddable":true,"href":"https:\/\/senoticias.com.br\/se\/wp-json\/wp\/v2\/comments?post=146390"}],"version-history":[{"count":0,"href":"https:\/\/senoticias.com.br\/se\/wp-json\/wp\/v2\/posts\/146390\/revisions"}],"wp:featuredmedia":[{"embeddable":true,"href":"https:\/\/senoticias.com.br\/se\/wp-json\/wp\/v2\/media\/146392"}],"wp:attachment":[{"href":"https:\/\/senoticias.com.br\/se\/wp-json\/wp\/v2\/media?parent=146390"}],"wp:term":[{"taxonomy":"category","embeddable":true,"href":"https:\/\/senoticias.com.br\/se\/wp-json\/wp\/v2\/categories?post=146390"},{"taxonomy":"post_tag","embeddable":true,"href":"https:\/\/senoticias.com.br\/se\/wp-json\/wp\/v2\/tags?post=146390"}],"curies":[{"name":"wp","href":"https:\/\/api.w.org\/{rel}","templated":true}]}}