{"id":146375,"date":"2025-02-06T10:40:27","date_gmt":"2025-02-06T13:40:27","guid":{"rendered":"https:\/\/senoticias.com.br\/se\/?p=146375"},"modified":"2025-02-06T10:40:27","modified_gmt":"2025-02-06T13:40:27","slug":"governador-leva-demandas-de-sergipe-para-o-presidente-lula","status":"publish","type":"post","link":"https:\/\/senoticias.com.br\/se\/governador-leva-demandas-de-sergipe-para-o-presidente-lula\/","title":{"rendered":"Governador leva demandas de Sergipe para o presidente Lula"},"content":{"rendered":"<p class=\"p2\"><span class=\"s1\">Durante a primeira reuni\u00e3o do ano de 2025 do Cons\u00f3rcio Nordeste, realizada nesta quarta-feira, 5, em Bras\u00edlia (DF), o governador F\u00e1bio Mitidieri aproveitou a oportunidade e conversou com o presidente Lula sobre as demandas de Sergipe para o desenvolvimento.<\/span><\/p>\n<div id=\"attachment_146376\" style=\"width: 609px\" class=\"wp-caption aligncenter\"><a href=\"https:\/\/senoticias.com.br\/se\/wp-content\/uploads\/2025\/02\/IMG_0023-e1738849156341.png\"><img loading=\"lazy\" decoding=\"async\" aria-describedby=\"caption-attachment-146376\" class=\"size-full wp-image-146376\" src=\"https:\/\/senoticias.com.br\/se\/wp-content\/uploads\/2025\/02\/IMG_0023-e1738849156341.png\" alt=\"\" width=\"599\" height=\"332\" \/><\/a><p id=\"caption-attachment-146376\" class=\"wp-caption-text\">Foto: Ricardo Stucker<\/p><\/div>\n<p class=\"p2\"><span class=\"s1\"><\/p>\n<p>O chefe do Executivo estadual se inteirou com o presidente sobre o andamento da obra da ponte que ligar\u00e1 os estados de Sergipe e Alagoas, por meio dos munic\u00edpios de Ne\u00f3polis (SE) e Penedo (AL). Para a realiza\u00e7\u00e3o da obra, o Estado doou o trecho da rodovia SE-335, que liga o munic\u00edpio de Ne\u00f3polis \u00e0 rodovia federal BR-101, a fim de ser federalizado para que, com isso, a ponte pudesse ser finalizada.<\/span><\/p>\n<p class=\"p2\"><span class=\"s1\">Mitidieri esmiu\u00e7ou com o presidente o andamento das obras do Novo PAC \u2014 Programa de Acelera\u00e7\u00e3o do Crescimento \u2014 do Governo Federal, que deve injetar R$ 136,6 bilh\u00f5es em Sergipe. No conjunto de obras do programa, s\u00e3o consideradas as mais relevantes a duplica\u00e7\u00e3o da BR-101 (Sul e Norte), o gasoduto do Projeto Sergipe \u00c1guas Profundas (Seap) e as moradias do \u2018Minha Casa, Minha Vida\u2019. \u201cAl\u00e9m disso, falamos da duplica\u00e7\u00e3o da BR-235 e pedimos o apoio para o Canal de Xing\u00f3. O que desejamos \u00e9 que essas obras possam efetivamente se concretizar, possam ser iniciadas e que tragam qualidade de vida para nossa popula\u00e7\u00e3o\u201d, defendeu o governador.<\/span><\/p>\n<p class=\"p2\"><span class=\"s1\">Na agenda oficial em Bras\u00edlia, F\u00e1bio Mitidieri participou da elei\u00e7\u00e3o da nova mesa diretora do Cons\u00f3rcio Nordeste, que elegeu o governador do Piau\u00ed, Rafael Fonteles, como presidente, em sucess\u00e3o \u00e0 governadora F\u00e1tima Bezerra, do Rio Grande do Norte, e debateu metas para o desenvolvimento da regi\u00e3o para o ano de 2025.<\/span><\/p>\n<p class=\"p2\"><span class=\"s1\">No per\u00edodo da tarde, F\u00e1bio reuniu-se com os senadores La\u00e9rcio Oliveira, de Sergipe, e Efraim Filho, da Para\u00edba, este \u00faltimo autor do Projeto de Lei (PL) que regulamenta as Organiza\u00e7\u00f5es Sociais (OSs) e Funda\u00e7\u00f5es Hospitalares dentro de um limite da Lei de Responsabilidade Fiscal, para tratar do andamento da proposituras.\u00a0<\/span><\/p>\n<p class=\"p2\"><span class=\"s1\">Nesta quinta, 6, o governador segue agenda oficial em Sergipe, com inaugura\u00e7\u00e3o da reforma e amplia\u00e7\u00e3o do Centro de Excel\u00eancia Professor Abelardo Romero Dantas, em Lagarto, e com a realiza\u00e7\u00e3o da 40\u00aa edi\u00e7\u00e3o do programa itinerante \u2018Sergipe \u00e9 aqui\u2019, em Pirambu.<\/span><\/p>\n<p>&nbsp;<\/p>\n<p><strong><em>Acompanhe tamb\u00e9m o SE Not\u00edcias no\u00a0<a href=\"https:\/\/www.instagram.com\/senoticias\/\" target=\"_blank\" rel=\"noreferrer noopener\">Instagram<\/a><\/em><\/strong>,\u00a0<strong><em>\u00a0<a href=\"https:\/\/www.facebook.com\/senoticias1\" target=\"_blank\" rel=\"noreferrer noopener\">Facebook<\/a>\u00a0e\u00a0no<\/em>\u00a0<em><a href=\"https:\/\/twitter.com\/Senoticias\">X<\/a><\/em><\/strong><\/p>\n<p>Fonte: Governo de Sergipe<\/p>\n","protected":false},"excerpt":{"rendered":"<p>Durante a primeira reuni\u00e3o do ano de 2025 do Cons\u00f3rcio Nordeste, realizada nesta quarta-feira, 5, em Bras\u00edlia (DF), o governador F\u00e1bio Mitidieri aproveitou a oportunidade e conversou com o presidente Lula sobre as demandas de Sergipe para o desenvolvimento. O chefe do Executivo estadual se inteirou com o presidente sobre o andamento da obra da [&hellip;]<\/p>\n","protected":false},"author":6557,"featured_media":0,"comment_status":"closed","ping_status":"closed","sticky":false,"template":"","format":"standard","meta":{"footnotes":""},"categories":[15,6],"tags":[448,38105],"class_list":{"0":"post-146375","1":"post","2":"type-post","3":"status-publish","4":"format-standard","6":"category-destaques","7":"category-politica","8":"tag-governo-de-sergipe","9":"tag-presidente-lula"},"_links":{"self":[{"href":"https:\/\/senoticias.com.br\/se\/wp-json\/wp\/v2\/posts\/146375"}],"collection":[{"href":"https:\/\/senoticias.com.br\/se\/wp-json\/wp\/v2\/posts"}],"about":[{"href":"https:\/\/senoticias.com.br\/se\/wp-json\/wp\/v2\/types\/post"}],"author":[{"embeddable":true,"href":"https:\/\/senoticias.com.br\/se\/wp-json\/wp\/v2\/users\/6557"}],"replies":[{"embeddable":true,"href":"https:\/\/senoticias.com.br\/se\/wp-json\/wp\/v2\/comments?post=146375"}],"version-history":[{"count":0,"href":"https:\/\/senoticias.com.br\/se\/wp-json\/wp\/v2\/posts\/146375\/revisions"}],"wp:attachment":[{"href":"https:\/\/senoticias.com.br\/se\/wp-json\/wp\/v2\/media?parent=146375"}],"wp:term":[{"taxonomy":"category","embeddable":true,"href":"https:\/\/senoticias.com.br\/se\/wp-json\/wp\/v2\/categories?post=146375"},{"taxonomy":"post_tag","embeddable":true,"href":"https:\/\/senoticias.com.br\/se\/wp-json\/wp\/v2\/tags?post=146375"}],"curies":[{"name":"wp","href":"https:\/\/api.w.org\/{rel}","templated":true}]}}