{"id":146372,"date":"2025-02-06T11:03:03","date_gmt":"2025-02-06T14:03:03","guid":{"rendered":"https:\/\/senoticias.com.br\/se\/?p=146372"},"modified":"2025-02-06T11:03:03","modified_gmt":"2025-02-06T14:03:03","slug":"verao-sergipe-2025-leva-programacao-diversa-e-grandes-atracoes-a-pirambu","status":"publish","type":"post","link":"https:\/\/senoticias.com.br\/se\/verao-sergipe-2025-leva-programacao-diversa-e-grandes-atracoes-a-pirambu\/","title":{"rendered":"Ver\u00e3o Sergipe 2025 leva programa\u00e7\u00e3o diversa e grandes atra\u00e7\u00f5es a Pirambu"},"content":{"rendered":"<p>O Ver\u00e3o Sergipe 2025 chega a Pirambu, regi\u00e3o Leste do estado, neste final de semana. O evento, promovido pelo Governo do Estado, leva uma vasta programa\u00e7\u00e3o ao munic\u00edpio, com shows musicais, a\u00e7\u00f5es inclusivas e atividades esportivas que ir\u00e3o aquecer uma das regi\u00f5es mais tur\u00edsticas de Sergipe.<\/p>\n<p>Os shows em Pirambu come\u00e7am nesta sexta-feira, 7, com Heitor Costa e Xanddy Harmonia como atra\u00e7\u00f5es mais aguardadas. Al\u00e9m deles, Cid Natureza e Ittauan abrilhantam a festa. J\u00e1 no s\u00e1bado, 8, sobem ao palco a banda Seeway, Di Prop\u00f3sito, Danielzinho Jr e Pablo.<\/p>\n<div id=\"attachment_146379\" style=\"width: 609px\" class=\"wp-caption aligncenter\"><a href=\"https:\/\/senoticias.com.br\/se\/wp-content\/uploads\/2025\/02\/Verao-Sergipe-Se-Noticias.jpg\"><img loading=\"lazy\" decoding=\"async\" aria-describedby=\"caption-attachment-146379\" class=\"size-full wp-image-146379\" src=\"https:\/\/senoticias.com.br\/se\/wp-content\/uploads\/2025\/02\/Verao-Sergipe-Se-Noticias.jpg\" alt=\"\" width=\"599\" height=\"336\" srcset=\"https:\/\/senoticias.com.br\/se\/wp-content\/uploads\/2025\/02\/Verao-Sergipe-Se-Noticias.jpg 599w, https:\/\/senoticias.com.br\/se\/wp-content\/uploads\/2025\/02\/Verao-Sergipe-Se-Noticias-300x168.jpg 300w\" sizes=\"(max-width: 599px) 100vw, 599px\" \/><\/a><p id=\"caption-attachment-146379\" class=\"wp-caption-text\">Evento promovido pelo Governo do Estado traz shows musicais, a\u00e7\u00f5es inclusivas e atividades esportivas &#8211; Foto: Arthuro Paganini<\/p><\/div>\n<p>Al\u00e9m disso, a Tenda Eletr\u00f4nica Banese Card segue a todo vapor. Novidade do Ver\u00e3o Sergipe em 2025, ela \u00e9 formada somente por DJs sergipanos que dar\u00e3o sequ\u00eancia aos shows entre um intervalo e outro das apresenta\u00e7\u00f5es no palco. O espa\u00e7o \u00e9 patrocinado pelo Banese Card e ser\u00e1 montado no centro da \u00e1rea de shows em Pirambu.<\/p>\n<p><strong>Ver\u00e3o Sergipe<\/strong><\/p>\n<p>O Ver\u00e3o Sergipe \u00e9 uma realiza\u00e7\u00e3o do Governo do Estado, por meio da Funda\u00e7\u00e3o de Cultura e Arte Aperip\u00ea de Sergipe (Funcap) e Secretaria de Estado da Comunica\u00e7\u00e3o (Secom), com patroc\u00ednio do Banese Card e da Companhia de Saneamento de Sergipe (Deso) e apoio das prefeituras de Pacatuba, Canind\u00e9 de S\u00e3o Francisco, Pirambu, Barra dos Coqueiros, Itaporanga d&#8217;Ajuda, Est\u00e2ncia, e da Energisa.<\/p>\n<p>Confira a programa\u00e7\u00e3o musical do Ver\u00e3o Sergipe em Pirambu*<\/p>\n<p><strong>Sexta-feira (07\/02)<\/strong><\/p>\n<p>21h \u2013 Cid Natureza<\/p>\n<p>23h \u2013 Heitor Costa<\/p>\n<p>1h \u2013 Xanddy Harmonia<\/p>\n<p>3h \u2013 Ittauan<\/p>\n<p>S\u00e1bado (08\/02)<\/p>\n<p>21h \u2013 Banda Seeway<\/p>\n<p>23h \u2013 Di Prop\u00f3sito<\/p>\n<p>1h \u2013 Danielzinho Jr<\/p>\n<p>3h \u2013 Pablo<\/p>\n<p>Tenda Eletr\u00f4nica<\/p>\n<p><strong>Sexta (31\/01)<\/strong><\/p>\n<p>20h &#8211; DJ Esther Alencar<\/p>\n<p>22h30 &#8211; DJ Esther Alencar<\/p>\n<p>00h30 &#8211; DJ SKY<\/p>\n<p>02h30 &#8211; DJ SKY<\/p>\n<p>S\u00e1bado (01\/02)<\/p>\n<p>20h &#8211; DJ Thay<\/p>\n<p>22h30 &#8211; DJ Thay<\/p>\n<p>00h30 &#8211; DJ NETXFUCK<\/p>\n<p>02h30 &#8211; DJ NETXFUCK<\/p>\n<p><strong><em>Acompanhe tamb\u00e9m o SE Not\u00edcias no\u00a0<a href=\"https:\/\/www.instagram.com\/senoticias\/\" target=\"_blank\" rel=\"noreferrer noopener\">Instagram<\/a><\/em><\/strong>,\u00a0<strong><em>\u00a0<a href=\"https:\/\/www.facebook.com\/senoticias1\" target=\"_blank\" rel=\"noreferrer noopener\">Facebook<\/a>\u00a0e\u00a0no<\/em>\u00a0<em><a href=\"https:\/\/twitter.com\/Senoticias\">X<\/a><\/em><\/strong><\/p>\n<p>Fonte: Ag\u00eancia Sergipe de Not\u00edcias<\/p>\n<p>&nbsp;<\/p>\n","protected":false},"excerpt":{"rendered":"<p>O Ver\u00e3o Sergipe 2025 chega a Pirambu, regi\u00e3o Leste do estado, neste final de semana. O evento, promovido pelo Governo do Estado, leva uma vasta programa\u00e7\u00e3o ao munic\u00edpio, com shows musicais, a\u00e7\u00f5es inclusivas e atividades esportivas que ir\u00e3o aquecer uma das regi\u00f5es mais tur\u00edsticas de Sergipe. Os shows em Pirambu come\u00e7am nesta sexta-feira, 7, com [&hellip;]<\/p>\n","protected":false},"author":6557,"featured_media":146379,"comment_status":"closed","ping_status":"closed","sticky":false,"template":"","format":"standard","meta":{"footnotes":""},"categories":[15,21],"tags":[40408,42883],"class_list":{"0":"post-146372","1":"post","2":"type-post","3":"status-publish","4":"format-standard","5":"has-post-thumbnail","7":"category-destaques","8":"category-entretenimento","9":"tag-verao-sergipe","10":"tag-verao-sergipe-2025"},"_links":{"self":[{"href":"https:\/\/senoticias.com.br\/se\/wp-json\/wp\/v2\/posts\/146372"}],"collection":[{"href":"https:\/\/senoticias.com.br\/se\/wp-json\/wp\/v2\/posts"}],"about":[{"href":"https:\/\/senoticias.com.br\/se\/wp-json\/wp\/v2\/types\/post"}],"author":[{"embeddable":true,"href":"https:\/\/senoticias.com.br\/se\/wp-json\/wp\/v2\/users\/6557"}],"replies":[{"embeddable":true,"href":"https:\/\/senoticias.com.br\/se\/wp-json\/wp\/v2\/comments?post=146372"}],"version-history":[{"count":0,"href":"https:\/\/senoticias.com.br\/se\/wp-json\/wp\/v2\/posts\/146372\/revisions"}],"wp:featuredmedia":[{"embeddable":true,"href":"https:\/\/senoticias.com.br\/se\/wp-json\/wp\/v2\/media\/146379"}],"wp:attachment":[{"href":"https:\/\/senoticias.com.br\/se\/wp-json\/wp\/v2\/media?parent=146372"}],"wp:term":[{"taxonomy":"category","embeddable":true,"href":"https:\/\/senoticias.com.br\/se\/wp-json\/wp\/v2\/categories?post=146372"},{"taxonomy":"post_tag","embeddable":true,"href":"https:\/\/senoticias.com.br\/se\/wp-json\/wp\/v2\/tags?post=146372"}],"curies":[{"name":"wp","href":"https:\/\/api.w.org\/{rel}","templated":true}]}}