{"id":146364,"date":"2025-02-05T18:03:57","date_gmt":"2025-02-05T21:03:57","guid":{"rendered":"https:\/\/senoticias.com.br\/se\/?p=146364"},"modified":"2025-02-05T18:22:21","modified_gmt":"2025-02-05T21:22:21","slug":"em-sergipe-policia-federal-apreende-jovem-em-flagrante-por-moeda-falsa","status":"publish","type":"post","link":"https:\/\/senoticias.com.br\/se\/em-sergipe-policia-federal-apreende-jovem-em-flagrante-por-moeda-falsa\/","title":{"rendered":"Em Sergipe, Pol\u00edcia Federal apreende jovem em flagrante por moeda falsa"},"content":{"rendered":"<p>A Pol\u00edcia Federal apreendeu, na tarde desta quarta-feira (5\/2), um jovem em flagrante pelo crime de moeda falsa, no munic\u00edpio de Ne\u00f3polis\/SE.<\/p>\n<div id=\"attachment_146365\" style=\"width: 610px\" class=\"wp-caption aligncenter\"><a href=\"https:\/\/senoticias.com.br\/se\/wp-content\/uploads\/2025\/02\/Moedas-faldas-se-noticias-e1738789366989.jpeg\"><img loading=\"lazy\" decoding=\"async\" aria-describedby=\"caption-attachment-146365\" class=\"size-full wp-image-146365\" src=\"https:\/\/senoticias.com.br\/se\/wp-content\/uploads\/2025\/02\/Moedas-faldas-se-noticias-e1738789366989.jpeg\" alt=\"\" width=\"600\" height=\"800\" \/><\/a><p id=\"caption-attachment-146365\" class=\"wp-caption-text\">Pol\u00edcia Federal apreende jovem em flagrante &#8211; Foto: ascom\/PF\/SE<\/p><\/div>\n<p>A a\u00e7\u00e3o teve in\u00edcio ap\u00f3s investiga\u00e7\u00f5es, com o aux\u00edlio dos Correios, identificarem o envio de c\u00e9dulas para um endere\u00e7o daquela localidade. Na tarde desta quarta, policiais federais realizaram a abordagem do destinat\u00e1rio, ap\u00f3s a entrega da encomenda, e confirmaram a suspeita de que a correspond\u00eancia continha c\u00e9dulas com ind\u00edcios de falsifica\u00e7\u00e3o (10 c\u00e9dulas de R$ 100).<\/p>\n<p>O preso foi conduzido \u00e0 Superintend\u00eancia Regional da Pol\u00edcia Federal em Sergipe, onde foi lavrado o auto de pris\u00e3o em flagrante pelo crime de moeda falsa. Em seguida, ele foi encaminhado ao sistema prisional, onde permanecer\u00e1 \u00e0 disposi\u00e7\u00e3o da Justi\u00e7a.<\/p>\n<p>O material apreendido ser\u00e1 submetido a per\u00edcia, para aprofundamento da investiga\u00e7\u00e3o.<\/p>\n<p><strong><em>Acompanhe tamb\u00e9m o SE Not\u00edcias no\u00a0<a href=\"https:\/\/www.instagram.com\/senoticias\/\" target=\"_blank\" rel=\"noreferrer noopener\">Instagram<\/a><\/em><\/strong>,\u00a0<strong><em>\u00a0<a href=\"https:\/\/www.facebook.com\/senoticias1\" target=\"_blank\" rel=\"noreferrer noopener\">Facebook<\/a>\u00a0e\u00a0no<\/em>\u00a0<em><a href=\"https:\/\/twitter.com\/Senoticias\">X<\/a><\/em><\/strong><\/p>\n<p>Fonte: ascom\/PF\/SE<\/p>\n","protected":false},"excerpt":{"rendered":"<p>A Pol\u00edcia Federal apreendeu, na tarde desta quarta-feira (5\/2), um jovem em flagrante pelo crime de moeda falsa, no munic\u00edpio de Ne\u00f3polis\/SE. A a\u00e7\u00e3o teve in\u00edcio ap\u00f3s investiga\u00e7\u00f5es, com o aux\u00edlio dos Correios, identificarem o envio de c\u00e9dulas para um endere\u00e7o daquela localidade. Na tarde desta quarta, policiais federais realizaram a abordagem do destinat\u00e1rio, ap\u00f3s [&hellip;]<\/p>\n","protected":false},"author":6557,"featured_media":146365,"comment_status":"closed","ping_status":"closed","sticky":false,"template":"","format":"standard","meta":{"footnotes":""},"categories":[15,7],"tags":[43155,1947],"class_list":{"0":"post-146364","1":"post","2":"type-post","3":"status-publish","4":"format-standard","5":"has-post-thumbnail","7":"category-destaques","8":"category-policia","9":"tag-moedas-falsas","10":"tag-policia-federal"},"_links":{"self":[{"href":"https:\/\/senoticias.com.br\/se\/wp-json\/wp\/v2\/posts\/146364"}],"collection":[{"href":"https:\/\/senoticias.com.br\/se\/wp-json\/wp\/v2\/posts"}],"about":[{"href":"https:\/\/senoticias.com.br\/se\/wp-json\/wp\/v2\/types\/post"}],"author":[{"embeddable":true,"href":"https:\/\/senoticias.com.br\/se\/wp-json\/wp\/v2\/users\/6557"}],"replies":[{"embeddable":true,"href":"https:\/\/senoticias.com.br\/se\/wp-json\/wp\/v2\/comments?post=146364"}],"version-history":[{"count":0,"href":"https:\/\/senoticias.com.br\/se\/wp-json\/wp\/v2\/posts\/146364\/revisions"}],"wp:featuredmedia":[{"embeddable":true,"href":"https:\/\/senoticias.com.br\/se\/wp-json\/wp\/v2\/media\/146365"}],"wp:attachment":[{"href":"https:\/\/senoticias.com.br\/se\/wp-json\/wp\/v2\/media?parent=146364"}],"wp:term":[{"taxonomy":"category","embeddable":true,"href":"https:\/\/senoticias.com.br\/se\/wp-json\/wp\/v2\/categories?post=146364"},{"taxonomy":"post_tag","embeddable":true,"href":"https:\/\/senoticias.com.br\/se\/wp-json\/wp\/v2\/tags?post=146364"}],"curies":[{"name":"wp","href":"https:\/\/api.w.org\/{rel}","templated":true}]}}