{"id":146353,"date":"2025-02-05T13:51:17","date_gmt":"2025-02-05T16:51:17","guid":{"rendered":"https:\/\/senoticias.com.br\/se\/?p=146353"},"modified":"2025-02-05T16:31:20","modified_gmt":"2025-02-05T19:31:20","slug":"bprv-registra-queda-de-28-no-numero-de-acidentes-em-sergipe","status":"publish","type":"post","link":"https:\/\/senoticias.com.br\/se\/bprv-registra-queda-de-28-no-numero-de-acidentes-em-sergipe\/","title":{"rendered":"BPRv registra queda de 28% no n\u00famero de acidentes em Sergipe"},"content":{"rendered":"<p class=\"p1\"><span class=\"s1\">O Batalh\u00e3o de Pol\u00edcia Rodovi\u00e1ria Estadual (BPRv) reduziu em 28% os sinistros de tr\u00e2nsito no \u00faltimo ano. Os n\u00fameros de janeiro de 2025 demonstram uma redu\u00e7\u00e3o significativa nos acidentes e v\u00edtimas lesionadas, quando comparados ao mesmo per\u00edodo de 2024.<\/span><\/p>\n<div id=\"attachment_146354\" style=\"width: 609px\" class=\"wp-caption aligncenter\"><a href=\"https:\/\/senoticias.com.br\/se\/wp-content\/uploads\/2025\/02\/IMG_0020-e1738774251527.jpeg\"><img loading=\"lazy\" decoding=\"async\" aria-describedby=\"caption-attachment-146354\" class=\"size-full wp-image-146354\" src=\"https:\/\/senoticias.com.br\/se\/wp-content\/uploads\/2025\/02\/IMG_0020-e1738774251527.jpeg\" alt=\"\" width=\"599\" height=\"332\" \/><\/a><p id=\"caption-attachment-146354\" class=\"wp-caption-text\"><br \/>Segundo a BPRv, os n\u00fameros de janeiro de 2025 demonstram uma redu\u00e7\u00e3o significativa nos acidentes &#8211; Foto: ascom\/BPrv<\/p><\/div>\n<p class=\"p1\"><span class=\"s1\">Os dados levantados pelo BPRv tamb\u00e9m apontam a queda de 32% no n\u00famero de v\u00edtimas lesionadas. Os n\u00fameros registrados pela Pol\u00edcia Militar mostraram ainda que, no per\u00edodo avaliado, os \u00f3bitos mantiveram-se est\u00e1veis.\u00a0<\/span><\/p>\n<p class=\"p1\"><span class=\"s1\">Os \u00edndices s\u00e3o frutos de a\u00e7\u00f5es estrat\u00e9gicas adotadas pelo BPRv, incluindo fiscaliza\u00e7\u00f5es rigorosas, opera\u00e7\u00f5es educativas e refor\u00e7o no policiamento. Os dados tamb\u00e9m refletem a conscientiza\u00e7\u00e3o dos condutores, com atitudes respons\u00e1veis no tr\u00e2nsito, respeito \u00e0s normas e colabora\u00e7\u00e3o para um tr\u00e1fego mais seguro.<\/span><\/p>\n<p class=\"p1\"><span class=\"s1\">Em 2025, o Batalh\u00e3o seguir\u00e1 atuando pautado na preserva\u00e7\u00e3o de vidas, garantindo um tr\u00e2nsito melhor para os motoristas que trafegam pelas rodovias sergipanas e mantendo o foco na seguran\u00e7a vi\u00e1ria.<\/span><\/p>\n<p><strong><em>Acompanhe tamb\u00e9m o SE Not\u00edcias no\u00a0<a href=\"https:\/\/www.instagram.com\/senoticias\/\" target=\"_blank\" rel=\"noreferrer noopener\">Instagram<\/a><\/em><\/strong>,\u00a0<strong><em>\u00a0<a href=\"https:\/\/www.facebook.com\/senoticias1\" target=\"_blank\" rel=\"noreferrer noopener\">Facebook<\/a>\u00a0e\u00a0no<\/em>\u00a0<em><a href=\"https:\/\/twitter.com\/Senoticias\">X<\/a><\/em><\/strong><\/p>\n<p>Fonte: Ag\u00eancia Sergipe de Not\u00edcias<\/p>\n","protected":false},"excerpt":{"rendered":"<p>O Batalh\u00e3o de Pol\u00edcia Rodovi\u00e1ria Estadual (BPRv) reduziu em 28% os sinistros de tr\u00e2nsito no \u00faltimo ano. Os n\u00fameros de janeiro de 2025 demonstram uma redu\u00e7\u00e3o significativa nos acidentes e v\u00edtimas lesionadas, quando comparados ao mesmo per\u00edodo de 2024. Os dados levantados pelo BPRv tamb\u00e9m apontam a queda de 32% no n\u00famero de v\u00edtimas lesionadas. [&hellip;]<\/p>\n","protected":false},"author":6557,"featured_media":146354,"comment_status":"closed","ping_status":"closed","sticky":false,"template":"","format":"standard","meta":{"footnotes":""},"categories":[15,7],"tags":[8283,2036],"class_list":{"0":"post-146353","1":"post","2":"type-post","3":"status-publish","4":"format-standard","5":"has-post-thumbnail","7":"category-destaques","8":"category-policia","9":"tag-acidentes-de-transito","10":"tag-bprv"},"_links":{"self":[{"href":"https:\/\/senoticias.com.br\/se\/wp-json\/wp\/v2\/posts\/146353"}],"collection":[{"href":"https:\/\/senoticias.com.br\/se\/wp-json\/wp\/v2\/posts"}],"about":[{"href":"https:\/\/senoticias.com.br\/se\/wp-json\/wp\/v2\/types\/post"}],"author":[{"embeddable":true,"href":"https:\/\/senoticias.com.br\/se\/wp-json\/wp\/v2\/users\/6557"}],"replies":[{"embeddable":true,"href":"https:\/\/senoticias.com.br\/se\/wp-json\/wp\/v2\/comments?post=146353"}],"version-history":[{"count":0,"href":"https:\/\/senoticias.com.br\/se\/wp-json\/wp\/v2\/posts\/146353\/revisions"}],"wp:featuredmedia":[{"embeddable":true,"href":"https:\/\/senoticias.com.br\/se\/wp-json\/wp\/v2\/media\/146354"}],"wp:attachment":[{"href":"https:\/\/senoticias.com.br\/se\/wp-json\/wp\/v2\/media?parent=146353"}],"wp:term":[{"taxonomy":"category","embeddable":true,"href":"https:\/\/senoticias.com.br\/se\/wp-json\/wp\/v2\/categories?post=146353"},{"taxonomy":"post_tag","embeddable":true,"href":"https:\/\/senoticias.com.br\/se\/wp-json\/wp\/v2\/tags?post=146353"}],"curies":[{"name":"wp","href":"https:\/\/api.w.org\/{rel}","templated":true}]}}