{"id":146330,"date":"2025-02-04T09:12:02","date_gmt":"2025-02-04T12:12:02","guid":{"rendered":"https:\/\/senoticias.com.br\/se\/?p=146330"},"modified":"2025-02-04T09:12:02","modified_gmt":"2025-02-04T12:12:02","slug":"edital-do-concurso-da-saude-com-878-vagas-e-publicado-no-diario-oficial","status":"publish","type":"post","link":"https:\/\/senoticias.com.br\/se\/edital-do-concurso-da-saude-com-878-vagas-e-publicado-no-diario-oficial\/","title":{"rendered":"Edital do Concurso da Sa\u00fade com 878 vagas \u00e9 publicado no Di\u00e1rio Oficial"},"content":{"rendered":"<p>O governador F\u00e1bio Mitidieri anunciou a publica\u00e7\u00e3o do edital do concurso p\u00fablico da Secretaria de Estado da Sa\u00fade. O edital foi oficialmente divulgado no Di\u00e1rio Oficial de Sergipe nesta ter\u00e7a-feira, 4. O certame tem como objetivo preencher 878 vagas, distribu\u00eddas em 14 diferentes cargos. As inscri\u00e7\u00f5es estar\u00e3o abertas de 13 de mar\u00e7o a 9 de abril, e as provas est\u00e3o previstas para o dia 1\u00ba de junho de 2025.<\/p>\n<p>O certame \u00e9 promovido pelo Governo do Estado, por meio da Secretaria de Estado da Administra\u00e7\u00e3o (Sead), e ser\u00e1 organizado pelo Instituto Brasileiro de Forma\u00e7\u00e3o e Capacita\u00e7\u00e3o (IBFC). O processo seletivo ser\u00e1 dividido em duas fases. A primeira consistir\u00e1 em provas objetivas, enquanto a segunda ser\u00e1 composta pela an\u00e1lise de t\u00edtulos para os cargos de n\u00edvel superior. As vagas dispon\u00edveis s\u00e3o para os seguintes cargos: Assistente Social: 20 vagas; Bi\u00f3logo (5); Cirurgi\u00e3o Dentista (25); Enfermeiro (80); Farmac\u00eautico (5); Fisioterapeuta (9); Fonoaudi\u00f3logo (3); M\u00e9dico (627); Nutricionista (3); Psic\u00f3logo (12); Sanitarista (1); Terapeuta Ocupacional (3); T\u00e9cnico de Enfermagem (72) e T\u00e9cnico em Radiologia (13).<\/p>\n<div id=\"attachment_143507\" style=\"width: 609px\" class=\"wp-caption aligncenter\"><a href=\"https:\/\/senoticias.com.br\/se\/wp-content\/uploads\/2024\/08\/slide_fcaa1025f0ed546135cef7cceae07abf-1-e1722623259135.jpeg\"><img loading=\"lazy\" decoding=\"async\" aria-describedby=\"caption-attachment-143507\" class=\"size-full wp-image-143507\" src=\"https:\/\/senoticias.com.br\/se\/wp-content\/uploads\/2024\/08\/slide_fcaa1025f0ed546135cef7cceae07abf-1-e1722623259135.jpeg\" alt=\"\" width=\"599\" height=\"332\" \/><\/a><p id=\"caption-attachment-143507\" class=\"wp-caption-text\">Concurso visa o preenchimento de 878 vagas distribu\u00eddas em 14 diferentes cargos &#8211; Foto: arquivo\/ascom\/ SES<\/p><\/div>\n<p>O edital completo pode ser acessado nos sites da<a href=\"https:\/\/sead.se.gov.br\/\"><strong> Sead<\/strong> <\/a>e do IBFC. O edital traz informa\u00e7\u00f5es detalhadas sobre as etapas da sele\u00e7\u00e3o, requisitos para cada cargo, remunera\u00e7\u00e3o e locais de prova. Os interessados devem acompanhar as publica\u00e7\u00f5es oficiais para mais detalhes e prepara\u00e7\u00e3o para o certame.<\/p>\n<p>Para a secret\u00e1ria da Administra\u00e7\u00e3o, Lucivanda Nunes, o concurso \u00e9 de extrema import\u00e2ncia para a \u00e1rea da sa\u00fade, que oferece um servi\u00e7o essencial \u00e0 popula\u00e7\u00e3o. &#8220;H\u00e1 muitos anos n\u00e3o havia um concurso para a Sa\u00fade do Estado de Sergipe, e este chega em boa hora, pois permitir\u00e1 melhorar a estrutura dos quadros e oferecer um servi\u00e7o de melhor qualidade \u00e0 popula\u00e7\u00e3o em todo o estado, em diversas \u00e1reas&#8221;, afirma ao destacar, ainda, que o certame abrange todas as vagas dispon\u00edveis, dentro das existentes na Lei para os cargos mencionados, e tem validade de dois anos, podendo ser prorrogado por mais dois.<\/p>\n<p>Lucivanda Nunes refor\u00e7a que a Lei n\u00ba 9.602, publicada em 15 de janeiro de 2025, foi um passo importante para a publica\u00e7\u00e3o do edital da sa\u00fade. &#8220;A aprova\u00e7\u00e3o dessa lei foi um marco preparat\u00f3rio para o processo de recupera\u00e7\u00e3o do plano de carreira, com o objetivo de garantir um patamar salarial mais adequado, como um primeiro passo para o aprimoramento&#8221;, ressalta ao refor\u00e7ar que o concurso da Sa\u00fade \u00e9 fruto dos Projetos de Lei n\u00ba 478\/2024 e n\u00ba 475\/2024, aprovados pela Assembleia Legislativa de Sergipe (Alese) em dezembro de 2024, que possibilitaram a publica\u00e7\u00e3o do edital.<\/p>\n<p>Para o secret\u00e1rio de Estado da Sa\u00fade, Cl\u00e1udio Mitidieri, ap\u00f3s mais de 15 anos de espera, finalmente chegou o momento que tantos profissionais da sa\u00fade aguardavam: o maior concurso da \u00e1rea em nosso estado. \u201cS\u00e3o quase 900 vagas que v\u00e3o fortalecer, qualificar e ampliar o atendimento \u00e0 popula\u00e7\u00e3o, garantindo um servi\u00e7o de sa\u00fade mais eficiente e humanizado\u201d, frisa.<\/p>\n<p>Cl\u00e1udio refor\u00e7a que esse \u00e9 mais um compromisso cumprido pelo governador F\u00e1bio Mitidieri, que reafirma seu comprometimento com a valoriza\u00e7\u00e3o dos profissionais e a amplia\u00e7\u00e3o das oportunidades para aqueles que desejam ingressar no servi\u00e7o p\u00fablico. \u201c\u00c9 um passo hist\u00f3rico para a sa\u00fade de Sergipe e uma vit\u00f3ria para todos que dedicam suas vidas a cuidar das pessoas\u201d, salienta.<\/p>\n<p><strong><em>Acompanhe tamb\u00e9m o SE Not\u00edcias no\u00a0<a href=\"https:\/\/www.instagram.com\/senoticias\/\" target=\"_blank\" rel=\"noreferrer noopener\">Instagram<\/a><\/em><\/strong>,\u00a0<strong><em>\u00a0<a href=\"https:\/\/www.facebook.com\/senoticias1\" target=\"_blank\" rel=\"noreferrer noopener\">Facebook<\/a>\u00a0e\u00a0no<\/em>\u00a0<em><a href=\"https:\/\/twitter.com\/Senoticias\">X<\/a><\/em><\/strong><\/p>\n<p>Fonte: Ag\u00eancia Sergipe de Not\u00edcias<\/p>\n","protected":false},"excerpt":{"rendered":"<p>O governador F\u00e1bio Mitidieri anunciou a publica\u00e7\u00e3o do edital do concurso p\u00fablico da Secretaria de Estado da Sa\u00fade. O edital foi oficialmente divulgado no Di\u00e1rio Oficial de Sergipe nesta ter\u00e7a-feira, 4. O certame tem como objetivo preencher 878 vagas, distribu\u00eddas em 14 diferentes cargos. As inscri\u00e7\u00f5es estar\u00e3o abertas de 13 de mar\u00e7o a 9 de [&hellip;]<\/p>\n","protected":false},"author":6557,"featured_media":143507,"comment_status":"closed","ping_status":"closed","sticky":false,"template":"","format":"standard","meta":{"footnotes":""},"categories":[15,6],"tags":[43142,5303,448],"class_list":{"0":"post-146330","1":"post","2":"type-post","3":"status-publish","4":"format-standard","5":"has-post-thumbnail","7":"category-destaques","8":"category-politica","9":"tag-concurso-saude","10":"tag-diario-oficial","11":"tag-governo-de-sergipe"},"_links":{"self":[{"href":"https:\/\/senoticias.com.br\/se\/wp-json\/wp\/v2\/posts\/146330"}],"collection":[{"href":"https:\/\/senoticias.com.br\/se\/wp-json\/wp\/v2\/posts"}],"about":[{"href":"https:\/\/senoticias.com.br\/se\/wp-json\/wp\/v2\/types\/post"}],"author":[{"embeddable":true,"href":"https:\/\/senoticias.com.br\/se\/wp-json\/wp\/v2\/users\/6557"}],"replies":[{"embeddable":true,"href":"https:\/\/senoticias.com.br\/se\/wp-json\/wp\/v2\/comments?post=146330"}],"version-history":[{"count":0,"href":"https:\/\/senoticias.com.br\/se\/wp-json\/wp\/v2\/posts\/146330\/revisions"}],"wp:featuredmedia":[{"embeddable":true,"href":"https:\/\/senoticias.com.br\/se\/wp-json\/wp\/v2\/media\/143507"}],"wp:attachment":[{"href":"https:\/\/senoticias.com.br\/se\/wp-json\/wp\/v2\/media?parent=146330"}],"wp:term":[{"taxonomy":"category","embeddable":true,"href":"https:\/\/senoticias.com.br\/se\/wp-json\/wp\/v2\/categories?post=146330"},{"taxonomy":"post_tag","embeddable":true,"href":"https:\/\/senoticias.com.br\/se\/wp-json\/wp\/v2\/tags?post=146330"}],"curies":[{"name":"wp","href":"https:\/\/api.w.org\/{rel}","templated":true}]}}