{"id":146275,"date":"2025-02-01T19:21:53","date_gmt":"2025-02-01T22:21:53","guid":{"rendered":"https:\/\/senoticias.com.br\/se\/?p=146275"},"modified":"2025-02-01T19:21:53","modified_gmt":"2025-02-01T22:21:53","slug":"hugo-motta-e-eleito-presidente-da-camara-dos-deputados","status":"publish","type":"post","link":"https:\/\/senoticias.com.br\/se\/hugo-motta-e-eleito-presidente-da-camara-dos-deputados\/","title":{"rendered":"Hugo Motta \u00e9 eleito presidente da C\u00e2mara dos Deputados"},"content":{"rendered":"<p>O deputado Hugo Motta (Republicanos-PB) foi eleito, neste s\u00e1bado (1\u00ba\/2), presidente da C\u00e2mara dos Deputados. Com 444 votos, Motta conseguiu ser eleito com folga em rela\u00e7\u00e3o aos demais candidatos, em primeiro turno.<\/p>\n<p>Motta era o favorito para a posi\u00e7\u00e3o, e conseguiu angariar apoio das siglas da esquerda \u00e0 direita, como o PT e o PL. Tamb\u00e9m era apoiado pelo ent\u00e3o presidente da C\u00e2mara, Arthur Lira (PP-AL), como um nome \u201cde consenso\u201d.<\/p>\n<div id=\"attachment_146276\" style=\"width: 550px\" class=\"wp-caption aligncenter\"><a href=\"https:\/\/senoticias.com.br\/se\/wp-content\/uploads\/2025\/02\/Presidente-da-Camara-Hugo-Mota-SE-Noticias.jpeg\"><img loading=\"lazy\" decoding=\"async\" aria-describedby=\"caption-attachment-146276\" class=\"size-full wp-image-146276\" src=\"https:\/\/senoticias.com.br\/se\/wp-content\/uploads\/2025\/02\/Presidente-da-Camara-Hugo-Mota-SE-Noticias.jpeg\" alt=\"\" width=\"540\" height=\"360\" srcset=\"https:\/\/senoticias.com.br\/se\/wp-content\/uploads\/2025\/02\/Presidente-da-Camara-Hugo-Mota-SE-Noticias.jpeg 540w, https:\/\/senoticias.com.br\/se\/wp-content\/uploads\/2025\/02\/Presidente-da-Camara-Hugo-Mota-SE-Noticias-300x200.jpeg 300w, https:\/\/senoticias.com.br\/se\/wp-content\/uploads\/2025\/02\/Presidente-da-Camara-Hugo-Mota-SE-Noticias-90x60.jpeg 90w, https:\/\/senoticias.com.br\/se\/wp-content\/uploads\/2025\/02\/Presidente-da-Camara-Hugo-Mota-SE-Noticias-180x120.jpeg 180w, https:\/\/senoticias.com.br\/se\/wp-content\/uploads\/2025\/02\/Presidente-da-Camara-Hugo-Mota-SE-Noticias-95x64.jpeg 95w\" sizes=\"(max-width: 540px) 100vw, 540px\" \/><\/a><p id=\"caption-attachment-146276\" class=\"wp-caption-text\">Hugo Motta \u00e9 eleito novo presidente da C\u00e2mara dos Deputados &#8211; Foto: Ed Alves \/ CD\/DaPress<\/p><\/div>\n<p>M\u00e9dico, Hugo Motta \u00e9 o mais jovem presidente da hist\u00f3ria da C\u00e2mara. Em 2010, tornou-se o deputado federal mais jovem da hist\u00f3ria brasileira, eleito aos 21 anos pelo MDB. O deputado \u00e9 de uma tradicional fam\u00edlia pol\u00edtica da Para\u00edba, com base na cidade de Patos. O pai, Nabor Wanderley, \u00e9 prefeito de Patos. O cargo j\u00e1 foi ocupado pela av\u00f3 materna do deputado, Francisca Motta, e pelo av\u00f4 paterno.<\/p>\n<p>Ele era o titular da Comiss\u00e3o de Finan\u00e7as e Tributa\u00e7\u00e3o. Em 2015, foi presidente da Comiss\u00e3o Parlamentar de Inqu\u00e9rito (CPI) que investigou den\u00fancias de corrup\u00e7\u00e3o na Petrobras e, em 2023, foi relator da PEC dos Precat\u00f3rios, que limitou o valor de despesas anuais com precat\u00f3rios. Ele conquistou o quarto mandato com 158.171 votos.<\/p>\n<p><strong><em>Acompanhe tamb\u00e9m o SE Not\u00edcias no\u00a0<a href=\"https:\/\/www.instagram.com\/senoticias\/\" target=\"_blank\" rel=\"noreferrer noopener\">Instagram<\/a><\/em><\/strong>,\u00a0<strong><em>\u00a0<a href=\"https:\/\/www.facebook.com\/senoticias1\" target=\"_blank\" rel=\"noreferrer noopener\">Facebook<\/a>\u00a0e\u00a0no<\/em>\u00a0<em><a href=\"https:\/\/twitter.com\/Senoticias\">X<\/a><\/em><\/strong><\/p>\n<p>Fonte: Correio Braziliense<\/p>\n<p>&nbsp;<\/p>\n","protected":false},"excerpt":{"rendered":"<p>O deputado Hugo Motta (Republicanos-PB) foi eleito, neste s\u00e1bado (1\u00ba\/2), presidente da C\u00e2mara dos Deputados. Com 444 votos, Motta conseguiu ser eleito com folga em rela\u00e7\u00e3o aos demais candidatos, em primeiro turno. Motta era o favorito para a posi\u00e7\u00e3o, e conseguiu angariar apoio das siglas da esquerda \u00e0 direita, como o PT e o PL. [&hellip;]<\/p>\n","protected":false},"author":6557,"featured_media":146276,"comment_status":"closed","ping_status":"closed","sticky":false,"template":"","format":"standard","meta":{"footnotes":""},"categories":[15,2961],"tags":[43120,43122,43121],"class_list":{"0":"post-146275","1":"post","2":"type-post","3":"status-publish","4":"format-standard","5":"has-post-thumbnail","7":"category-destaques","8":"category-nacional","9":"tag-hugo-motta","10":"tag-hugo-motta-presidente-da-camara","11":"tag-presidente-hugo-motta"},"_links":{"self":[{"href":"https:\/\/senoticias.com.br\/se\/wp-json\/wp\/v2\/posts\/146275"}],"collection":[{"href":"https:\/\/senoticias.com.br\/se\/wp-json\/wp\/v2\/posts"}],"about":[{"href":"https:\/\/senoticias.com.br\/se\/wp-json\/wp\/v2\/types\/post"}],"author":[{"embeddable":true,"href":"https:\/\/senoticias.com.br\/se\/wp-json\/wp\/v2\/users\/6557"}],"replies":[{"embeddable":true,"href":"https:\/\/senoticias.com.br\/se\/wp-json\/wp\/v2\/comments?post=146275"}],"version-history":[{"count":0,"href":"https:\/\/senoticias.com.br\/se\/wp-json\/wp\/v2\/posts\/146275\/revisions"}],"wp:featuredmedia":[{"embeddable":true,"href":"https:\/\/senoticias.com.br\/se\/wp-json\/wp\/v2\/media\/146276"}],"wp:attachment":[{"href":"https:\/\/senoticias.com.br\/se\/wp-json\/wp\/v2\/media?parent=146275"}],"wp:term":[{"taxonomy":"category","embeddable":true,"href":"https:\/\/senoticias.com.br\/se\/wp-json\/wp\/v2\/categories?post=146275"},{"taxonomy":"post_tag","embeddable":true,"href":"https:\/\/senoticias.com.br\/se\/wp-json\/wp\/v2\/tags?post=146275"}],"curies":[{"name":"wp","href":"https:\/\/api.w.org\/{rel}","templated":true}]}}