{"id":146248,"date":"2025-01-30T21:35:27","date_gmt":"2025-01-31T00:35:27","guid":{"rendered":"https:\/\/senoticias.com.br\/se\/?p=146248"},"modified":"2025-01-30T21:35:27","modified_gmt":"2025-01-31T00:35:27","slug":"deputada-carla-zambelli-tem-o-mandato-cassado-pela-justica-eleitoral-por-abuso-de-poder-ela-diz-ser-perseguicao-politica","status":"publish","type":"post","link":"https:\/\/senoticias.com.br\/se\/deputada-carla-zambelli-tem-o-mandato-cassado-pela-justica-eleitoral-por-abuso-de-poder-ela-diz-ser-perseguicao-politica\/","title":{"rendered":"Deputada  Carla Zambelli tem o mandato cassado pela Justi\u00e7a Eleitoral por abuso de poder; ela diz ser &#8216;persegui\u00e7\u00e3o pol\u00edtica&#8217;"},"content":{"rendered":"<p>A Justi\u00e7a Eleitoral de S\u00e3o Paulo cassou o mandato da deputada Carla Zambelli (PL-SP) nesta quinta-feira, 30, por abuso de poder pol\u00edtico e uso indevido dos meios de comunica\u00e7\u00e3o no processo eleitoral de 2022. Zambelli aponta ser um caso de &#8220;persegui\u00e7\u00e3o pol\u00edtica&#8221;.<\/p>\n<p>Por maioria, 5 votos contra 2, o Tribunal Regional Eleitoral (TRE) decidiu pela inelegibilidade por oito anos a partir das elei\u00e7\u00f5es de 2022. Ela pode recorrer da decis\u00e3o.<br \/>\nO que foi entendido pela maioria \u00e9 que a parlamentar fez publica\u00e7\u00f5es para provocar o descr\u00e9dito do sistema eleitoral e a dissemina\u00e7\u00e3o de fatos inver\u00eddicos.<\/p>\n<div id=\"attachment_146249\" style=\"width: 565px\" class=\"wp-caption aligncenter\"><a href=\"https:\/\/senoticias.com.br\/se\/wp-content\/uploads\/2025\/01\/Deputada-Carla-Zambelli-SE-Noticias.jpg\"><img loading=\"lazy\" decoding=\"async\" aria-describedby=\"caption-attachment-146249\" class=\"size-full wp-image-146249\" src=\"https:\/\/senoticias.com.br\/se\/wp-content\/uploads\/2025\/01\/Deputada-Carla-Zambelli-SE-Noticias.jpg\" alt=\"\" width=\"555\" height=\"320\" srcset=\"https:\/\/senoticias.com.br\/se\/wp-content\/uploads\/2025\/01\/Deputada-Carla-Zambelli-SE-Noticias.jpg 555w, https:\/\/senoticias.com.br\/se\/wp-content\/uploads\/2025\/01\/Deputada-Carla-Zambelli-SE-Noticias-300x173.jpg 300w\" sizes=\"(max-width: 555px) 100vw, 555px\" \/><\/a><p id=\"caption-attachment-146249\" class=\"wp-caption-text\">Moraes manda investigar Zambelli por tentativa de vincular Lula a general venezuelano &#8211; Foto: Reprodu\u00e7\u00e3o\/C\u00e2mara dos Deputados<\/p><\/div>\n<p>\u201cN\u00e3o \u00e9 demasiado se reconhecer que as condutas da representada alcan\u00e7aram repercuss\u00e3o e gravidade aptas a influenciar na vontade livre e consciente do eleitor e em preju\u00edzo da isonomia da disputa eleitoral. Portanto, realidades justificadoras da cassa\u00e7\u00e3o do diploma de deputada federal e da declara\u00e7\u00e3o de inelegibilidade, san\u00e7\u00f5es a ela impostas por pr\u00e1tica de abuso de poder pol\u00edtico e uso indevido dos meios de comunica\u00e7\u00e3o, em conformidade ao artigo 22, inciso XIV, da Lei Complementar n\u00ba 64\/1990\u201d, argumentou o desembargador Encinas Manfr\u00e9, relator do processo.<\/p>\n<p>O caso come\u00e7ou a ser julgado em 13 de dezembro passado. O relator, desembargador Jos\u00e9 Antonio Encinas Mandr\u00e9, votou pela cassa\u00e7\u00e3o do diploma e pela inelegibilidade da deputada na ocasi\u00e3o. O julgamento, por\u00e9m, foi suspendo naquele primeiro momento por um pedido de vistas da ju\u00edza Maria Cl\u00e1udia Bedotti.<\/p>\n<p><strong>O que diz Zambelli?<br \/>\n<\/strong><br \/>\nEm nota publicada em suas redes sociais, a deputada federal afirmou que a decis\u00e3o deixa claro &#8220;que a persegui\u00e7\u00e3o pol\u00edtica em nosso pa\u00eds, contra os conservadores, \u00e9 vis\u00edvel como o sol do meio-dia&#8221;.<\/p>\n<p>&#8220;Continuarei a lutar todos os dias de minha vida ao lado de voc\u00eas, para que tenhamos a esperan\u00e7a de um Brasil pr\u00f3spero e digno para o povo brasileiro&#8221;, complementou. Ela diz que ir\u00e1 seguir com todos os recursos cab\u00edveis.<\/p>\n<p><strong><em>Acompanhe tamb\u00e9m o SE Not\u00edcias no\u00a0<a href=\"https:\/\/www.instagram.com\/senoticias\/\" target=\"_blank\" rel=\"noreferrer noopener\">Instagram<\/a><\/em><\/strong>,\u00a0<strong><em>\u00a0<a href=\"https:\/\/www.facebook.com\/senoticias1\" target=\"_blank\" rel=\"noreferrer noopener\">Facebook<\/a>\u00a0e\u00a0no<\/em>\u00a0<em><a href=\"https:\/\/twitter.com\/Senoticias\">X<\/a><\/em><\/strong><\/p>\n<p>Fonte: Portal Terra<\/p>\n","protected":false},"excerpt":{"rendered":"<p>A Justi\u00e7a Eleitoral de S\u00e3o Paulo cassou o mandato da deputada Carla Zambelli (PL-SP) nesta quinta-feira, 30, por abuso de poder pol\u00edtico e uso indevido dos meios de comunica\u00e7\u00e3o no processo eleitoral de 2022. Zambelli aponta ser um caso de &#8220;persegui\u00e7\u00e3o pol\u00edtica&#8221;. Por maioria, 5 votos contra 2, o Tribunal Regional Eleitoral (TRE) decidiu pela [&hellip;]<\/p>\n","protected":false},"author":6557,"featured_media":146249,"comment_status":"closed","ping_status":"closed","sticky":false,"template":"","format":"standard","meta":{"footnotes":""},"categories":[15,2961],"tags":[43113,43114,43112],"class_list":{"0":"post-146248","1":"post","2":"type-post","3":"status-publish","4":"format-standard","5":"has-post-thumbnail","7":"category-destaques","8":"category-nacional","9":"tag-carla-zambelli","10":"tag-justica-eleitoral-de-sao-paulo","11":"tag-zambelli"},"_links":{"self":[{"href":"https:\/\/senoticias.com.br\/se\/wp-json\/wp\/v2\/posts\/146248"}],"collection":[{"href":"https:\/\/senoticias.com.br\/se\/wp-json\/wp\/v2\/posts"}],"about":[{"href":"https:\/\/senoticias.com.br\/se\/wp-json\/wp\/v2\/types\/post"}],"author":[{"embeddable":true,"href":"https:\/\/senoticias.com.br\/se\/wp-json\/wp\/v2\/users\/6557"}],"replies":[{"embeddable":true,"href":"https:\/\/senoticias.com.br\/se\/wp-json\/wp\/v2\/comments?post=146248"}],"version-history":[{"count":0,"href":"https:\/\/senoticias.com.br\/se\/wp-json\/wp\/v2\/posts\/146248\/revisions"}],"wp:featuredmedia":[{"embeddable":true,"href":"https:\/\/senoticias.com.br\/se\/wp-json\/wp\/v2\/media\/146249"}],"wp:attachment":[{"href":"https:\/\/senoticias.com.br\/se\/wp-json\/wp\/v2\/media?parent=146248"}],"wp:term":[{"taxonomy":"category","embeddable":true,"href":"https:\/\/senoticias.com.br\/se\/wp-json\/wp\/v2\/categories?post=146248"},{"taxonomy":"post_tag","embeddable":true,"href":"https:\/\/senoticias.com.br\/se\/wp-json\/wp\/v2\/tags?post=146248"}],"curies":[{"name":"wp","href":"https:\/\/api.w.org\/{rel}","templated":true}]}}