{"id":146225,"date":"2025-01-29T20:09:25","date_gmt":"2025-01-29T23:09:25","guid":{"rendered":"https:\/\/senoticias.com.br\/se\/?p=146225"},"modified":"2025-01-29T20:09:25","modified_gmt":"2025-01-29T23:09:25","slug":"sepultamento-da-esposa-do-vice-prefeito-de-nossa-senhora-da-gloria-sera-nesta-quinta-feira-30","status":"publish","type":"post","link":"https:\/\/senoticias.com.br\/se\/sepultamento-da-esposa-do-vice-prefeito-de-nossa-senhora-da-gloria-sera-nesta-quinta-feira-30\/","title":{"rendered":"Sepultamento da esposa do vice-Prefeito de Nossa Senhora da Gl\u00f3ria ser\u00e1 nesta quinta-feira, 30"},"content":{"rendered":"<p>Faleceu na tarde desta quarta-feira, 29 de janeiro, Kl\u00e9zia Sousa Andrade, de 37 anos, esposa do vice-prefeito de Nossa Senhora da Gl\u00f3ria, J\u00fanior Gazeta. A Prefeitura Municipal informou que a causa da morte foi uma infec\u00e7\u00e3o generalizada. O vel\u00f3rio ser\u00e1 realizado nesta quinta-feira, 30, e o sepultamento ocorrer\u00e1 no Cemit\u00e9rio Paroquial de Gl\u00f3ria, distante 86 Km de Aracaju.<\/p>\n<p>A perda acontece poucos dias ap\u00f3s a posse de J\u00fanior Gazeta como vice-prefeito do munic\u00edpio, em 1\u00ba de janeiro. Em reconhecimento aos servi\u00e7os prestados por Kl\u00e9zia ao munic\u00edpio, a Prefeitura de Nossa Senhora da Gl\u00f3ria decretou luto oficial de tr\u00eas dias.<\/p>\n<div id=\"attachment_146226\" style=\"width: 595px\" class=\"wp-caption aligncenter\"><a href=\"https:\/\/senoticias.com.br\/se\/wp-content\/uploads\/2025\/01\/Morte-de-Klezia-SE-Noticias.jpeg\"><img loading=\"lazy\" decoding=\"async\" aria-describedby=\"caption-attachment-146226\" class=\"size-full wp-image-146226\" src=\"https:\/\/senoticias.com.br\/se\/wp-content\/uploads\/2025\/01\/Morte-de-Klezia-SE-Noticias.jpeg\" alt=\"\" width=\"585\" height=\"582\" srcset=\"https:\/\/senoticias.com.br\/se\/wp-content\/uploads\/2025\/01\/Morte-de-Klezia-SE-Noticias.jpeg 585w, https:\/\/senoticias.com.br\/se\/wp-content\/uploads\/2025\/01\/Morte-de-Klezia-SE-Noticias-300x298.jpeg 300w, https:\/\/senoticias.com.br\/se\/wp-content\/uploads\/2025\/01\/Morte-de-Klezia-SE-Noticias-150x150.jpeg 150w\" sizes=\"(max-width: 585px) 100vw, 585px\" \/><\/a><p id=\"caption-attachment-146226\" class=\"wp-caption-text\">Kl\u00e9zia deixa o esposo, vice-prefeito J\u00fanior Gazeta, e uma filha de 5 anos &#8211; Foto: arquivo pessoal<\/p><\/div>\n<p>Kl\u00e9zia exercia a fun\u00e7\u00e3o de Diretora do Setor de Tributos do munic\u00edpio de Gl\u00f3ria e deu entrada no Hospital Regional da cidade na ter\u00e7a-feira, 28, por volta das 13h, apresentando um quadro de fraqueza. Devido \u00e0 piora em seu estado de sa\u00fade, foi transferida para o Hospital S\u00e3o Jos\u00e9, em Aracaju, onde veio a \u00f3bito \u00e0s 15h desta quarta-feira.<\/p>\n<p>&nbsp;<\/p>\n<p><strong><em>Acompanhe tamb\u00e9m o SE Not\u00edcias no\u00a0<a href=\"https:\/\/www.instagram.com\/senoticias\/\" target=\"_blank\" rel=\"noreferrer noopener\">Instagram<\/a><\/em><\/strong>,\u00a0<strong><em>\u00a0<a href=\"https:\/\/www.facebook.com\/senoticias1\" target=\"_blank\" rel=\"noreferrer noopener\">Facebook<\/a>\u00a0e\u00a0no<\/em>\u00a0<em><a href=\"https:\/\/twitter.com\/Senoticias\">X<\/a><\/em><\/strong><\/p>\n<p>Com informa\u00e7\u00f5es do FANF1<\/p>\n","protected":false},"excerpt":{"rendered":"<p>Faleceu na tarde desta quarta-feira, 29 de janeiro, Kl\u00e9zia Sousa Andrade, de 37 anos, esposa do vice-prefeito de Nossa Senhora da Gl\u00f3ria, J\u00fanior Gazeta. A Prefeitura Municipal informou que a causa da morte foi uma infec\u00e7\u00e3o generalizada. O vel\u00f3rio ser\u00e1 realizado nesta quinta-feira, 30, e o sepultamento ocorrer\u00e1 no Cemit\u00e9rio Paroquial de Gl\u00f3ria, distante 86 [&hellip;]<\/p>\n","protected":false},"author":6557,"featured_media":146226,"comment_status":"closed","ping_status":"closed","sticky":false,"template":"","format":"standard","meta":{"footnotes":""},"categories":[15,38],"tags":[43101,43099,43100],"class_list":{"0":"post-146225","1":"post","2":"type-post","3":"status-publish","4":"format-standard","5":"has-post-thumbnail","7":"category-destaques","8":"category-municipios","9":"tag-esposa-de-junior-gazeta","10":"tag-klezia-sousa-andrade","11":"tag-prefeitura-municipal-de-gloria"},"_links":{"self":[{"href":"https:\/\/senoticias.com.br\/se\/wp-json\/wp\/v2\/posts\/146225"}],"collection":[{"href":"https:\/\/senoticias.com.br\/se\/wp-json\/wp\/v2\/posts"}],"about":[{"href":"https:\/\/senoticias.com.br\/se\/wp-json\/wp\/v2\/types\/post"}],"author":[{"embeddable":true,"href":"https:\/\/senoticias.com.br\/se\/wp-json\/wp\/v2\/users\/6557"}],"replies":[{"embeddable":true,"href":"https:\/\/senoticias.com.br\/se\/wp-json\/wp\/v2\/comments?post=146225"}],"version-history":[{"count":0,"href":"https:\/\/senoticias.com.br\/se\/wp-json\/wp\/v2\/posts\/146225\/revisions"}],"wp:featuredmedia":[{"embeddable":true,"href":"https:\/\/senoticias.com.br\/se\/wp-json\/wp\/v2\/media\/146226"}],"wp:attachment":[{"href":"https:\/\/senoticias.com.br\/se\/wp-json\/wp\/v2\/media?parent=146225"}],"wp:term":[{"taxonomy":"category","embeddable":true,"href":"https:\/\/senoticias.com.br\/se\/wp-json\/wp\/v2\/categories?post=146225"},{"taxonomy":"post_tag","embeddable":true,"href":"https:\/\/senoticias.com.br\/se\/wp-json\/wp\/v2\/tags?post=146225"}],"curies":[{"name":"wp","href":"https:\/\/api.w.org\/{rel}","templated":true}]}}