{"id":146217,"date":"2025-01-29T14:41:48","date_gmt":"2025-01-29T17:41:48","guid":{"rendered":"https:\/\/senoticias.com.br\/se\/?p=146217"},"modified":"2025-01-29T15:44:53","modified_gmt":"2025-01-29T18:44:53","slug":"sebrae-recebe-emenda-para-investimento-na-economia-local","status":"publish","type":"post","link":"https:\/\/senoticias.com.br\/se\/sebrae-recebe-emenda-para-investimento-na-economia-local\/","title":{"rendered":"Senador Alessandro destina emenda de  R$ 500 mil para fomentar a atua\u00e7\u00e3o do sistema Sebrae e sua rede de parceiros"},"content":{"rendered":"<p>O Sebrae\/SE recebeu uma emenda parlamentar de R$500 mil destinada ao fortalecimento da economia de Sergipe. A emenda de n\u00famero 41440012, foi apresentada pelo senador Alessandro Vieira e aprovada por meio do Minist\u00e9rio do Empreendedorismo, da Microempresa e da Empresa de Pequeno Porte, com o objetivo de fomentar a atua\u00e7\u00e3o do sistema Sebrae e sua rede de parceiros, na promo\u00e7\u00e3o e fomento do empreendedorismo e na implementa\u00e7\u00e3o de medidas de melhoria do ambiente de neg\u00f3cios para a dinamiza\u00e7\u00e3o e desenvolvimento da economia de Sergipe.<\/p>\n<div id=\"attachment_146218\" style=\"width: 564px\" class=\"wp-caption aligncenter\"><a href=\"https:\/\/senoticias.com.br\/se\/wp-content\/uploads\/2025\/01\/Sebrae-Sergipe-SE-Noticias.jpg\"><img loading=\"lazy\" decoding=\"async\" aria-describedby=\"caption-attachment-146218\" class=\"size-full wp-image-146218\" src=\"https:\/\/senoticias.com.br\/se\/wp-content\/uploads\/2025\/01\/Sebrae-Sergipe-SE-Noticias.jpg\" alt=\"\" width=\"554\" height=\"415\" srcset=\"https:\/\/senoticias.com.br\/se\/wp-content\/uploads\/2025\/01\/Sebrae-Sergipe-SE-Noticias.jpg 554w, https:\/\/senoticias.com.br\/se\/wp-content\/uploads\/2025\/01\/Sebrae-Sergipe-SE-Noticias-300x225.jpg 300w, https:\/\/senoticias.com.br\/se\/wp-content\/uploads\/2025\/01\/Sebrae-Sergipe-SE-Noticias-45x35.jpg 45w\" sizes=\"(max-width: 554px) 100vw, 554px\" \/><\/a><p id=\"caption-attachment-146218\" class=\"wp-caption-text\">Emenda de R$ 500 mil visa fomentar a atua\u00e7\u00e3o do sistema Sebrae e sua rede de parceiros &#8211; Foto: ascom\/divulga\u00e7\u00e3o<\/p><\/div>\n<p>A superintendente do Sebrae\/SE, Priscila Felizola, ressaltou a import\u00e2ncia da emenda para a gera\u00e7\u00e3o de emprego e renda no estado. \u201cEssa emenda \u00e9 um passo fundamental para fortalecer os pequenos neg\u00f3cios em Sergipe, especialmente em tempos de desafios econ\u00f4micos. Com os recursos destinados, poderemos intensificar as a\u00e7\u00f5es que j\u00e1 realizamos, proporcionando aos empreendedores sergipanos mais capacita\u00e7\u00e3o, acesso a ferramentas de gest\u00e3o e um ambiente mais prop\u00edcio para o crescimento\u201d, expressou a superintendente.<\/p>\n<p>A proposta, reconhecida pelo n\u00famero 365\/2024, tem como principal foco fortalecer o artesanato, os microempreendedores individuais (MEIs), as microempresas (MEs) e as empresas de pequeno porte em Sergipe (EPPs), criando um ambiente de neg\u00f3cios favor\u00e1vel e integrando a\u00e7\u00f5es ao Programa ACREDITA \u2013 PROCRED 360, atrav\u00e9s da promo\u00e7\u00e3o de produtos como cursos, palestras, orienta\u00e7\u00f5es e consultorias.<\/p>\n<p>&#8220;Com a destina\u00e7\u00e3o de 500 mil reais ao Sebrae, nosso compromisso \u00e9 impulsionar o empreendedorismo e criar um ambiente de neg\u00f3cios mais din\u00e2mico e favor\u00e1vel para os pequenos empreendedores de Sergipe. O fortalecimento do artesanato, dos MEIs, microempresas e empresas de pequeno porte ser\u00e1 fundamental para promover a gera\u00e7\u00e3o de emprego e renda no estado. A integra\u00e7\u00e3o com o Programa ACREDITA \u2013 PROCRED 360 \u00e9 uma oportunidade \u00edmpar para oferecer capacita\u00e7\u00e3o, consultorias especializadas e ferramentas essenciais para a formaliza\u00e7\u00e3o e gest\u00e3o eficiente. Espero que, com essas a\u00e7\u00f5es, possamos n\u00e3o s\u00f3 incentivar a participa\u00e7\u00e3o em eventos e feiras, mas tamb\u00e9m contribuir para um ciclo de desenvolvimento sustent\u00e1vel e para a expans\u00e3o do mercado local, com impacto positivo para a economia de Sergipe&#8221;, comentou Alessandro Vieira, senador da Rep\u00fablica por Sergipe.<\/p>\n<p>A iniciativa busca, atrav\u00e9s de a\u00e7\u00f5es como treinamentos e consultorias cont\u00ednuas e especializadas, fortalecer a economia local, aumentar a competitividade e incentivar o desenvolvimento sustent\u00e1vel dos pequenos neg\u00f3cios em Sergipe.<\/p>\n<p><strong><em>Acompanhe tamb\u00e9m o SE Not\u00edcias no\u00a0<a href=\"https:\/\/www.instagram.com\/senoticias\/\" target=\"_blank\" rel=\"noreferrer noopener\">Instagram<\/a><\/em><\/strong>,\u00a0<strong><em>\u00a0<a href=\"https:\/\/www.facebook.com\/senoticias1\" target=\"_blank\" rel=\"noreferrer noopener\">Facebook<\/a>\u00a0e\u00a0no<\/em>\u00a0<em><a href=\"https:\/\/twitter.com\/Senoticias\">X<\/a><\/em><\/strong><\/p>\n<p>Da Assessoria de Imprensa<\/p>\n","protected":false},"excerpt":{"rendered":"<p>O Sebrae\/SE recebeu uma emenda parlamentar de R$500 mil destinada ao fortalecimento da economia de Sergipe. A emenda de n\u00famero 41440012, foi apresentada pelo senador Alessandro Vieira e aprovada por meio do Minist\u00e9rio do Empreendedorismo, da Microempresa e da Empresa de Pequeno Porte, com o objetivo de fomentar a atua\u00e7\u00e3o do sistema Sebrae e sua [&hellip;]<\/p>\n","protected":false},"author":6557,"featured_media":146218,"comment_status":"closed","ping_status":"closed","sticky":false,"template":"","format":"standard","meta":{"footnotes":""},"categories":[15,6],"tags":[43098,2129,11299],"class_list":{"0":"post-146217","1":"post","2":"type-post","3":"status-publish","4":"format-standard","5":"has-post-thumbnail","7":"category-destaques","8":"category-politica","9":"tag-economia-local","10":"tag-sebrae-sergipe","11":"tag-senador-alessandro-vieira"},"_links":{"self":[{"href":"https:\/\/senoticias.com.br\/se\/wp-json\/wp\/v2\/posts\/146217"}],"collection":[{"href":"https:\/\/senoticias.com.br\/se\/wp-json\/wp\/v2\/posts"}],"about":[{"href":"https:\/\/senoticias.com.br\/se\/wp-json\/wp\/v2\/types\/post"}],"author":[{"embeddable":true,"href":"https:\/\/senoticias.com.br\/se\/wp-json\/wp\/v2\/users\/6557"}],"replies":[{"embeddable":true,"href":"https:\/\/senoticias.com.br\/se\/wp-json\/wp\/v2\/comments?post=146217"}],"version-history":[{"count":0,"href":"https:\/\/senoticias.com.br\/se\/wp-json\/wp\/v2\/posts\/146217\/revisions"}],"wp:featuredmedia":[{"embeddable":true,"href":"https:\/\/senoticias.com.br\/se\/wp-json\/wp\/v2\/media\/146218"}],"wp:attachment":[{"href":"https:\/\/senoticias.com.br\/se\/wp-json\/wp\/v2\/media?parent=146217"}],"wp:term":[{"taxonomy":"category","embeddable":true,"href":"https:\/\/senoticias.com.br\/se\/wp-json\/wp\/v2\/categories?post=146217"},{"taxonomy":"post_tag","embeddable":true,"href":"https:\/\/senoticias.com.br\/se\/wp-json\/wp\/v2\/tags?post=146217"}],"curies":[{"name":"wp","href":"https:\/\/api.w.org\/{rel}","templated":true}]}}