{"id":146215,"date":"2025-01-29T11:32:20","date_gmt":"2025-01-29T14:32:20","guid":{"rendered":"https:\/\/senoticias.com.br\/se\/?p=146215"},"modified":"2025-01-29T11:32:20","modified_gmt":"2025-01-29T14:32:20","slug":"policia-federal-combate-fraudes-bancarias-no-interior-da-bahia-e-sergipe","status":"publish","type":"post","link":"https:\/\/senoticias.com.br\/se\/policia-federal-combate-fraudes-bancarias-no-interior-da-bahia-e-sergipe\/","title":{"rendered":"Pol\u00edcia Federal combate fraudes banc\u00e1rias no interior da Bahia e Sergipe"},"content":{"rendered":"<p>A Pol\u00edcia Federal deflagra, na manh\u00e3 desta quarta-feira (29\/1), a <strong>Opera\u00e7\u00e3o Sharper<\/strong>, com o objetivo de cumprir mandados judiciais decorrentes de investiga\u00e7\u00e3o relativa a fraudes cometidas contra a Caixa Econ\u00f4mica Federal e outras institui\u00e7\u00f5es banc\u00e1rias.<\/p>\n<p>A investiga\u00e7\u00e3o contou com o apoio da Centralizadora Nacional de Seguran\u00e7a e Preven\u00e7\u00e3o a Fraude (CEFRA) da Caixa Econ\u00f4mica Federal e detectou a abertura de oito contas banc\u00e1rias, em ag\u00eancias da Caixa Econ\u00f4mica Federal de Feira de Santana\/BA, Am\u00e9lia Rodrigues\/BA, Riach\u00e3o do Jacu\u00edpe\/Ba e Aracaj\u00fa\/SE com a utiliza\u00e7\u00e3o de documentos falsos, com o \u00fanico intuito de obter recursos atrav\u00e9s de empr\u00e9stimos fraudulentos.<\/p>\n<div id=\"attachment_146216\" style=\"width: 607px\" class=\"wp-caption aligncenter\"><a href=\"https:\/\/senoticias.com.br\/se\/wp-content\/uploads\/2025\/01\/Policia-Federal-Se-Noticias.jpeg\"><img loading=\"lazy\" decoding=\"async\" aria-describedby=\"caption-attachment-146216\" class=\"size-full wp-image-146216\" src=\"https:\/\/senoticias.com.br\/se\/wp-content\/uploads\/2025\/01\/Policia-Federal-Se-Noticias.jpeg\" alt=\"\" width=\"597\" height=\"423\" srcset=\"https:\/\/senoticias.com.br\/se\/wp-content\/uploads\/2025\/01\/Policia-Federal-Se-Noticias.jpeg 597w, https:\/\/senoticias.com.br\/se\/wp-content\/uploads\/2025\/01\/Policia-Federal-Se-Noticias-300x213.jpeg 300w\" sizes=\"(max-width: 597px) 100vw, 597px\" \/><\/a><p id=\"caption-attachment-146216\" class=\"wp-caption-text\">Est\u00e3o sendo cumpridos sete mandados de busca e apreens\u00e3o e sete mandados de pris\u00e3o preventiva, nas cidades de Feira de Santana\/BA, Santo Ant\u00f4nio de Jesus\/BA e Itaporanga D\u00b4Ajuda &#8211; Foto: arquivo\/PF<\/p><\/div>\n<p>Apurou-se, at\u00e9 agora, que os fraudadores faziam diversos empr\u00e9stimos, atrav\u00e9s das contas banc\u00e1rias fraudadas, causando um preju\u00edzo que ultrapassa a cifra de R$ 240 mil para as institui\u00e7\u00f5es banc\u00e1rias envolvidas.<\/p>\n<p>A Pol\u00edcia Federal passou a seguir o destino dado ao dinheiro que entrava nas contas banc\u00e1rias abertas com documentos falsos e identificou parte do grupo beneficiado com as fraudes.<\/p>\n<p>Est\u00e3o sendo cumpridos sete mandados de busca e apreens\u00e3o (cinco na cidade de Feira de Santana\/BA, um em Santo Ant\u00f4nio de Jesus\/BA e um em Itaporanga D\u00b4Ajuda\/SE) e sete mandados de pris\u00e3o preventiva, todos expedidos pela 2\u00aa Vara Federal da Se\u00e7\u00e3o Judici\u00e1ria de Feira de Santana\/BA.<\/p>\n<p>O nome da opera\u00e7\u00e3o \u2013 SHARPER &#8211; se deve \u00e0 utiliza\u00e7\u00e3o de trapa\u00e7a pelos fraudadores, com a adultera\u00e7\u00e3o de informa\u00e7\u00f5es biom\u00e9tricas das carteiras de identidade utilizadas para abertura das contas banc\u00e1rias, nas quais eram inseridas a fotografia e impress\u00e3o digital de integrantes do grupo criminoso, mantendo no verso os dados verdadeiros dos documentos de identifica\u00e7\u00e3o.<\/p>\n<p>Os investigados ir\u00e3o responder pelos crimes de associa\u00e7\u00e3o criminosa e estelionato.<\/p>\n<p><strong><em>Acompanhe tamb\u00e9m o SE Not\u00edcias no\u00a0<a href=\"https:\/\/www.instagram.com\/senoticias\/\" target=\"_blank\" rel=\"noreferrer noopener\">Instagram<\/a><\/em><\/strong>,\u00a0<strong><em>\u00a0<a href=\"https:\/\/www.facebook.com\/senoticias1\" target=\"_blank\" rel=\"noreferrer noopener\">Facebook<\/a>\u00a0e\u00a0no<\/em>\u00a0<em><a href=\"https:\/\/twitter.com\/Senoticias\">X<\/a><\/em><\/strong><\/p>\n<p>Comunica\u00e7\u00e3o Social da Pol\u00edcia Federal na Bahia<\/p>\n<p>&nbsp;<\/p>\n","protected":false},"excerpt":{"rendered":"<p>A Pol\u00edcia Federal deflagra, na manh\u00e3 desta quarta-feira (29\/1), a Opera\u00e7\u00e3o Sharper, com o objetivo de cumprir mandados judiciais decorrentes de investiga\u00e7\u00e3o relativa a fraudes cometidas contra a Caixa Econ\u00f4mica Federal e outras institui\u00e7\u00f5es banc\u00e1rias. A investiga\u00e7\u00e3o contou com o apoio da Centralizadora Nacional de Seguran\u00e7a e Preven\u00e7\u00e3o a Fraude (CEFRA) da Caixa Econ\u00f4mica Federal [&hellip;]<\/p>\n","protected":false},"author":6557,"featured_media":146216,"comment_status":"closed","ping_status":"closed","sticky":false,"template":"","format":"standard","meta":{"footnotes":""},"categories":[15,7],"tags":[5086,34706,43097,1947],"class_list":{"0":"post-146215","1":"post","2":"type-post","3":"status-publish","4":"format-standard","5":"has-post-thumbnail","7":"category-destaques","8":"category-policia","9":"tag-busca-e-apreensao","10":"tag-fraudes-bancarias","11":"tag-operacao-sharper","12":"tag-policia-federal"},"_links":{"self":[{"href":"https:\/\/senoticias.com.br\/se\/wp-json\/wp\/v2\/posts\/146215"}],"collection":[{"href":"https:\/\/senoticias.com.br\/se\/wp-json\/wp\/v2\/posts"}],"about":[{"href":"https:\/\/senoticias.com.br\/se\/wp-json\/wp\/v2\/types\/post"}],"author":[{"embeddable":true,"href":"https:\/\/senoticias.com.br\/se\/wp-json\/wp\/v2\/users\/6557"}],"replies":[{"embeddable":true,"href":"https:\/\/senoticias.com.br\/se\/wp-json\/wp\/v2\/comments?post=146215"}],"version-history":[{"count":0,"href":"https:\/\/senoticias.com.br\/se\/wp-json\/wp\/v2\/posts\/146215\/revisions"}],"wp:featuredmedia":[{"embeddable":true,"href":"https:\/\/senoticias.com.br\/se\/wp-json\/wp\/v2\/media\/146216"}],"wp:attachment":[{"href":"https:\/\/senoticias.com.br\/se\/wp-json\/wp\/v2\/media?parent=146215"}],"wp:term":[{"taxonomy":"category","embeddable":true,"href":"https:\/\/senoticias.com.br\/se\/wp-json\/wp\/v2\/categories?post=146215"},{"taxonomy":"post_tag","embeddable":true,"href":"https:\/\/senoticias.com.br\/se\/wp-json\/wp\/v2\/tags?post=146215"}],"curies":[{"name":"wp","href":"https:\/\/api.w.org\/{rel}","templated":true}]}}