{"id":146206,"date":"2025-01-28T15:16:00","date_gmt":"2025-01-28T18:16:00","guid":{"rendered":"https:\/\/senoticias.com.br\/se\/?p=146206"},"modified":"2025-01-28T15:16:00","modified_gmt":"2025-01-28T18:16:00","slug":"mulher-de-42-anos-morre-e-ses-confirma-primeira-morte-por-dengue-em-2025","status":"publish","type":"post","link":"https:\/\/senoticias.com.br\/se\/mulher-de-42-anos-morre-e-ses-confirma-primeira-morte-por-dengue-em-2025\/","title":{"rendered":"Mulher de 42 anos morre e SES confirma primeira morte por dengue em 2025"},"content":{"rendered":"<p>Nesta ter\u00e7a-feira (28), a Secretaria de Estado da Sa\u00fade (SES) confirmou a primeira morte por dengue em 2025. A v\u00edtima foi uma mulher de 42 anos, moradora do bairro Jos\u00e9 Conrado de Ara\u00fajo, em Aracaju.<\/p>\n<p>A SES tamb\u00e9m informou que h\u00e1 um segundo caso suspeito, que est\u00e1 sendo investigado pela Vigil\u00e2ncia Epidemiol\u00f3gica.<\/p>\n<p>&#8220;\u00c9 importante que a popula\u00e7\u00e3o continue com os cuidados redobrados para o controle e evitar a prolifera\u00e7\u00e3o do Aedes aegypti, transmissor da dengue, como retirar o lixo acumulado nos quintais da resid\u00eancia, observar os reservat\u00f3rios de \u00e1gua e limpar as calhas dos telhados. Outra medida preventiva \u00e9 a vacina contra a dengue&#8221;, orientou a SES por meio de nota.<\/p>\n<p>O p\u00fablico-alvo da vacina\u00e7\u00e3o s\u00e3o crian\u00e7as de 10 a 14 anos. O imunizante est\u00e1 dispon\u00edvel nas Unidades B\u00e1sicas de Sa\u00fade (UBSs) e deve ser administrado em duas doses, com intervalo de tr\u00eas meses entre elas.<\/p>\n<div id=\"attachment_134855\" style=\"width: 598px\" class=\"wp-caption aligncenter\"><a href=\"https:\/\/senoticias.com.br\/se\/wp-content\/uploads\/2022\/11\/Dengue-SE-Noticias.jpeg\"><img loading=\"lazy\" decoding=\"async\" aria-describedby=\"caption-attachment-134855\" class=\"size-full wp-image-134855\" src=\"https:\/\/senoticias.com.br\/se\/wp-content\/uploads\/2022\/11\/Dengue-SE-Noticias.jpeg\" alt=\"\" width=\"588\" height=\"461\" srcset=\"https:\/\/senoticias.com.br\/se\/wp-content\/uploads\/2022\/11\/Dengue-SE-Noticias.jpeg 588w, https:\/\/senoticias.com.br\/se\/wp-content\/uploads\/2022\/11\/Dengue-SE-Noticias-300x235.jpeg 300w, https:\/\/senoticias.com.br\/se\/wp-content\/uploads\/2022\/11\/Dengue-SE-Noticias-45x35.jpeg 45w\" sizes=\"(max-width: 588px) 100vw, 588px\" \/><\/a><p id=\"caption-attachment-134855\" class=\"wp-caption-text\">Segundo a SES, neste ano, j\u00e1 s\u00e3o 261 amostras analisadas e 13 positivadas &#8211; Foto: arquivo\/Abr<\/p><\/div>\n<p><strong>Sintomas<\/strong><\/p>\n<p>Os sintomas da dengue incluem febre, dor de cabe\u00e7a, dor no corpo e sinais espec\u00edficos da doen\u00e7a. A SES orienta que, ao sentir esses sintomas, a pessoa procure imediatamente a Unidade B\u00e1sica de Sa\u00fade mais pr\u00f3xima para avalia\u00e7\u00e3o m\u00e9dica.<\/p>\n<p><strong><em>Acompanhe tamb\u00e9m o SE Not\u00edcias no\u00a0<a href=\"https:\/\/www.instagram.com\/senoticias\/\" target=\"_blank\" rel=\"noreferrer noopener\">Instagram<\/a><\/em><\/strong>,\u00a0<strong><em>\u00a0<a href=\"https:\/\/www.facebook.com\/senoticias1\" target=\"_blank\" rel=\"noreferrer noopener\">Facebook<\/a>\u00a0e\u00a0no<\/em>\u00a0<em><a href=\"https:\/\/twitter.com\/Senoticias\">X<\/a><\/em><\/strong><\/p>\n<p>Fonte: A8se.com<\/p>\n","protected":false},"excerpt":{"rendered":"<p>Nesta ter\u00e7a-feira (28), a Secretaria de Estado da Sa\u00fade (SES) confirmou a primeira morte por dengue em 2025. A v\u00edtima foi uma mulher de 42 anos, moradora do bairro Jos\u00e9 Conrado de Ara\u00fajo, em Aracaju. A SES tamb\u00e9m informou que h\u00e1 um segundo caso suspeito, que est\u00e1 sendo investigado pela Vigil\u00e2ncia Epidemiol\u00f3gica. &#8220;\u00c9 importante que [&hellip;]<\/p>\n","protected":false},"author":6557,"featured_media":134855,"comment_status":"closed","ping_status":"closed","sticky":false,"template":"","format":"standard","meta":{"footnotes":""},"categories":[15,6],"tags":[43094,6385,10898],"class_list":{"0":"post-146206","1":"post","2":"type-post","3":"status-publish","4":"format-standard","5":"has-post-thumbnail","7":"category-destaques","8":"category-politica","9":"tag-morte-por-dengue","10":"tag-secretaria-de-estado-da-saude","11":"tag-vigilancia-epidemiologica"},"_links":{"self":[{"href":"https:\/\/senoticias.com.br\/se\/wp-json\/wp\/v2\/posts\/146206"}],"collection":[{"href":"https:\/\/senoticias.com.br\/se\/wp-json\/wp\/v2\/posts"}],"about":[{"href":"https:\/\/senoticias.com.br\/se\/wp-json\/wp\/v2\/types\/post"}],"author":[{"embeddable":true,"href":"https:\/\/senoticias.com.br\/se\/wp-json\/wp\/v2\/users\/6557"}],"replies":[{"embeddable":true,"href":"https:\/\/senoticias.com.br\/se\/wp-json\/wp\/v2\/comments?post=146206"}],"version-history":[{"count":0,"href":"https:\/\/senoticias.com.br\/se\/wp-json\/wp\/v2\/posts\/146206\/revisions"}],"wp:featuredmedia":[{"embeddable":true,"href":"https:\/\/senoticias.com.br\/se\/wp-json\/wp\/v2\/media\/134855"}],"wp:attachment":[{"href":"https:\/\/senoticias.com.br\/se\/wp-json\/wp\/v2\/media?parent=146206"}],"wp:term":[{"taxonomy":"category","embeddable":true,"href":"https:\/\/senoticias.com.br\/se\/wp-json\/wp\/v2\/categories?post=146206"},{"taxonomy":"post_tag","embeddable":true,"href":"https:\/\/senoticias.com.br\/se\/wp-json\/wp\/v2\/tags?post=146206"}],"curies":[{"name":"wp","href":"https:\/\/api.w.org\/{rel}","templated":true}]}}