{"id":146203,"date":"2025-01-28T12:15:10","date_gmt":"2025-01-28T15:15:10","guid":{"rendered":"https:\/\/senoticias.com.br\/se\/?p=146203"},"modified":"2025-01-28T12:28:32","modified_gmt":"2025-01-28T15:28:32","slug":"prazo-para-solicitacao-de-policiamento-em-eventos-carnavalescos-termina-nesta-sexta-feira","status":"publish","type":"post","link":"https:\/\/senoticias.com.br\/se\/prazo-para-solicitacao-de-policiamento-em-eventos-carnavalescos-termina-nesta-sexta-feira\/","title":{"rendered":"Prazo para solicita\u00e7\u00e3o de policiamento em eventos carnavalescos termina nesta sexta-feira"},"content":{"rendered":"<p>Com a proximidade do per\u00edodo carnavalesco, a Secretaria da Seguran\u00e7a P\u00fablica (SSP) informa que o prazo para solicita\u00e7\u00e3o de policiamento perif\u00e9rico, ordin\u00e1rio ou de ordenamento de tr\u00e2nsito dos eventos realizados durante o Carnaval em Sergipe termina nesta sexta-feira, 31 de janeiro de 2025. J\u00e1 est\u00e3o em an\u00e1lise 70 pedidos de policiamento feitos \u00e0 corpora\u00e7\u00e3o para o carnaval deste ano. A solicita\u00e7\u00e3o deve ser encaminhada por meio de of\u00edcio \u00e0 Pol\u00edcia Militar, em conformidade com as diretrizes da corpora\u00e7\u00e3o.<\/p>\n<p>As normas de solicita\u00e7\u00e3o de policiamento perif\u00e9rico, ordin\u00e1rio ou de ordenamento de tr\u00e2nsito s\u00e3o regidas pela portaria n\u00ba 99\/2023. \u201cJ\u00e1 o organizador do evento ficar\u00e1 respons\u00e1vel pela seguran\u00e7a e manuten\u00e7\u00e3o da ordem na \u00e1rea interna do local do evento\u201d, explicou o tenente-coronel Edson Oliveira, integrante da Assessoria de Comunica\u00e7\u00e3o da Pol\u00edcia Militar.<\/p>\n<div id=\"attachment_146204\" style=\"width: 603px\" class=\"wp-caption aligncenter\"><a href=\"https:\/\/senoticias.com.br\/se\/wp-content\/uploads\/2025\/01\/Policiamento-no-carnaval-SE-Noticias.jpg\"><img loading=\"lazy\" decoding=\"async\" aria-describedby=\"caption-attachment-146204\" class=\"size-full wp-image-146204\" src=\"https:\/\/senoticias.com.br\/se\/wp-content\/uploads\/2025\/01\/Policiamento-no-carnaval-SE-Noticias.jpg\" alt=\"\" width=\"593\" height=\"410\" srcset=\"https:\/\/senoticias.com.br\/se\/wp-content\/uploads\/2025\/01\/Policiamento-no-carnaval-SE-Noticias.jpg 593w, https:\/\/senoticias.com.br\/se\/wp-content\/uploads\/2025\/01\/Policiamento-no-carnaval-SE-Noticias-300x207.jpg 300w\" sizes=\"(max-width: 593px) 100vw, 593px\" \/><\/a><p id=\"caption-attachment-146204\" class=\"wp-caption-text\">Informa\u00e7\u00f5es sobre os eventos s\u00e3o necess\u00e1rias para planejamento de policiamento perif\u00e9rico, ordin\u00e1rio e de ordenamento de tr\u00e2nsito &#8211; Foto: PM\/SE<\/p><\/div>\n<p>Para eventos que ir\u00e3o ocorrer em Aracaju, S\u00e3o Crist\u00f3v\u00e3o, Nossa Senhora do Socorro, Barra dos Coqueiros, Itaporanga D\u2019Ajuda, Laranjeiras, Divina Pastora, Riachuelo, Maruim e Santo Amaro das Brotas, o of\u00edcio deve ser protocolado junto ao Comando do Policiamento Militar da Capital (CPMC). O CPMC fica localizado na Avenida Jo\u00e3o Ribeiro, 1144, no bairro Santo Ant\u00f4nio, na capital sergipana.<\/p>\n<p>J\u00e1 para os eventos que ir\u00e3o acontecer nos demais munic\u00edpios sergipanos, o of\u00edcio deve ser protocolado junto ao Comando do Policiamento Militar do Interior (CPMI), que tamb\u00e9m fica localizado na Avenida Jo\u00e3o Ribeiro, 1144, no bairro Santo Ant\u00f4nio, em Aracaju.<\/p>\n<p><strong>Procedimento de solicita\u00e7\u00e3o<\/strong><\/p>\n<p>Ainda segundo o tenente-coronel Edson Oliveira, a solicita\u00e7\u00e3o \u00e9 feita mediante of\u00edcio simples. \u201c\u00c9 preciso conter informa\u00e7\u00f5es acerca do local do evento. Nos casos de blocos, que sejam colocadas as vias que ser\u00e3o utilizadas, se vai haver palco ou uso de trio. Todas as informa\u00e7\u00f5es que contribuam para o policiamento. Os 30 dias que antecedem o carnaval \u00e9 um prazo razo\u00e1vel para que a corpora\u00e7\u00e3o possa alocar o policiamento para atender a essa demanda de seguran\u00e7a p\u00fablica\u201d, finalizou o tenente-coronel.<\/p>\n<p><strong><em>Acompanhe tamb\u00e9m o SE Not\u00edcias no\u00a0<a href=\"https:\/\/www.instagram.com\/senoticias\/\" target=\"_blank\" rel=\"noreferrer noopener\">Instagram<\/a><\/em><\/strong>,\u00a0<strong><em>\u00a0<a href=\"https:\/\/www.facebook.com\/senoticias1\" target=\"_blank\" rel=\"noreferrer noopener\">Facebook<\/a>\u00a0e\u00a0no<\/em>\u00a0<em><a href=\"https:\/\/twitter.com\/Senoticias\">X<\/a><\/em><\/strong><\/p>\n<p>Fonte: SSP\/SE<\/p>\n","protected":false},"excerpt":{"rendered":"<p>Com a proximidade do per\u00edodo carnavalesco, a Secretaria da Seguran\u00e7a P\u00fablica (SSP) informa que o prazo para solicita\u00e7\u00e3o de policiamento perif\u00e9rico, ordin\u00e1rio ou de ordenamento de tr\u00e2nsito dos eventos realizados durante o Carnaval em Sergipe termina nesta sexta-feira, 31 de janeiro de 2025. J\u00e1 est\u00e3o em an\u00e1lise 70 pedidos de policiamento feitos \u00e0 corpora\u00e7\u00e3o para [&hellip;]<\/p>\n","protected":false},"author":6557,"featured_media":146204,"comment_status":"closed","ping_status":"closed","sticky":false,"template":"","format":"standard","meta":{"footnotes":""},"categories":[15,7,1],"tags":[58,86,3000],"class_list":{"0":"post-146203","1":"post","2":"type-post","3":"status-publish","4":"format-standard","5":"has-post-thumbnail","7":"category-destaques","8":"category-policia","9":"category-sem-categoria","10":"tag-carnaval","11":"tag-policia-militar","12":"tag-policiamento"},"_links":{"self":[{"href":"https:\/\/senoticias.com.br\/se\/wp-json\/wp\/v2\/posts\/146203"}],"collection":[{"href":"https:\/\/senoticias.com.br\/se\/wp-json\/wp\/v2\/posts"}],"about":[{"href":"https:\/\/senoticias.com.br\/se\/wp-json\/wp\/v2\/types\/post"}],"author":[{"embeddable":true,"href":"https:\/\/senoticias.com.br\/se\/wp-json\/wp\/v2\/users\/6557"}],"replies":[{"embeddable":true,"href":"https:\/\/senoticias.com.br\/se\/wp-json\/wp\/v2\/comments?post=146203"}],"version-history":[{"count":0,"href":"https:\/\/senoticias.com.br\/se\/wp-json\/wp\/v2\/posts\/146203\/revisions"}],"wp:featuredmedia":[{"embeddable":true,"href":"https:\/\/senoticias.com.br\/se\/wp-json\/wp\/v2\/media\/146204"}],"wp:attachment":[{"href":"https:\/\/senoticias.com.br\/se\/wp-json\/wp\/v2\/media?parent=146203"}],"wp:term":[{"taxonomy":"category","embeddable":true,"href":"https:\/\/senoticias.com.br\/se\/wp-json\/wp\/v2\/categories?post=146203"},{"taxonomy":"post_tag","embeddable":true,"href":"https:\/\/senoticias.com.br\/se\/wp-json\/wp\/v2\/tags?post=146203"}],"curies":[{"name":"wp","href":"https:\/\/api.w.org\/{rel}","templated":true}]}}