{"id":146187,"date":"2025-01-27T15:33:26","date_gmt":"2025-01-27T18:33:26","guid":{"rendered":"https:\/\/senoticias.com.br\/se\/?p=146187"},"modified":"2025-01-27T15:33:26","modified_gmt":"2025-01-27T18:33:26","slug":"7a-edicao-da-corrida-da-amizade-da-rede-nunes-peixoto-reune-2-mil-participantes-em-itabaiana","status":"publish","type":"post","link":"https:\/\/senoticias.com.br\/se\/7a-edicao-da-corrida-da-amizade-da-rede-nunes-peixoto-reune-2-mil-participantes-em-itabaiana\/","title":{"rendered":"7\u00aa Edi\u00e7\u00e3o da Corrida da Amizade da Rede Nunes Peixoto re\u00fane 2 mil participantes em Itabaiana"},"content":{"rendered":"<p>Itabaiana viveu um domingo de muita alegria com a realiza\u00e7\u00e3o da <strong>7\u00aa edi\u00e7\u00e3o da Corrida da Amizade<\/strong>, promovida pela Rede Nunes Peixoto. O evento esportivo j\u00e1 tradicional no munic\u00edpio bateu recorde de inscri\u00e7\u00f5es, reunindo 2 mil participantes de diversas idades e regi\u00f5es, reafirmando seu sucesso e import\u00e2ncia no calend\u00e1rio da esportivo da regi\u00e3o.<\/p>\n<p><strong>A Corrida da Amizade<\/strong> tamb\u00e9m conta com o apoio fundamental de empresas de parcerias, incluindo distribuidoras e marcas de g\u00eaneros aliment\u00edcios, que colaboraram para enriquecer a experi\u00eancia dos participantes. Foram montados pontos de hidrata\u00e7\u00e3o ao longo da trajet\u00f3ria, al\u00e9m de distribui\u00e7\u00e3o de frutas, lanches e brindes, promovendo n\u00e3o apenas o bem-estar dos corredores, mas tamb\u00e9m um verdadeiro momento de integra\u00e7\u00e3o comunit\u00e1ria.<\/p>\n<div id=\"attachment_146188\" style=\"width: 572px\" class=\"wp-caption aligncenter\"><a href=\"https:\/\/senoticias.com.br\/se\/wp-content\/uploads\/2025\/01\/Corrida-do-Nunes-Peixote-SE-Noticias.jpeg\"><img loading=\"lazy\" decoding=\"async\" aria-describedby=\"caption-attachment-146188\" class=\"size-full wp-image-146188\" src=\"https:\/\/senoticias.com.br\/se\/wp-content\/uploads\/2025\/01\/Corrida-do-Nunes-Peixote-SE-Noticias.jpeg\" alt=\"\" width=\"562\" height=\"375\" srcset=\"https:\/\/senoticias.com.br\/se\/wp-content\/uploads\/2025\/01\/Corrida-do-Nunes-Peixote-SE-Noticias.jpeg 562w, https:\/\/senoticias.com.br\/se\/wp-content\/uploads\/2025\/01\/Corrida-do-Nunes-Peixote-SE-Noticias-300x200.jpeg 300w, https:\/\/senoticias.com.br\/se\/wp-content\/uploads\/2025\/01\/Corrida-do-Nunes-Peixote-SE-Noticias-90x60.jpeg 90w, https:\/\/senoticias.com.br\/se\/wp-content\/uploads\/2025\/01\/Corrida-do-Nunes-Peixote-SE-Noticias-180x120.jpeg 180w, https:\/\/senoticias.com.br\/se\/wp-content\/uploads\/2025\/01\/Corrida-do-Nunes-Peixote-SE-Noticias-95x64.jpeg 95w\" sizes=\"(max-width: 562px) 100vw, 562px\" \/><\/a><p id=\"caption-attachment-146188\" class=\"wp-caption-text\"><br \/>O evento esportivo j\u00e1 tradicional no munic\u00edpio bateu recorde de inscri\u00e7\u00f5es &#8211; Foto: ascom\/divulga\u00e7\u00e3o<\/p><\/div>\n<p>Ao final, todos os participantes receberam medalhas como forma de reconhecimento pelo esfor\u00e7o e pela ades\u00e3o \u00e0 causa da sa\u00fade e do bem-estar. Os primeiros colocados em suas categorias foram premiados, refor\u00e7ando o car\u00e1ter competitivo saud\u00e1vel da corrida.<\/p>\n<p>De acordo com a organizadora e fundadora da corrida, Simone Peixoto, o evento superou todas as expectativas. \u201cEssa edi\u00e7\u00e3o foi muito especial para n\u00f3s. Ver o envolvimento de tantas pessoas e o apoio das empresas parceiras mostra que estamos no caminho certo. A Corrida da Amizade \u00e9 mais do que um evento esportivo; \u00e9 um s\u00edmbolo de uni\u00e3o e comprometimento com a comunidade\u201d, destacou Simone da Rede Nunes Peixoto.<\/p>\n<p>A <strong>7\u00aa Corrida da Amizade<\/strong> reafirma o papel da Rede Nunes Peixoto como incentivadora de a\u00e7\u00f5es sociais e esportivas em Itabaiana e regi\u00e3o, unindo pessoas em prol de um objetivo maior: promover a sa\u00fade, o esporte e os la\u00e7os de amizade que tornam a comunidade ainda mais forte.<\/p>\n<p><strong><em>Acompanhe tamb\u00e9m o SE Not\u00edcias no\u00a0<a href=\"https:\/\/www.instagram.com\/senoticias\/\" target=\"_blank\" rel=\"noreferrer noopener\">Instagram<\/a><\/em><\/strong>,\u00a0<strong><em>\u00a0<a href=\"https:\/\/www.facebook.com\/senoticias1\" target=\"_blank\" rel=\"noreferrer noopener\">Facebook<\/a>\u00a0e\u00a0no<\/em>\u00a0<em><a href=\"https:\/\/twitter.com\/Senoticias\">X<\/a><\/em><\/strong><\/p>\n<p>Da Assessoria de Imprensa<\/p>\n<p>&nbsp;<\/p>\n","protected":false},"excerpt":{"rendered":"<p>Itabaiana viveu um domingo de muita alegria com a realiza\u00e7\u00e3o da 7\u00aa edi\u00e7\u00e3o da Corrida da Amizade, promovida pela Rede Nunes Peixoto. O evento esportivo j\u00e1 tradicional no munic\u00edpio bateu recorde de inscri\u00e7\u00f5es, reunindo 2 mil participantes de diversas idades e regi\u00f5es, reafirmando seu sucesso e import\u00e2ncia no calend\u00e1rio da esportivo da regi\u00e3o. A Corrida [&hellip;]<\/p>\n","protected":false},"author":6557,"featured_media":146188,"comment_status":"closed","ping_status":"closed","sticky":false,"template":"","format":"standard","meta":{"footnotes":""},"categories":[15,38],"tags":[43082,43081],"class_list":{"0":"post-146187","1":"post","2":"type-post","3":"status-publish","4":"format-standard","5":"has-post-thumbnail","7":"category-destaques","8":"category-municipios","9":"tag-7a-edicao-da-corrida-da-amizade","10":"tag-rede-nunes-peixoto"},"_links":{"self":[{"href":"https:\/\/senoticias.com.br\/se\/wp-json\/wp\/v2\/posts\/146187"}],"collection":[{"href":"https:\/\/senoticias.com.br\/se\/wp-json\/wp\/v2\/posts"}],"about":[{"href":"https:\/\/senoticias.com.br\/se\/wp-json\/wp\/v2\/types\/post"}],"author":[{"embeddable":true,"href":"https:\/\/senoticias.com.br\/se\/wp-json\/wp\/v2\/users\/6557"}],"replies":[{"embeddable":true,"href":"https:\/\/senoticias.com.br\/se\/wp-json\/wp\/v2\/comments?post=146187"}],"version-history":[{"count":0,"href":"https:\/\/senoticias.com.br\/se\/wp-json\/wp\/v2\/posts\/146187\/revisions"}],"wp:featuredmedia":[{"embeddable":true,"href":"https:\/\/senoticias.com.br\/se\/wp-json\/wp\/v2\/media\/146188"}],"wp:attachment":[{"href":"https:\/\/senoticias.com.br\/se\/wp-json\/wp\/v2\/media?parent=146187"}],"wp:term":[{"taxonomy":"category","embeddable":true,"href":"https:\/\/senoticias.com.br\/se\/wp-json\/wp\/v2\/categories?post=146187"},{"taxonomy":"post_tag","embeddable":true,"href":"https:\/\/senoticias.com.br\/se\/wp-json\/wp\/v2\/tags?post=146187"}],"curies":[{"name":"wp","href":"https:\/\/api.w.org\/{rel}","templated":true}]}}