{"id":146180,"date":"2025-01-27T10:12:03","date_gmt":"2025-01-27T13:12:03","guid":{"rendered":"https:\/\/senoticias.com.br\/se\/?p=146180"},"modified":"2025-01-27T10:24:22","modified_gmt":"2025-01-27T13:24:22","slug":"resultado-do-sisu-2025-e-divulgado-saiba-como-consultar-lista-de-aprovados","status":"publish","type":"post","link":"https:\/\/senoticias.com.br\/se\/resultado-do-sisu-2025-e-divulgado-saiba-como-consultar-lista-de-aprovados\/","title":{"rendered":"Resultado do Sisu 2025 \u00e9 divulgado; saiba como consultar lista de aprovados"},"content":{"rendered":"<p>O resultado do Sistema de Sele\u00e7\u00e3o Unificada (Sisu) 2025 foi divulgado nesta segunda-feira, 27. Os inscritos no processo seletivo podem conferir os aprovados na chamada regular no Portal \u00danico de Acesso ao Ensino Superior.<\/p>\n<p>Receba as principais not\u00edcias direto no WhatsApp! <a href=\"https:\/\/wa.me\/5579991715289\"><strong>Clique aqui<\/strong><\/a> e recebe as not\u00edcias mais lidas do SE Not\u00edcias<\/p>\n<p>Os selecionados no Sisu 2025 devem fazer a matr\u00edcula ou registro acad\u00eamico junto \u00e0 institui\u00e7\u00e3o de ensino entre os dias 27 a 31 de janeiro. Cabe ao candidato verificar com a pr\u00f3pria universidade quais s\u00e3o os procedimentos e documentos para a matr\u00edcula, al\u00e9m dos hor\u00e1rios e locais de atendimento.<\/p>\n<div id=\"attachment_146181\" style=\"width: 562px\" class=\"wp-caption aligncenter\"><a href=\"https:\/\/senoticias.com.br\/se\/wp-content\/uploads\/2025\/01\/Sisu-SE-Noticias.jpg\"><img loading=\"lazy\" decoding=\"async\" aria-describedby=\"caption-attachment-146181\" class=\"size-full wp-image-146181\" src=\"https:\/\/senoticias.com.br\/se\/wp-content\/uploads\/2025\/01\/Sisu-SE-Noticias.jpg\" alt=\"\" width=\"552\" height=\"311\" srcset=\"https:\/\/senoticias.com.br\/se\/wp-content\/uploads\/2025\/01\/Sisu-SE-Noticias.jpg 552w, https:\/\/senoticias.com.br\/se\/wp-content\/uploads\/2025\/01\/Sisu-SE-Noticias-300x169.jpg 300w\" sizes=\"(max-width: 552px) 100vw, 552px\" \/><\/a><p id=\"caption-attachment-146181\" class=\"wp-caption-text\"><br \/>Sisu 2025 &#8211; Foto: Rafa Neddermeyer\/Ag\u00eancia Brasil<\/p><\/div>\n<p>As inscri\u00e7\u00f5es para o processo seletivo ocorreram entre os dias 17 e 21 de janeiro. No total, foram ofertadas 261.779 vagas para 6.851 cursos de gradua\u00e7\u00e3o em 124 institui\u00e7\u00f5es p\u00fablicas de ensino superior do Brasil.<\/p>\n<p>O Sisu seleciona estudantes para institui\u00e7\u00f5es p\u00fablicas de ensino superior do Pa\u00eds, usando as notas obtidas no Exame Nacional do Ensino M\u00e9dio (Enem). Desde o ano passado, o programa passou a ter somente uma edi\u00e7\u00e3o, em que os inscritos podem disputar as vagas ofertadas para o ano inteiro.<\/p>\n<p><strong>Como ver o resultado do Sisu 2025?<br \/>\n<\/strong><br \/>\nPara consultar a lista de selecionados na chamada regular do Sisu 2025, \u00e9 preciso acessar o Portal \u00danico de Acesso ao Ensino Superior e entrar com sua conta gov.br.<\/p>\n<p>Na p\u00e1gina, estar\u00e1 a informa\u00e7\u00e3o se o candidato foi selecionado ou n\u00e3o para uma das duas op\u00e7\u00f5es escolhidas na hora da inscri\u00e7\u00e3o.<\/p>\n<p><strong>Como participar da lista de espera do Sisu 2025?<\/strong><\/p>\n<p>Quem n\u00e3o for selecionado em nenhuma das op\u00e7\u00f5es de curso na chamada regular ainda pode disputar uma das vagas por meio da lista de espera do Sisu. O per\u00edodo para manifestar interesse come\u00e7a a partir desta segunda-feira, 27, e vai at\u00e9 o dia 31 de janeiro.<\/p>\n<p>Para participar da lista de espera, \u00e9 preciso tamb\u00e9m acessar o Portal \u00danico de Acesso ao Ensino Superior e clicar no bot\u00e3o que confirma seu interesse em entrar na lista de espera.<\/p>\n<p>A convoca\u00e7\u00e3o para a matr\u00edcula dos selecionados na lista de espera cabe \u00e0s pr\u00f3prias institui\u00e7\u00f5es de ensino e podem ser feitas durante o ano todo, de 12 de fevereiro a 30 de setembro, para preenchimento de vagas eventualmente n\u00e3o ocupadas. Por isso, \u00e9 importante que o candidato acompanhe o site das universidades para a qual tenha manifestado interesse.<\/p>\n<p><strong>Calend\u00e1rio do Sisu 2025<\/strong><\/p>\n<p>Inscri\u00e7\u00f5es: 17 a 21 de janeiro;<br \/>\nResultado da chamada regular: 27\u00a0de janeiro;<br \/>\nMatr\u00edcula ou registro acad\u00eamico junto \u00e0 institui\u00e7\u00e3o: 27 a 31 de janeiro;<br \/>\nManifesta\u00e7\u00e3o de interesse na lista de espera: 27\u00a0a 31 de janeiro;<br \/>\nConvoca\u00e7\u00e3o dos selecionados pela lista de espera: 12 de fevereiro a 30 de setembro.<\/p>\n<p><strong><em>Acompanhe tamb\u00e9m o SE Not\u00edcias no\u00a0<a href=\"https:\/\/www.instagram.com\/senoticias\/\" target=\"_blank\" rel=\"noreferrer noopener\">Instagram<\/a><\/em><\/strong>,\u00a0<strong><em>\u00a0<a href=\"https:\/\/www.facebook.com\/senoticias1\" target=\"_blank\" rel=\"noreferrer noopener\">Facebook<\/a>\u00a0e\u00a0no<\/em>\u00a0<em><a href=\"https:\/\/twitter.com\/Senoticias\">X<\/a><\/em><\/strong><\/p>\n<p>Fonte: Portal Terra<\/p>\n<p>&nbsp;<\/p>\n<p>&nbsp;<\/p>\n","protected":false},"excerpt":{"rendered":"<p>O resultado do Sistema de Sele\u00e7\u00e3o Unificada (Sisu) 2025 foi divulgado nesta segunda-feira, 27. Os inscritos no processo seletivo podem conferir os aprovados na chamada regular no Portal \u00danico de Acesso ao Ensino Superior. Receba as principais not\u00edcias direto no WhatsApp! Clique aqui e recebe as not\u00edcias mais lidas do SE Not\u00edcias Os selecionados no [&hellip;]<\/p>\n","protected":false},"author":6557,"featured_media":146181,"comment_status":"closed","ping_status":"closed","sticky":false,"template":"","format":"standard","meta":{"footnotes":""},"categories":[15,6,1],"tags":[43079,43078,42826],"class_list":{"0":"post-146180","1":"post","2":"type-post","3":"status-publish","4":"format-standard","5":"has-post-thumbnail","7":"category-destaques","8":"category-politica","9":"category-sem-categoria","10":"tag-lista-de-aprovados","11":"tag-resultado-do-sisu-2025","12":"tag-sisu-2025"},"_links":{"self":[{"href":"https:\/\/senoticias.com.br\/se\/wp-json\/wp\/v2\/posts\/146180"}],"collection":[{"href":"https:\/\/senoticias.com.br\/se\/wp-json\/wp\/v2\/posts"}],"about":[{"href":"https:\/\/senoticias.com.br\/se\/wp-json\/wp\/v2\/types\/post"}],"author":[{"embeddable":true,"href":"https:\/\/senoticias.com.br\/se\/wp-json\/wp\/v2\/users\/6557"}],"replies":[{"embeddable":true,"href":"https:\/\/senoticias.com.br\/se\/wp-json\/wp\/v2\/comments?post=146180"}],"version-history":[{"count":0,"href":"https:\/\/senoticias.com.br\/se\/wp-json\/wp\/v2\/posts\/146180\/revisions"}],"wp:featuredmedia":[{"embeddable":true,"href":"https:\/\/senoticias.com.br\/se\/wp-json\/wp\/v2\/media\/146181"}],"wp:attachment":[{"href":"https:\/\/senoticias.com.br\/se\/wp-json\/wp\/v2\/media?parent=146180"}],"wp:term":[{"taxonomy":"category","embeddable":true,"href":"https:\/\/senoticias.com.br\/se\/wp-json\/wp\/v2\/categories?post=146180"},{"taxonomy":"post_tag","embeddable":true,"href":"https:\/\/senoticias.com.br\/se\/wp-json\/wp\/v2\/tags?post=146180"}],"curies":[{"name":"wp","href":"https:\/\/api.w.org\/{rel}","templated":true}]}}