{"id":146175,"date":"2025-01-27T06:19:01","date_gmt":"2025-01-27T09:19:01","guid":{"rendered":"https:\/\/senoticias.com.br\/se\/?p=146175"},"modified":"2025-01-27T06:26:28","modified_gmt":"2025-01-27T09:26:28","slug":"policia-federal-no-amazonas-instaura-procedimento-para-apurar-denuncias-de-agressoes-contra-brasileiros-deportados-dos-eua","status":"publish","type":"post","link":"https:\/\/senoticias.com.br\/se\/policia-federal-no-amazonas-instaura-procedimento-para-apurar-denuncias-de-agressoes-contra-brasileiros-deportados-dos-eua\/","title":{"rendered":"Pol\u00edcia Federal no Amazonas instaura procedimento para apurar den\u00fancias de agress\u00f5es contra brasileiros deportados dos EUA"},"content":{"rendered":"<p>Investigadores da Pol\u00edcia Federal no Amazonas instauraram procedimento para apurar as den\u00fancias de agress\u00f5es sofridas por brasileiros deportados dos Estados Unidos. A investiga\u00e7\u00e3o ser\u00e1 encaminhada para o departamento americano respons\u00e1vel pelo controle de imigra\u00e7\u00e3o e para \u00f3rg\u00e3os internacionais de coopera\u00e7\u00e3o.<\/p>\n<p>Este foi o primeiro voo de brasileiros deportados depois da posse de Donald Trump como presidente americano. A viagem partiu do estado americano da Louisiana, parou no Panam\u00e1 e depois seguiu para Manaus, onde reabasteceria para partir ao Aeroporto Internacional de Belo Horizonte, em Confins, na Grande BH.<\/p>\n<div id=\"attachment_146176\" style=\"width: 533px\" class=\"wp-caption aligncenter\"><a href=\"https:\/\/senoticias.com.br\/se\/wp-content\/uploads\/2025\/01\/Brasileiros-deportados-SE-Noticias.jpg\"><img loading=\"lazy\" decoding=\"async\" aria-describedby=\"caption-attachment-146176\" class=\"size-full wp-image-146176\" src=\"https:\/\/senoticias.com.br\/se\/wp-content\/uploads\/2025\/01\/Brasileiros-deportados-SE-Noticias.jpg\" alt=\"\" width=\"523\" height=\"300\" srcset=\"https:\/\/senoticias.com.br\/se\/wp-content\/uploads\/2025\/01\/Brasileiros-deportados-SE-Noticias.jpg 523w, https:\/\/senoticias.com.br\/se\/wp-content\/uploads\/2025\/01\/Brasileiros-deportados-SE-Noticias-300x172.jpg 300w\" sizes=\"(max-width: 523px) 100vw, 523px\" \/><\/a><p id=\"caption-attachment-146176\" class=\"wp-caption-text\">Brasil vai pedir esclarecimentos \u00e0 Casa Branca sobre den\u00fancia de maus tratos a deportados &#8211; Foto: reprodu\u00e7\u00e3o\/G1<\/p><\/div>\n<p>Mas, na capital do Amazonas, houve um desentendimento entre passageiros e a tripula\u00e7\u00e3o por problemas no ar condicionado da aeronave, fretada pelo governo americano. &#8220;Todo mundo com falta de ar, crian\u00e7a passando mal, idoso passando mal, mulheres passando mal, e a gente decidiu abrir as portas de emerg\u00eancia, porque estava tudo fechado&#8221;, relatou um dos deportados, Kaleb Barbosa Maia.<\/p>\n<p>88 brasileiros estavam no voo, e muitos deles relataram agress\u00f5es por parte dos agentes americanos ao longo de todo o processo de deporta\u00e7\u00e3o. Disseram que precisaram usar algemas e correntes durante o voo e que n\u00e3o receberam alimento.<\/p>\n<p>Outro passageiro, que n\u00e3o quis ser identificado, relatou que havia algemas e correntes nos p\u00e9s, nas m\u00e3os, cintura, e que &#8220;n\u00e3o tinha como fazer nada&#8221; para reagir.<\/p>\n<p>Os deportados sa\u00edram do avi\u00e3o por uma das asas e depois desembarcaram por uma rampa infl\u00e1vel. Em v\u00eddeo ao qual o Fant\u00e1stico teve acesso, \u00e9 poss\u00edvel ver as pessoas algemadas e acorrentadas em diferentes partes do corpo.<\/p>\n<p>A Pol\u00edcia Federal determinou que as algemas e correntes fossem retiradas, mas os oficiais americanos queriam esperar outro avi\u00e3o chegar dos EUA para algemar os brasileiros novamente para a \u00faltima parte da viagem.<\/p>\n<p>O governo brasileiro, contudo, determinou que um avi\u00e3o da For\u00e7a A\u00e9rea Brasileira (FAB) transportasse os brasileiros sem algemas e em condi\u00e7\u00f5es mais seguras.<\/p>\n<p>Os imigrantes brasileiros passaram a noite em uma \u00e1rea de embarque restrita do aeroporto de Manaus. Segundo a PF, quatro imigrantes foram liberados ainda na cidade, pois s\u00e3o de estados da regi\u00e3o Norte.<\/p>\n<p>Os voos de deporta\u00e7\u00e3o fazem parte de acordo bilateral sobre deporta\u00e7\u00e3o assinado entre os dois pa\u00edses, em 2018. Segundo o Itamaraty, o objetivo \u00e9 abreviar o tempo de perman\u00eancia de brasileiros presos por imigra\u00e7\u00e3o irregular em centros de deten\u00e7\u00e3o americanos.<\/p>\n<p>O governo brasileiro vai pedir explica\u00e7\u00f5es da Casa Branca sobre as den\u00fancias dos deportados. A ministra dos Direitos Humanos e Cidadania, Maca\u00e9 Evaristo, acompanhou a chegada do voo.<\/p>\n<p>Em nota divulgada neste domingo (26), o Minist\u00e9rio das Rela\u00e7\u00f5es Exteriores declarou que &#8221;o governo brasileiro considera inaceit\u00e1vel que as condi\u00e7\u00f5es acordadas com o governo norte-americano n\u00e3o sejam respeitadas. O minist\u00e9rio reuniu informa\u00e7\u00f5es detalhadas sobre o tratamento degradante dispensado aos brasileiros e brasileiras algemados, nos p\u00e9s e m\u00e3os, em voo de repatria\u00e7\u00e3o do servi\u00e7o de imigra\u00e7\u00e3o e controle de aduanas dos estados unidos. O uso indiscriminado de algemas e correntes viola os termos de acordo com os estados unidos, que prev\u00ea o tratamento digno, respeitoso e humano dos repatriados.&#8221;<\/p>\n<p>Disse ainda que as autoridades brasileiras &#8221;n\u00e3o autorizaram o seguimento do voo fretado para Belo Horizonte na noite de sexta-feira (24), em fun\u00e7\u00e3o do uso das algemas e correntes, do mau estado da aeronave, com sistema de ar condicionado em pane, entre outros problemas, e da revolta dos 88 nacionais a bordo pelo tratamento indigno recebido.&#8221;<\/p>\n<p><strong><em>Acompanhe tamb\u00e9m o SE Not\u00edcias no\u00a0<a href=\"https:\/\/www.instagram.com\/senoticias\/\" target=\"_blank\" rel=\"noreferrer noopener\">Instagram<\/a><\/em><\/strong>,\u00a0<strong><em>\u00a0<a href=\"https:\/\/www.facebook.com\/senoticias1\" target=\"_blank\" rel=\"noreferrer noopener\">Facebook<\/a>\u00a0e\u00a0no<\/em>\u00a0<em><a href=\"https:\/\/twitter.com\/Senoticias\">X<\/a><\/em><\/strong><\/p>\n<p>&nbsp;<\/p>\n<p>Fonte: G1\/Fant\u00e1stico<\/p>\n<p>&nbsp;<\/p>\n<p>&nbsp;<\/p>\n<p>&nbsp;<\/p>\n<p>&nbsp;<\/p>\n<p>&nbsp;<\/p>\n<p>&nbsp;<\/p>\n","protected":false},"excerpt":{"rendered":"<p>Investigadores da Pol\u00edcia Federal no Amazonas instauraram procedimento para apurar as den\u00fancias de agress\u00f5es sofridas por brasileiros deportados dos Estados Unidos. A investiga\u00e7\u00e3o ser\u00e1 encaminhada para o departamento americano respons\u00e1vel pelo controle de imigra\u00e7\u00e3o e para \u00f3rg\u00e3os internacionais de coopera\u00e7\u00e3o. Este foi o primeiro voo de brasileiros deportados depois da posse de Donald Trump como [&hellip;]<\/p>\n","protected":false},"author":6557,"featured_media":146176,"comment_status":"closed","ping_status":"closed","sticky":false,"template":"","format":"standard","meta":{"footnotes":""},"categories":[15,2961],"tags":[43076,43077,1947],"class_list":{"0":"post-146175","1":"post","2":"type-post","3":"status-publish","4":"format-standard","5":"has-post-thumbnail","7":"category-destaques","8":"category-nacional","9":"tag-agressoes-contra-brasileiros","10":"tag-deportados-dos-eua","11":"tag-policia-federal"},"_links":{"self":[{"href":"https:\/\/senoticias.com.br\/se\/wp-json\/wp\/v2\/posts\/146175"}],"collection":[{"href":"https:\/\/senoticias.com.br\/se\/wp-json\/wp\/v2\/posts"}],"about":[{"href":"https:\/\/senoticias.com.br\/se\/wp-json\/wp\/v2\/types\/post"}],"author":[{"embeddable":true,"href":"https:\/\/senoticias.com.br\/se\/wp-json\/wp\/v2\/users\/6557"}],"replies":[{"embeddable":true,"href":"https:\/\/senoticias.com.br\/se\/wp-json\/wp\/v2\/comments?post=146175"}],"version-history":[{"count":0,"href":"https:\/\/senoticias.com.br\/se\/wp-json\/wp\/v2\/posts\/146175\/revisions"}],"wp:featuredmedia":[{"embeddable":true,"href":"https:\/\/senoticias.com.br\/se\/wp-json\/wp\/v2\/media\/146176"}],"wp:attachment":[{"href":"https:\/\/senoticias.com.br\/se\/wp-json\/wp\/v2\/media?parent=146175"}],"wp:term":[{"taxonomy":"category","embeddable":true,"href":"https:\/\/senoticias.com.br\/se\/wp-json\/wp\/v2\/categories?post=146175"},{"taxonomy":"post_tag","embeddable":true,"href":"https:\/\/senoticias.com.br\/se\/wp-json\/wp\/v2\/tags?post=146175"}],"curies":[{"name":"wp","href":"https:\/\/api.w.org\/{rel}","templated":true}]}}