{"id":146151,"date":"2025-01-24T17:45:10","date_gmt":"2025-01-24T20:45:10","guid":{"rendered":"https:\/\/senoticias.com.br\/se\/?p=146151"},"modified":"2025-01-24T17:45:10","modified_gmt":"2025-01-24T20:45:10","slug":"william-sanfona-grava-seu-primeiro-dvd-sertao-fe-e-forro","status":"publish","type":"post","link":"https:\/\/senoticias.com.br\/se\/william-sanfona-grava-seu-primeiro-dvd-sertao-fe-e-forro\/","title":{"rendered":"William Sanfona grava seu primeiro DVD: \u201cSert\u00e3o, F\u00e9 e Forr\u00f3\u201d"},"content":{"rendered":"<p>No dia 5 de fevereiro, o cora\u00e7\u00e3o do Nordeste vai pulsar mais forte. Nas margens do rio S\u00e3o Francisco, em Piranhas, Alagoas, William Sanfona, m\u00fasico e cantor sergipano realizar\u00e1 um sonho: a grava\u00e7\u00e3o de seu primeiro DVD, intitulado &#8220;Sert\u00e3o, F\u00e9 e Forr\u00f3&#8221;. O projeto n\u00e3o \u00e9 apenas um marco na carreira do artista, mas tamb\u00e9m uma celebra\u00e7\u00e3o da cultura, da f\u00e9 e da resili\u00eancia do povo nordestino.<\/p>\n<p>O cen\u00e1rio escolhido n\u00e3o poderia ser mais emblem\u00e1tico. O Rio S\u00e3o Francisco, fonte de vida e inspira\u00e7\u00e3o, \u00e9 um s\u00edmbolo poderoso da conex\u00e3o entre o homem e Deus. \u201cO rio \u00e9 nosso presente divino, \u00e9 motivo de gratid\u00e3o. Ele nos d\u00e1 for\u00e7a, assim como a f\u00e9 que nos sustenta nas dificuldades do sert\u00e3o\u201d, ressalta William.<\/p>\n<div id=\"attachment_146152\" style=\"width: 609px\" class=\"wp-caption aligncenter\"><a href=\"https:\/\/senoticias.com.br\/se\/wp-content\/uploads\/2025\/01\/William-Sanfona-SE-Noticias.jpeg\"><img loading=\"lazy\" decoding=\"async\" aria-describedby=\"caption-attachment-146152\" class=\"size-full wp-image-146152\" src=\"https:\/\/senoticias.com.br\/se\/wp-content\/uploads\/2025\/01\/William-Sanfona-SE-Noticias.jpeg\" alt=\"\" width=\"599\" height=\"458\" srcset=\"https:\/\/senoticias.com.br\/se\/wp-content\/uploads\/2025\/01\/William-Sanfona-SE-Noticias.jpeg 599w, https:\/\/senoticias.com.br\/se\/wp-content\/uploads\/2025\/01\/William-Sanfona-SE-Noticias-300x229.jpeg 300w, https:\/\/senoticias.com.br\/se\/wp-content\/uploads\/2025\/01\/William-Sanfona-SE-Noticias-45x35.jpeg 45w\" sizes=\"(max-width: 599px) 100vw, 599px\" \/><\/a><p id=\"caption-attachment-146152\" class=\"wp-caption-text\"><br \/>William Sanfona leva essa ess\u00eancia em cada acorde de sua sanfona, transformando hist\u00f3rias e devo\u00e7\u00e3o em can\u00e7\u00f5es que tocam a alma &#8211; Foto: Beatriz Guerra\/ divulga\u00e7\u00e3o<\/p><\/div>\n<p><strong>O elo entre f\u00e9 e m\u00fasica<\/strong><\/p>\n<p>O Nordeste sempre teve sua hist\u00f3ria contada por meio da m\u00fasica. Desde os tempos de Luiz Gonzaga, o forr\u00f3 \u00e9 muito mais que entretenimento: \u00e9 ora\u00e7\u00e3o, celebra\u00e7\u00e3o e resist\u00eancia. William Sanfona leva essa ess\u00eancia em cada acorde de sua sanfona, transformando hist\u00f3rias e devo\u00e7\u00e3o em can\u00e7\u00f5es que tocam a alma.<\/p>\n<p>\u201cSert\u00e3o F\u00e9 e Forr\u00f3\u201d \u00e9 isso: um encontro de ritmos, cren\u00e7as e emo\u00e7\u00f5es. Essa \u00e9 minha forma de agradecer a Deus e de honrar minha terra. Quero levar alegria, ora\u00e7\u00e3o e representatividade para o nosso povo e para todos que t\u00eam f\u00e9 na vida e nos sonhos\u201d, afirma o artista.<\/p>\n<p><strong>Grandes participa\u00e7\u00f5es<\/strong><\/p>\n<p>O DVD contar\u00e1 com participa\u00e7\u00f5es que prometem emocionar o p\u00fablico. Entre os convidados est\u00e3o Batista Lima, um dos nomes mais queridos do forr\u00f3, Di\u00e1cono R\u00f4mulo Canuto, que trar\u00e1 sua mensagem de f\u00e9, e Adriana Arydes, refer\u00eancia na m\u00fasica cat\u00f3lica. Juntos, eles dar\u00e3o vida a um repert\u00f3rio que une espiritualidade, cultura nordestina e celebra\u00e7\u00e3o.William Sanfona destaca: \u201cTer esses convidados \u00e9 uma honra. Cada um deles traz um pouco dessa ess\u00eancia que queremos transmitir. Este projeto \u00e9 muito maior do que minha carreira, \u00e9 um presente para o Nordeste e para todos que acreditam na for\u00e7a da f\u00e9 e da m\u00fasica.\u201d<\/p>\n<p><strong>Um projeto com Deus no comando<\/strong><\/p>\n<p>A grava\u00e7\u00e3o do DVD ser\u00e1 um momento de emo\u00e7\u00e3o e f\u00e9, com m\u00fasicas que narram hist\u00f3rias de luta, devo\u00e7\u00e3o e gratid\u00e3o. O povo nordestino, forjado na seca, encontra na f\u00e9 cat\u00f3lica e na m\u00fasica um caminho de esperan\u00e7a e supera\u00e7\u00e3o.<\/p>\n<p>\u201cCom Deus no comando, \u2018Sert\u00e3o F\u00e9 e Forr\u00f3\u2019 ser\u00e1 um marco. Quero que cada pessoa que assistir ao DVD sinta a for\u00e7a do nosso povo, a beleza da nossa cultura e a presen\u00e7a de Deus em cada detalhe\u201d, conclui William.<\/p>\n<p>O DVD promete ser um legado cultural e espiritual, uma homenagem a tudo que o Nordeste representa. Que o Rio S\u00e3o Francisco seja testemunha dessa grande celebra\u00e7\u00e3o da f\u00e9 e da m\u00fasica.<\/p>\n<p><strong><em>Acompanhe tamb\u00e9m o SE Not\u00edcias no\u00a0<a href=\"https:\/\/www.instagram.com\/senoticias\/\" target=\"_blank\" rel=\"noreferrer noopener\">Instagram<\/a><\/em><\/strong>,\u00a0<strong><em>\u00a0<a href=\"https:\/\/www.facebook.com\/senoticias1\" target=\"_blank\" rel=\"noreferrer noopener\">Facebook<\/a>\u00a0e\u00a0no<\/em>\u00a0<em><a href=\"https:\/\/twitter.com\/Senoticias\">X<\/a><\/em><\/strong><\/p>\n<p>Assessoria de Imprensa: Hivy Rhafaella<\/p>\n","protected":false},"excerpt":{"rendered":"<p>No dia 5 de fevereiro, o cora\u00e7\u00e3o do Nordeste vai pulsar mais forte. Nas margens do rio S\u00e3o Francisco, em Piranhas, Alagoas, William Sanfona, m\u00fasico e cantor sergipano realizar\u00e1 um sonho: a grava\u00e7\u00e3o de seu primeiro DVD, intitulado &#8220;Sert\u00e3o, F\u00e9 e Forr\u00f3&#8221;. O projeto n\u00e3o \u00e9 apenas um marco na carreira do artista, mas tamb\u00e9m [&hellip;]<\/p>\n","protected":false},"author":6557,"featured_media":146152,"comment_status":"closed","ping_status":"closed","sticky":false,"template":"","format":"standard","meta":{"footnotes":""},"categories":[15,21],"tags":[43070,5710,43069],"class_list":{"0":"post-146151","1":"post","2":"type-post","3":"status-publish","4":"format-standard","5":"has-post-thumbnail","7":"category-destaques","8":"category-entretenimento","9":"tag-fe-e-forro","10":"tag-sertao","11":"tag-william-sanfona"},"_links":{"self":[{"href":"https:\/\/senoticias.com.br\/se\/wp-json\/wp\/v2\/posts\/146151"}],"collection":[{"href":"https:\/\/senoticias.com.br\/se\/wp-json\/wp\/v2\/posts"}],"about":[{"href":"https:\/\/senoticias.com.br\/se\/wp-json\/wp\/v2\/types\/post"}],"author":[{"embeddable":true,"href":"https:\/\/senoticias.com.br\/se\/wp-json\/wp\/v2\/users\/6557"}],"replies":[{"embeddable":true,"href":"https:\/\/senoticias.com.br\/se\/wp-json\/wp\/v2\/comments?post=146151"}],"version-history":[{"count":0,"href":"https:\/\/senoticias.com.br\/se\/wp-json\/wp\/v2\/posts\/146151\/revisions"}],"wp:featuredmedia":[{"embeddable":true,"href":"https:\/\/senoticias.com.br\/se\/wp-json\/wp\/v2\/media\/146152"}],"wp:attachment":[{"href":"https:\/\/senoticias.com.br\/se\/wp-json\/wp\/v2\/media?parent=146151"}],"wp:term":[{"taxonomy":"category","embeddable":true,"href":"https:\/\/senoticias.com.br\/se\/wp-json\/wp\/v2\/categories?post=146151"},{"taxonomy":"post_tag","embeddable":true,"href":"https:\/\/senoticias.com.br\/se\/wp-json\/wp\/v2\/tags?post=146151"}],"curies":[{"name":"wp","href":"https:\/\/api.w.org\/{rel}","templated":true}]}}