{"id":146139,"date":"2025-01-23T17:34:01","date_gmt":"2025-01-23T20:34:01","guid":{"rendered":"https:\/\/senoticias.com.br\/se\/?p=146139"},"modified":"2025-01-23T17:39:09","modified_gmt":"2025-01-23T20:39:09","slug":"juiz-federal-dos-eua-suspende-decisao-de-donald-trump-que-acaba-com-cidadania-automatica","status":"publish","type":"post","link":"https:\/\/senoticias.com.br\/se\/juiz-federal-dos-eua-suspende-decisao-de-donald-trump-que-acaba-com-cidadania-automatica\/","title":{"rendered":"Juiz federal dos EUA suspende decis\u00e3o de Donald Trump que acaba com cidadania autom\u00e1tica"},"content":{"rendered":"<p>Um juiz federal de Seattle, nos Estados Unidos, imp\u00f4s a primeira barreira \u00e0s pol\u00edticas anti-imigra\u00e7\u00e3o do presidente rec\u00e9m empossado Donald Trump. Nesta quinta-feira, 23, a Justi\u00e7a acatou recurso de pelo menos quatro Estados e suspendeu a decis\u00e3o do republicano que dava fim \u00e0 cidadania autom\u00e1tica.<\/p>\n<p>A medida estava entre as 80 ordens executivas assinadas por Trump no dia de sua posse, na \u00faltima segunda-feira, 20, v\u00e1rias das quais visavam o endurecimento das regras contra a imigra\u00e7\u00e3o no pa\u00eds norte-americano.<\/p>\n<div id=\"attachment_146140\" style=\"width: 562px\" class=\"wp-caption aligncenter\"><a href=\"https:\/\/senoticias.com.br\/se\/wp-content\/uploads\/2025\/01\/Estados-Unidos-SE-Noticias.jpg\"><img loading=\"lazy\" decoding=\"async\" aria-describedby=\"caption-attachment-146140\" class=\"size-full wp-image-146140\" src=\"https:\/\/senoticias.com.br\/se\/wp-content\/uploads\/2025\/01\/Estados-Unidos-SE-Noticias.jpg\" alt=\"\" width=\"552\" height=\"374\" srcset=\"https:\/\/senoticias.com.br\/se\/wp-content\/uploads\/2025\/01\/Estados-Unidos-SE-Noticias.jpg 552w, https:\/\/senoticias.com.br\/se\/wp-content\/uploads\/2025\/01\/Estados-Unidos-SE-Noticias-300x203.jpg 300w, https:\/\/senoticias.com.br\/se\/wp-content\/uploads\/2025\/01\/Estados-Unidos-SE-Noticias-90x60.jpg 90w, https:\/\/senoticias.com.br\/se\/wp-content\/uploads\/2025\/01\/Estados-Unidos-SE-Noticias-95x64.jpg 95w\" sizes=\"(max-width: 552px) 100vw, 552px\" \/><\/a><p id=\"caption-attachment-146140\" class=\"wp-caption-text\"><br \/>Imigrante da Guatemala em base a\u00e9rea ap\u00f3s ser deportada dos Estados Unidos &#8211; Foto: REUTERS\/Cristina Chiquin<\/p><\/div>\n<p>A que mais gerou controv\u00e9rsia foi a decis\u00e3o pelo fim da cidadania autom\u00e1tica a filhos de imigrantes ilegais ou em situa\u00e7\u00e3o tempor\u00e1ria nos Estados Unidos, como aqueles com visto de trabalho ou estudo. Desde que foi anunciada, especialistas consideraram que seria dif\u00edcil Trump avan\u00e7ar com a ordem, uma vez que o direito de cidadania ao nascimento \u00e9 previsto na Constitui\u00e7\u00e3o do pa\u00eds.<\/p>\n<p>Nesta quinta, o juiz John C. Coughenour, da Corte Federal Distrital de Seattle, acatou o pedido das procuradorias dos Estados de Washington, Illinois, Oregon e Arizona para suspender a decis\u00e3o de Trump, a qual considerou uma &#8216;ordem descaradamente inconstitucional&#8217;.<\/p>\n<p>Ao todo, 22 representantes estaduais, assim como grupos de ativismo e gr\u00e1vidas, entraram com seis processos judiciais contra a decis\u00e3o do republicano, argumentando que a medida fere o artigo 14 da Constitui\u00e7\u00e3o, que prev\u00ea que &#8216;todos as pessoas nascidas ou naturalizadas nos Estados Unidos, e sujeitas \u00e0 tal jurisdi\u00e7\u00e3o, s\u00e3o cidad\u00e3s&#8217;.<\/p>\n<p>As procuradorias estaduais tamb\u00e9m afirmaram que a decis\u00e3o de Trump afetaria pelo menos 150 mil beb\u00eas nascidos nos EUA todos os anos, que ficariam sem direitos e seriam considerados &#8216;indigentes&#8217;. Estados tamb\u00e9m perderiam recursos federais voltados a programas assistencialistas.<\/p>\n<p><strong>A Casa Branca ainda n\u00e3o se pronunciou sobre a decis\u00e3o.<\/strong><\/p>\n<p>Cerco \u00e0 imigra\u00e7\u00e3o<\/p>\n<p>Empossado na \u00faltima segunda-feira, como o 47\u00ba presidente dos Estados Unidos, Donald Trump assinou, ainda durante as solenidades, as primeiras medidas anti-migrat\u00f3rias, uma das principais propostas da campanha do republicano durante a corrida eleitoral de 2024.<\/p>\n<p>A pauta esteve presente no primeiro discurso de Trump, feito ainda na Rotunda do Capit\u00f3lio, logo ap\u00f3s a cerim\u00f4nia de posse na sede do Poder Legislativo estadunidense.<\/p>\n<p>Na ocasi\u00e3o, o republicano anunciou que decretaria situa\u00e7\u00e3o de emerg\u00eancia na fronteira sul dos Estados Unidos, permitindo o envio de militares \u00e0 regi\u00e3o. A primeira &#8216;onda&#8217; de soldados se deslocou \u00e0 regi\u00e3o na quarta-feira, 22, com um contingente de 1,5 mil soldados. Ao todo, 10 mil tropas dever\u00e3o chegar \u00e0 fronteira com o M\u00e9xico nos pr\u00f3ximos meses.<\/p>\n<p>Trump prometeu, tamb\u00e9m, deportar &#8216;milh\u00f5es e milh\u00f5es de estrangeiros criminosos ao lugar de onde vieram&#8217;. Em Ciudad Juarez, no M\u00e9xico, milhares de tendas foram constru\u00eddas para que o governo possa receber imigrantes que acabaram deportados dos Estados Unidos.<\/p>\n<p><strong><em>Acompanhe tamb\u00e9m o SE Not\u00edcias no\u00a0<a href=\"https:\/\/www.instagram.com\/senoticias\/\" target=\"_blank\" rel=\"noreferrer noopener\">Instagram<\/a><\/em><\/strong>,\u00a0<strong><em>\u00a0<a href=\"https:\/\/www.facebook.com\/senoticias1\" target=\"_blank\" rel=\"noreferrer noopener\">Facebook<\/a>\u00a0e\u00a0no<\/em>\u00a0<em><a href=\"https:\/\/twitter.com\/Senoticias\">X<\/a><\/em><\/strong><\/p>\n<p>Fonte: Portal Terra<\/p>\n","protected":false},"excerpt":{"rendered":"<p>Um juiz federal de Seattle, nos Estados Unidos, imp\u00f4s a primeira barreira \u00e0s pol\u00edticas anti-imigra\u00e7\u00e3o do presidente rec\u00e9m empossado Donald Trump. Nesta quinta-feira, 23, a Justi\u00e7a acatou recurso de pelo menos quatro Estados e suspendeu a decis\u00e3o do republicano que dava fim \u00e0 cidadania autom\u00e1tica. A medida estava entre as 80 ordens executivas assinadas por [&hellip;]<\/p>\n","protected":false},"author":6557,"featured_media":146140,"comment_status":"closed","ping_status":"closed","sticky":false,"template":"","format":"standard","meta":{"footnotes":""},"categories":[15,2961,1],"tags":[43063,1581],"class_list":{"0":"post-146139","1":"post","2":"type-post","3":"status-publish","4":"format-standard","5":"has-post-thumbnail","7":"category-destaques","8":"category-nacional","9":"category-sem-categoria","10":"tag-cidadania-automatica","11":"tag-donald-trump"},"_links":{"self":[{"href":"https:\/\/senoticias.com.br\/se\/wp-json\/wp\/v2\/posts\/146139"}],"collection":[{"href":"https:\/\/senoticias.com.br\/se\/wp-json\/wp\/v2\/posts"}],"about":[{"href":"https:\/\/senoticias.com.br\/se\/wp-json\/wp\/v2\/types\/post"}],"author":[{"embeddable":true,"href":"https:\/\/senoticias.com.br\/se\/wp-json\/wp\/v2\/users\/6557"}],"replies":[{"embeddable":true,"href":"https:\/\/senoticias.com.br\/se\/wp-json\/wp\/v2\/comments?post=146139"}],"version-history":[{"count":0,"href":"https:\/\/senoticias.com.br\/se\/wp-json\/wp\/v2\/posts\/146139\/revisions"}],"wp:featuredmedia":[{"embeddable":true,"href":"https:\/\/senoticias.com.br\/se\/wp-json\/wp\/v2\/media\/146140"}],"wp:attachment":[{"href":"https:\/\/senoticias.com.br\/se\/wp-json\/wp\/v2\/media?parent=146139"}],"wp:term":[{"taxonomy":"category","embeddable":true,"href":"https:\/\/senoticias.com.br\/se\/wp-json\/wp\/v2\/categories?post=146139"},{"taxonomy":"post_tag","embeddable":true,"href":"https:\/\/senoticias.com.br\/se\/wp-json\/wp\/v2\/tags?post=146139"}],"curies":[{"name":"wp","href":"https:\/\/api.w.org\/{rel}","templated":true}]}}