{"id":146129,"date":"2025-01-23T10:23:11","date_gmt":"2025-01-23T13:23:11","guid":{"rendered":"https:\/\/senoticias.com.br\/se\/?p=146129"},"modified":"2025-01-23T10:23:11","modified_gmt":"2025-01-23T13:23:11","slug":"terminal-pesqueiro-justica-do-trabalho-condena-estado-de-sergipe-uniao-federal-e-municipio-de-aracaju","status":"publish","type":"post","link":"https:\/\/senoticias.com.br\/se\/terminal-pesqueiro-justica-do-trabalho-condena-estado-de-sergipe-uniao-federal-e-municipio-de-aracaju\/","title":{"rendered":"Terminal Pesqueiro: Justi\u00e7a do Trabalho condena Estado de Sergipe, Uni\u00e3o Federal e Munic\u00edpio de Aracaju"},"content":{"rendered":"<p>Al\u00e9m de estabelecer indeniza\u00e7\u00e3o, Justi\u00e7a deu prazo de 90 dias para adequa\u00e7\u00f5es no galp\u00e3o provis\u00f3rio onde trabalham pescadores e marisqueiras<br \/>\nA Justi\u00e7a do Trabalho, atrav\u00e9s da 1\u00aa Vara do Trabalho de Aracaju, condenou o Estado de Sergipe, Uni\u00e3o Federal e Munic\u00edpio de Aracaju pelas condi\u00e7\u00f5es prec\u00e1rias do galp\u00e3o provis\u00f3rio onde trabalham, h\u00e1 anos, pescadores e marisqueiras, na regi\u00e3o dos Mercados Centrais de Aracaju.<\/p>\n<p>A decis\u00e3o \u00e9 resultado de uma A\u00e7\u00e3o Civil P\u00fablica (ACP) ajuizada pelo Minist\u00e9rio P\u00fablico do Trabalho em Sergipe (MPT-SE), ap\u00f3s atua\u00e7\u00e3o do procurador do Trabalho Alexandre Alvarenga, que constatou o risco \u00e0 sa\u00fade e seguran\u00e7a dos trabalhadores e trabalhadoras que est\u00e3o no local.<\/p>\n<div id=\"attachment_146130\" style=\"width: 599px\" class=\"wp-caption aligncenter\"><a href=\"https:\/\/senoticias.com.br\/se\/wp-content\/uploads\/2025\/01\/TERMINAL-PESQUEIRO-SE-NOTICIAS.jpeg\"><img loading=\"lazy\" decoding=\"async\" aria-describedby=\"caption-attachment-146130\" class=\"size-full wp-image-146130\" src=\"https:\/\/senoticias.com.br\/se\/wp-content\/uploads\/2025\/01\/TERMINAL-PESQUEIRO-SE-NOTICIAS.jpeg\" alt=\"\" width=\"589\" height=\"454\" srcset=\"https:\/\/senoticias.com.br\/se\/wp-content\/uploads\/2025\/01\/TERMINAL-PESQUEIRO-SE-NOTICIAS.jpeg 589w, https:\/\/senoticias.com.br\/se\/wp-content\/uploads\/2025\/01\/TERMINAL-PESQUEIRO-SE-NOTICIAS-300x231.jpeg 300w, https:\/\/senoticias.com.br\/se\/wp-content\/uploads\/2025\/01\/TERMINAL-PESQUEIRO-SE-NOTICIAS-45x35.jpeg 45w\" sizes=\"(max-width: 589px) 100vw, 589px\" \/><\/a><p id=\"caption-attachment-146130\" class=\"wp-caption-text\">Justi\u00e7a do Trabalho condena Estado de Sergipe, Uni\u00e3o Federal e Munic\u00edpio de Aracaju &#8211; Foto: ascom\/divulga\u00e7\u00e3o<\/p><\/div>\n<p>Em fevereiro de 2024, a Justi\u00e7a do Trabalho j\u00e1 havia determinado as adequa\u00e7\u00f5es no galp\u00e3o, mas houve recurso interposto pelo Estado de Sergipe. Nesta nova decis\u00e3o, a ju\u00edza S\u00edlvia Helena Par\u00e1boli Martins Maluf determinou que o Estado de Sergipe, a Uni\u00e3o Federal e o Munic\u00edpio de Aracaju t\u00eam o prazo de 90 dias para disponibilizar instala\u00e7\u00f5es sanit\u00e1rias em boas condi\u00e7\u00f5es de higiene, separadas por sexo, contendo material para lavagem e secagem das m\u00e3os, alojamento com instala\u00e7\u00f5es f\u00edsicas seguras, local para refei\u00e7\u00f5es com equipamentos para conserva\u00e7\u00e3o e aquecimento de alimentos, entre outras determina\u00e7\u00f5es que garantam a seguran\u00e7a dos trabalhadores. Al\u00e9m disso, devem ser instaladas bombonas ou outros recipientes para o armazenamento adequado dos res\u00edduos s\u00f3lidos gerados no terminal pesqueiro, para posterior coleta pelo servi\u00e7o p\u00fablico municipal.<\/p>\n<p>Na decis\u00e3o, a magistrada destaca que \u201cas p\u00e9ssimas condi\u00e7\u00f5es do galp\u00e3o provis\u00f3rio est\u00e3o devidamente comprovadas nos autos, o qual necessita de urgente interven\u00e7\u00e3o\u201d. Afirma, ainda, que o galp\u00e3o foi constru\u00eddo de forma irregular e que o Estado de Sergipe, Uni\u00e3o Federal e Munic\u00edpio de Aracaju \u201cn\u00e3o proporcionaram ambiente de trabalho seguro para os pescadores e marisqueiros, expondo-os a situa\u00e7\u00e3o degradante e humilhante ao descumprir as normas de sa\u00fade, higiene e seguran\u00e7a, ofendendo direito fundamental dos trabalhadores\u201d.<\/p>\n<p>O Estado de Sergipe, a Uni\u00e3o e o Munic\u00edpio tamb\u00e9m foram condenados, de forma solid\u00e1ria, ao pagamento de indeniza\u00e7\u00e3o por dano moral coletivo no valor de R$ 200 mil. Em caso de descumprimento, foi fixada multa di\u00e1ria de R$ 1.000,00, at\u00e9 que as irregularidades sejam sanadas.<\/p>\n<p><strong><em>Acompanhe tamb\u00e9m o SE Not\u00edcias no\u00a0<a href=\"https:\/\/www.instagram.com\/senoticias\/\" target=\"_blank\" rel=\"noreferrer noopener\">Instagram<\/a><\/em><\/strong>,\u00a0<strong><em>\u00a0<a href=\"https:\/\/www.facebook.com\/senoticias1\" target=\"_blank\" rel=\"noreferrer noopener\">Facebook<\/a>\u00a0e\u00a0no<\/em>\u00a0<em><a href=\"https:\/\/twitter.com\/Senoticias\">X<\/a><\/em><\/strong><\/p>\n<p><em>Por Lays Milena, Assessoria de Imprensa<\/em><\/p>\n","protected":false},"excerpt":{"rendered":"<p>Al\u00e9m de estabelecer indeniza\u00e7\u00e3o, Justi\u00e7a deu prazo de 90 dias para adequa\u00e7\u00f5es no galp\u00e3o provis\u00f3rio onde trabalham pescadores e marisqueiras A Justi\u00e7a do Trabalho, atrav\u00e9s da 1\u00aa Vara do Trabalho de Aracaju, condenou o Estado de Sergipe, Uni\u00e3o Federal e Munic\u00edpio de Aracaju pelas condi\u00e7\u00f5es prec\u00e1rias do galp\u00e3o provis\u00f3rio onde trabalham, h\u00e1 anos, pescadores e [&hellip;]<\/p>\n","protected":false},"author":6557,"featured_media":146130,"comment_status":"closed","ping_status":"closed","sticky":false,"template":"","format":"standard","meta":{"footnotes":""},"categories":[15,6],"tags":[710,15345,9836],"class_list":{"0":"post-146129","1":"post","2":"type-post","3":"status-publish","4":"format-standard","5":"has-post-thumbnail","7":"category-destaques","8":"category-politica","9":"tag-justica-do-trabalho","10":"tag-municipio-de-aracaju","11":"tag-terminal-pesqueiro"},"_links":{"self":[{"href":"https:\/\/senoticias.com.br\/se\/wp-json\/wp\/v2\/posts\/146129"}],"collection":[{"href":"https:\/\/senoticias.com.br\/se\/wp-json\/wp\/v2\/posts"}],"about":[{"href":"https:\/\/senoticias.com.br\/se\/wp-json\/wp\/v2\/types\/post"}],"author":[{"embeddable":true,"href":"https:\/\/senoticias.com.br\/se\/wp-json\/wp\/v2\/users\/6557"}],"replies":[{"embeddable":true,"href":"https:\/\/senoticias.com.br\/se\/wp-json\/wp\/v2\/comments?post=146129"}],"version-history":[{"count":0,"href":"https:\/\/senoticias.com.br\/se\/wp-json\/wp\/v2\/posts\/146129\/revisions"}],"wp:featuredmedia":[{"embeddable":true,"href":"https:\/\/senoticias.com.br\/se\/wp-json\/wp\/v2\/media\/146130"}],"wp:attachment":[{"href":"https:\/\/senoticias.com.br\/se\/wp-json\/wp\/v2\/media?parent=146129"}],"wp:term":[{"taxonomy":"category","embeddable":true,"href":"https:\/\/senoticias.com.br\/se\/wp-json\/wp\/v2\/categories?post=146129"},{"taxonomy":"post_tag","embeddable":true,"href":"https:\/\/senoticias.com.br\/se\/wp-json\/wp\/v2\/tags?post=146129"}],"curies":[{"name":"wp","href":"https:\/\/api.w.org\/{rel}","templated":true}]}}