{"id":146115,"date":"2025-01-22T15:09:27","date_gmt":"2025-01-22T18:09:27","guid":{"rendered":"https:\/\/senoticias.com.br\/se\/?p=146115"},"modified":"2025-01-22T16:26:35","modified_gmt":"2025-01-22T19:26:35","slug":"verao-sergipe-2025-leva-desenvolvimento-cultura-e-esporte-para-pacatuba","status":"publish","type":"post","link":"https:\/\/senoticias.com.br\/se\/verao-sergipe-2025-leva-desenvolvimento-cultura-e-esporte-para-pacatuba\/","title":{"rendered":"Ver\u00e3o Sergipe 2025 leva desenvolvimento, cultura e esporte para Pacatuba"},"content":{"rendered":"<p class=\"p2\"><span class=\"s1\">Entre dunas, rio, lagoas, mangues e com praias ainda intocadas, Pacatuba, no baixo S\u00e3o Francisco sergipano, re\u00fane cen\u00e1rios que encantam quem aprecia belezas naturais diversas. Conhecida tamb\u00e9m pelo \u2018Pantanal sergipano\u2019, o munic\u00edpio recebe a partir desta sexta-feira, 24, a primeira edi\u00e7\u00e3o do Ver\u00e3o Sergipe 2025, que leva \u00e0 regi\u00e3o uma ampla programa\u00e7\u00e3o art\u00edstica, cultural e esportiva. O evento, promovido pelo Governo de Sergipe, fortalece a economia local e \u00e9 uma oportunidade de apresentar para sergipanos e turistas o potencial tur\u00edstico do litoral norte de Sergipe.<\/span><\/p>\n<p class=\"p2\"><strong><span class=\"s1\">Confira a programa\u00e7\u00e3o musical do Ver\u00e3o Sergipe em Pacatuba:<\/span><\/strong><\/p>\n<p class=\"p2\"><span class=\"s1\"><strong>Sexta-feira, 24 de janeiro<br \/>\n<\/strong><br \/>\n21h \u2013 Larissa Costa<br \/>\n23h \u2013 Chicabana<br \/>\n1h \u2013 Nadson O Ferinha<br \/>\n3h \u2013 Vitor Fernandes<\/span><\/p>\n<p><strong>S\u00e1bado, 25 de janeiro<br \/>\n<\/strong><br \/>\n21h \u2013 Leonne O Nobre<br \/>\n23h \u2013 Luiza Martins<br \/>\n1h \u2013 Marcelo Falc\u00e3o<br \/>\n3h \u2013 Tarc\u00edsio<\/p>\n<div id=\"attachment_146116\" style=\"width: 609px\" class=\"wp-caption aligncenter\"><a href=\"https:\/\/senoticias.com.br\/se\/wp-content\/uploads\/2025\/01\/IMG_0441-e1737569347885.png\"><img loading=\"lazy\" decoding=\"async\" aria-describedby=\"caption-attachment-146116\" class=\"size-full wp-image-146116\" src=\"https:\/\/senoticias.com.br\/se\/wp-content\/uploads\/2025\/01\/IMG_0441-e1737569347885.png\" alt=\"\" width=\"599\" height=\"332\" \/><\/a><p id=\"caption-attachment-146116\" class=\"wp-caption-text\">Conhecida tamb\u00e9m pelo \u2018Pantanal sergipano\u2019, Pacatuba recebe a partir desta sexta-feira, 24, a primeira edi\u00e7\u00e3o do Ver\u00e3o Sergipe 2025 &#8211; Foto: Igor Matias<\/p><\/div>\n<p class=\"p2\"><span class=\"s1\">Manoel Pinto Santos tem um quiosque \u00e0 beira da Praia de Ponta dos Mangues e viu o movimento crescer ap\u00f3s a primeira edi\u00e7\u00e3o do Ver\u00e3o Sergipe no munic\u00edpio, em 2024. \u201cDepois da primeira edi\u00e7\u00e3o, nossa regi\u00e3o passou a ser conhecida e est\u00e1 se desenvolvendo. Antes, trabalhava sozinho aqui, mas agora conseguimos empregar outras pessoas e j\u00e1 somos cinco trabalhando para dar conta do movimento. O turista chega aqui e se deslumbra com a natureza\u201d, revelou o comerciante.<\/span><\/p>\n<p class=\"p2\"><span class=\"s1\">O impulso \u00e0 economia da regi\u00e3o tamb\u00e9m foi destacado pelo morador Alessandro dos Santos, que encontrou no Ver\u00e3o Sergipe uma oportunidade de renda extra neste in\u00edcio de ano, j\u00e1 que as empresas contratadas para organizar os eventos esportivos e art\u00edsticos precisaram contratar m\u00e3o de obra local para montar as estruturas necess\u00e1rias \u00e0s programa\u00e7\u00f5es. \u201cO pessoal nos contratou para o apoio, s\u00f3 aqui j\u00e1 foram dez, mas deve chegar a 50 contratados. \u00c9 bom demais, porque a gente estava parado, somos pais de fam\u00edlia que vivem da pesca e, agora, vamos ter uma renda a mais. \u00c9 muito bom come\u00e7ar o ano novo assim, est\u00e1 todo mundo feliz\u201d.<\/span><\/p>\n<p class=\"p2\"><span class=\"s1\">A fam\u00edlia do professor Genilson Santos vive na comunidade da Ponta dos Mangues h\u00e1 quatro gera\u00e7\u00f5es e, para ele, ver a localidade receber pelo segundo ano consecutivo o Ver\u00e3o Sergipe \u00e9 motivo de orgulho. \u201cMeu bisav\u00f4 foi um dos primeiros a chegar nesta regi\u00e3o. Temos lugares lindos, uma beleza natural que n\u00e3o existe em outro lugar. E esse evento do Estado divulga a regi\u00e3o, o que \u00e9 muito importante. Sou apaixonado por esse lugar, comecei a fazer poesia por causa disso, olhando nossas paisagens\u201d, contou o morador, que tamb\u00e9m \u00e9 poeta e trabalha com cordel e xilogravura.<\/span><\/p>\n<p class=\"p2\"><span class=\"s1\">De acordo Genilson, o evento tamb\u00e9m oferece uma op\u00e7\u00e3o diferenciada de cultura e lazer para os moradores locais, que levam uma vida simples. \u201cE al\u00e9m de curtir a programa\u00e7\u00e3o, os moradores podem ter uma renda extra, trabalhando no evento\u201d, completou.\u00a0<\/span><\/p>\n<p class=\"p2\"><strong><span class=\"s1\">Resultados<\/span><\/strong><\/p>\n<p class=\"p2\"><span class=\"s1\">Segundo a prefeita Iara Martins, Pacatuba registrou muitos efeitos positivos ap\u00f3s a primeira edi\u00e7\u00e3o do Ver\u00e3o Sergipe em 2024. \u201cA gente v\u00ea que depois da primeira edi\u00e7\u00e3o est\u00e1 realmente tendo resultados, o turismo despontou. Os hot\u00e9is est\u00e3o sendo muito bem procurados e empregam v\u00e1rias pessoas da regi\u00e3o. A gente j\u00e1 deu v\u00e1rios cursos profissionalizantes tamb\u00e9m, priorizando essas pessoas, a popula\u00e7\u00e3o que trabalha nesses locais. E ainda tem o vendedor ambulante, que no dia do evento atende aos turistas, os barqueiros que fazem os passeios, todos nativos, moradores que vendem quentinhas; todas essas pessoas est\u00e3o ganhando e tendo sua independ\u00eancia a partir do trabalho\u201d, enumerou.\u00a0<\/span><\/p>\n<p class=\"p2\"><span class=\"s1\">Ainda conforme a gestora municipal, outro setor que cresceu a partir da realiza\u00e7\u00e3o do evento do Estado no munic\u00edpio foi o do artesanato. \u201cA gente tem aqui o artesanato da palha da taboa, pe\u00e7as maravilhosas, muito ricas e os nossos artes\u00e3os vendem bastante nesse per\u00edodo tamb\u00e9m. Depois da primeira edi\u00e7\u00e3o do Ver\u00e3o Sergipe, a gente viu um aumento na procura, nossos artes\u00e3os come\u00e7aram a ser mais procurados para ir para fora, nas feiras\u201d, explicou Iara Martins.<\/span><\/p>\n<p class=\"p2\"><strong><span class=\"s1\">Turismo<\/span><\/strong><\/p>\n<p class=\"p2\"><span class=\"s1\">O secret\u00e1rio municipal de Turismo, Genivaldo Vieira, informou que muitos dos hot\u00e9is da regi\u00e3o j\u00e1 est\u00e3o com a capacidade m\u00e1xima e os que se encontram com 50% das reservas ocupadas, est\u00e3o na expectativa de ampliar a lota\u00e7\u00e3o at\u00e9 o fim de semana, o que comprova o sucesso da programa\u00e7\u00e3o e a import\u00e2ncia da divulga\u00e7\u00e3o. \u201cNeste ano, temos um p\u00fablico diferenciado, porque h\u00e1 atra\u00e7\u00f5es nacionais e locais. A expectativa \u00e9 ter um p\u00fablico ainda maior que no ano passado, tamb\u00e9m porque a data deste ano n\u00e3o concorre com festas pr\u00f3ximas, dos padroeiros da regi\u00e3o, por exemplo. E o Estado est\u00e1 divulgando bastante nossa regi\u00e3o, isso atrai mais turistas, que quando v\u00eam para c\u00e1 se apaixonam\u201d, afirmou.<\/span><\/p>\n<p class=\"p2\"><span class=\"s1\">De Santos, S\u00e3o Paulo, Evanir Gomes \u00e9 uma das turistas que se encantaram com a regi\u00e3o. Pela terceira vez visitando Sergipe, junto \u00e0 filha e ao marido, desta vez a fam\u00edlia resolveu conhecer o litoral norte do estado. \u201cA gente est\u00e1 achando muito bonito, agrad\u00e1vel. \u00c9 bem r\u00fastico, vale a pena ver essas coisas diferentes e como o Brasil \u00e9 muito bonito. O encontro do mar com o rio, a praia, \u00e9 tudo muito bonito e tranquilo\u201d, contou a professora aposentada.<\/span><\/p>\n<p class=\"p2\"><span class=\"s1\">Para a prefeita Iara Martins, Pacatuba est\u00e1 muito melhor ap\u00f3s a parceria com o Governo de Sergipe. \u201cO governador F\u00e1bio olhou com muito carinho para Pacatuba. Os outros munic\u00edpios que t\u00eam o Ver\u00e3o Sergipe s\u00e3o lugares j\u00e1 conhecidos, mas aqui F\u00e1bio teve esse carinho para fazer despontar tamb\u00e9m Ponta dos Mangues. A economia e o turismo de Pacatuba t\u00eam uma hist\u00f3ria antes e depois do primeiro Ver\u00e3o Sergipe\u201d, enfatizou.<\/span><\/p>\n<p class=\"p2\"><strong><span class=\"s1\">Ver\u00e3o Sergipe<\/span><\/strong><\/p>\n<p class=\"p2\"><span class=\"s1\">O Ver\u00e3o Sergipe \u00e9 uma realiza\u00e7\u00e3o do Governo do Estado, por meio da Funda\u00e7\u00e3o de Cultura e Arte Aperip\u00ea de Sergipe (Funcap) e Secretaria de Estado da Comunica\u00e7\u00e3o (Secom), com patroc\u00ednio do Banese Card e da Companhia de Saneamento de Sergipe (Deso) e apoio da Energisa.<\/span><\/p>\n<p><strong><em>Acompanhe tamb\u00e9m o SE Not\u00edcias no\u00a0<a href=\"https:\/\/www.instagram.com\/senoticias\/\" target=\"_blank\" rel=\"noreferrer noopener\">Instagram<\/a><\/em><\/strong>,\u00a0<strong><em>\u00a0<a href=\"https:\/\/www.facebook.com\/senoticias1\" target=\"_blank\" rel=\"noreferrer noopener\">Facebook<\/a>\u00a0e\u00a0no<\/em>\u00a0<em><a href=\"https:\/\/twitter.com\/Senoticias\">X<\/a><\/em><\/strong><\/p>\n<p>Fonte: Ag\u00eancia Sergipe de Not\u00edcias<\/p>\n","protected":false},"excerpt":{"rendered":"<p>Entre dunas, rio, lagoas, mangues e com praias ainda intocadas, Pacatuba, no baixo S\u00e3o Francisco sergipano, re\u00fane cen\u00e1rios que encantam quem aprecia belezas naturais diversas. Conhecida tamb\u00e9m pelo \u2018Pantanal sergipano\u2019, o munic\u00edpio recebe a partir desta sexta-feira, 24, a primeira edi\u00e7\u00e3o do Ver\u00e3o Sergipe 2025, que leva \u00e0 regi\u00e3o uma ampla programa\u00e7\u00e3o art\u00edstica, cultural e [&hellip;]<\/p>\n","protected":false},"author":6557,"featured_media":146116,"comment_status":"closed","ping_status":"closed","sticky":false,"template":"","format":"standard","meta":{"footnotes":""},"categories":[15,21],"tags":[5365,43058,40408],"class_list":{"0":"post-146115","1":"post","2":"type-post","3":"status-publish","4":"format-standard","5":"has-post-thumbnail","7":"category-destaques","8":"category-entretenimento","9":"tag-pacatuba","10":"tag-pantanal-sergipano","11":"tag-verao-sergipe"},"_links":{"self":[{"href":"https:\/\/senoticias.com.br\/se\/wp-json\/wp\/v2\/posts\/146115"}],"collection":[{"href":"https:\/\/senoticias.com.br\/se\/wp-json\/wp\/v2\/posts"}],"about":[{"href":"https:\/\/senoticias.com.br\/se\/wp-json\/wp\/v2\/types\/post"}],"author":[{"embeddable":true,"href":"https:\/\/senoticias.com.br\/se\/wp-json\/wp\/v2\/users\/6557"}],"replies":[{"embeddable":true,"href":"https:\/\/senoticias.com.br\/se\/wp-json\/wp\/v2\/comments?post=146115"}],"version-history":[{"count":0,"href":"https:\/\/senoticias.com.br\/se\/wp-json\/wp\/v2\/posts\/146115\/revisions"}],"wp:featuredmedia":[{"embeddable":true,"href":"https:\/\/senoticias.com.br\/se\/wp-json\/wp\/v2\/media\/146116"}],"wp:attachment":[{"href":"https:\/\/senoticias.com.br\/se\/wp-json\/wp\/v2\/media?parent=146115"}],"wp:term":[{"taxonomy":"category","embeddable":true,"href":"https:\/\/senoticias.com.br\/se\/wp-json\/wp\/v2\/categories?post=146115"},{"taxonomy":"post_tag","embeddable":true,"href":"https:\/\/senoticias.com.br\/se\/wp-json\/wp\/v2\/tags?post=146115"}],"curies":[{"name":"wp","href":"https:\/\/api.w.org\/{rel}","templated":true}]}}