{"id":146092,"date":"2025-01-21T16:04:51","date_gmt":"2025-01-21T19:04:51","guid":{"rendered":"https:\/\/senoticias.com.br\/se\/?p=146092"},"modified":"2025-01-21T16:04:51","modified_gmt":"2025-01-21T19:04:51","slug":"policia-cientifica-realiza-pericias-e-inicia-confeccao-dos-laudos-sobre-incendio-que-destruiu-veiculos-da-prefeitura-de-poco-verde","status":"publish","type":"post","link":"https:\/\/senoticias.com.br\/se\/policia-cientifica-realiza-pericias-e-inicia-confeccao-dos-laudos-sobre-incendio-que-destruiu-veiculos-da-prefeitura-de-poco-verde\/","title":{"rendered":"Pol\u00edcia Cient\u00edfica realiza per\u00edcias e inicia confec\u00e7\u00e3o dos laudos sobre inc\u00eandio que destruiu ve\u00edculos da Prefeitura de Po\u00e7o Verde"},"content":{"rendered":"<p class=\"p1\"><span class=\"s1\">A Pol\u00edcia Cient\u00edfica (PCi) informou, nesta ter\u00e7a-feira (21), que concluiu os procedimentos periciais relativos \u00e0 apura\u00e7\u00e3o t\u00e9cnica e cient\u00edfica das causas do inc\u00eandio que destruiu diversos ve\u00edculos que estavam estacionados no Centro de Comercializa\u00e7\u00e3o da Agricultura Familiar (CECAF), pertencente \u00e0 Prefeitura de Po\u00e7o Verde. Agora, a PCi est\u00e1 procedendo com a an\u00e1lise dos resultados para emiss\u00e3o dos laudos que ser\u00e3o encaminhados \u00e0 Pol\u00edcia Civil e ao Poder Judici\u00e1rio.\u00a0<\/span><\/p>\n<p><a href=\"https:\/\/senoticias.com.br\/se\/wp-content\/uploads\/2025\/01\/IMG_0435-e1737486252969.png\"><img loading=\"lazy\" decoding=\"async\" class=\"size-full wp-image-146093 aligncenter\" src=\"https:\/\/senoticias.com.br\/se\/wp-content\/uploads\/2025\/01\/IMG_0435-e1737486252969.png\" alt=\"\" width=\"599\" height=\"399\" \/><\/a><\/p>\n<p class=\"p1\"><span class=\"s1\">O incidente aconteceu entre sexta-feira (17) e s\u00e1bado (18), e n\u00e3o houve registro de feridos. Para a ocorr\u00eancia, foi designada uma equipe de peritos e papiloscopista especializados, que fizeram an\u00e1lises detalhadas para identificar poss\u00edveis fatores que levaram ao sinistro, incluindo falhas mec\u00e2nicas, problemas el\u00e9tricos ou ind\u00edcios de a\u00e7\u00f5es criminosas.<\/span><\/p>\n<p class=\"p1\"><span class=\"s1\">O caso est\u00e1 sendo investigado por meio de inqu\u00e9rito instaurado pela Pol\u00edcia Civil. Ap\u00f3s a ocorr\u00eancia, uma equipe do Batalh\u00e3o de Pol\u00edcia de A\u00e7\u00f5es T\u00e1ticas do Interior (BPati), da Pol\u00edcia Militar,\u00a0tamb\u00e9m foi deslocada para auxiliar nas dilig\u00eancias e garantir a seguran\u00e7a no per\u00edmetro onde ocorreu o fato em Po\u00e7o Verde.\u00a0<\/span><\/p>\n<p class=\"p1\"><span class=\"s1\">Logo ap\u00f3s a identifica\u00e7\u00e3o das chamas, o Corpo de Bombeiros atuou prontamente no controle das chamas, evitando que os danos se estendessem a outras \u00e1reas.<\/span><\/p>\n<p class=\"p1\"><span class=\"s1\">Ap\u00f3s a conclus\u00e3o dos laudos periciais que est\u00e3o sendo confeccionados pela Pol\u00edcia Cient\u00edfica, as informa\u00e7\u00f5es ser\u00e3o encaminhadas \u00e0 Pol\u00edcia Civil e ao Poder Judici\u00e1rio.<\/span><\/p>\n<p><strong><em>Acompanhe tamb\u00e9m o SE Not\u00edcias no\u00a0<a href=\"https:\/\/www.instagram.com\/senoticias\/\" target=\"_blank\" rel=\"noreferrer noopener\">Instagram<\/a><\/em><\/strong>,\u00a0<strong><em>\u00a0<a href=\"https:\/\/www.facebook.com\/senoticias1\" target=\"_blank\" rel=\"noreferrer noopener\">Facebook<\/a>\u00a0e\u00a0no<\/em>\u00a0<em><a href=\"https:\/\/twitter.com\/Senoticias\">X<\/a><\/em><\/strong><\/p>\n<p>Fonte: SSP SE<\/p>\n","protected":false},"excerpt":{"rendered":"<p>A Pol\u00edcia Cient\u00edfica (PCi) informou, nesta ter\u00e7a-feira (21), que concluiu os procedimentos periciais relativos \u00e0 apura\u00e7\u00e3o t\u00e9cnica e cient\u00edfica das causas do inc\u00eandio que destruiu diversos ve\u00edculos que estavam estacionados no Centro de Comercializa\u00e7\u00e3o da Agricultura Familiar (CECAF), pertencente \u00e0 Prefeitura de Po\u00e7o Verde. Agora, a PCi est\u00e1 procedendo com a an\u00e1lise dos resultados para [&hellip;]<\/p>\n","protected":false},"author":6557,"featured_media":0,"comment_status":"closed","ping_status":"closed","sticky":false,"template":"","format":"standard","meta":{"footnotes":""},"categories":[15,7],"tags":[43050,43049],"class_list":{"0":"post-146092","1":"post","2":"type-post","3":"status-publish","4":"format-standard","6":"category-destaques","7":"category-policia","8":"tag-cecaf","9":"tag-pci"},"_links":{"self":[{"href":"https:\/\/senoticias.com.br\/se\/wp-json\/wp\/v2\/posts\/146092"}],"collection":[{"href":"https:\/\/senoticias.com.br\/se\/wp-json\/wp\/v2\/posts"}],"about":[{"href":"https:\/\/senoticias.com.br\/se\/wp-json\/wp\/v2\/types\/post"}],"author":[{"embeddable":true,"href":"https:\/\/senoticias.com.br\/se\/wp-json\/wp\/v2\/users\/6557"}],"replies":[{"embeddable":true,"href":"https:\/\/senoticias.com.br\/se\/wp-json\/wp\/v2\/comments?post=146092"}],"version-history":[{"count":0,"href":"https:\/\/senoticias.com.br\/se\/wp-json\/wp\/v2\/posts\/146092\/revisions"}],"wp:attachment":[{"href":"https:\/\/senoticias.com.br\/se\/wp-json\/wp\/v2\/media?parent=146092"}],"wp:term":[{"taxonomy":"category","embeddable":true,"href":"https:\/\/senoticias.com.br\/se\/wp-json\/wp\/v2\/categories?post=146092"},{"taxonomy":"post_tag","embeddable":true,"href":"https:\/\/senoticias.com.br\/se\/wp-json\/wp\/v2\/tags?post=146092"}],"curies":[{"name":"wp","href":"https:\/\/api.w.org\/{rel}","templated":true}]}}