{"id":146048,"date":"2025-01-18T11:03:49","date_gmt":"2025-01-18T14:03:49","guid":{"rendered":"https:\/\/senoticias.com.br\/se\/?p=146048"},"modified":"2025-01-18T11:03:49","modified_gmt":"2025-01-18T14:03:49","slug":"incendio-criminoso-destroi-aproximadamente-dez-veiculos-da-prefeitura-de-poco-verde","status":"publish","type":"post","link":"https:\/\/senoticias.com.br\/se\/incendio-criminoso-destroi-aproximadamente-dez-veiculos-da-prefeitura-de-poco-verde\/","title":{"rendered":"Inc\u00eandio criminoso destr\u00f3i aproximadamente dez ve\u00edculos da prefeitura de Po\u00e7o Verde"},"content":{"rendered":"<p>Na madrugada deste s\u00e1bado (18), por volta das 3h, um inc\u00eandio criminoso foi registrado ao lado do Centro de Comercializa\u00e7\u00e3o da Agricultura Familiar (CECAF), localizado na Travessa Ranulfo Fontes, em Po\u00e7o Verde, a cerca de 150 km de Aracaju (SE). O ocorrido foi documentado por um leitor do<strong><em> Portal SE Not\u00edcias<\/em><\/strong>, que enviou v\u00eddeos mostrando a destrui\u00e7\u00e3o de aproximadamente dez ve\u00edculos, incluindo ambul\u00e2ncias, \u00f4nibus escolar, caminh\u00e3o-pipa, trator e uma viatura da Superintend\u00eancia Municipal de Transportes e Tr\u00e2nsito (SMTT).<\/p>\n<div id=\"attachment_146049\" style=\"width: 474px\" class=\"wp-caption aligncenter\"><a href=\"https:\/\/senoticias.com.br\/se\/wp-content\/uploads\/2025\/01\/Fogo-em-Poco-Verde-SE-Noticias.jpg\"><img loading=\"lazy\" decoding=\"async\" aria-describedby=\"caption-attachment-146049\" class=\"size-full wp-image-146049\" src=\"https:\/\/senoticias.com.br\/se\/wp-content\/uploads\/2025\/01\/Fogo-em-Poco-Verde-SE-Noticias.jpg\" alt=\"\" width=\"464\" height=\"551\" srcset=\"https:\/\/senoticias.com.br\/se\/wp-content\/uploads\/2025\/01\/Fogo-em-Poco-Verde-SE-Noticias.jpg 464w, https:\/\/senoticias.com.br\/se\/wp-content\/uploads\/2025\/01\/Fogo-em-Poco-Verde-SE-Noticias-253x300.jpg 253w\" sizes=\"(max-width: 464px) 100vw, 464px\" \/><\/a><p id=\"caption-attachment-146049\" class=\"wp-caption-text\">Ve\u00edculos foram incendiados criminosamente em Po\u00e7o Verde &#8211; Foto: leitor SE Not\u00edcias<\/p><\/div>\n<p>Segundo relatos, o ato criminoso aconteceu a menos de 50 metros da delegacia e do f\u00f3rum do munic\u00edpio. De acordo com apura\u00e7\u00e3o do portal, os ve\u00edculos haviam sido colocados em uma \u00e1rea p\u00fablica no in\u00edcio da gest\u00e3o do atual prefeito Roberto Barrac\u00e3o (Uni\u00e3o Brasil) como forma de expor \u00e0 popula\u00e7\u00e3o o estado de sucateamento em que se encontravam. Segundo o prefeito, durante a gest\u00e3o anterior, comandada por Igor Oliveira (PSD), os ve\u00edculos tiveram partes importantes, como rodas, pneus, c\u00e2mbios e bancos, retiradas, comprometendo seu uso.<\/p>\n<p>Moradores questionaram nas redes sociais a aus\u00eancia de medidas preventivas. &#8220;Por que esses ve\u00edculos n\u00e3o estavam na garagem?&#8221;, indagou uma moradora. Outro leitor ressaltou que os ve\u00edculos deveriam estar guardados em local adequado, evitando situa\u00e7\u00f5es como esta.<\/p>\n<p><strong>Nota da Prefeitura<\/strong><\/p>\n<p>Em nota oficial, a Prefeitura Municipal de Po\u00e7o Verde repudiou o ato criminoso, classificando-o como um desrespeito ao compromisso da administra\u00e7\u00e3o com a transpar\u00eancia e a gest\u00e3o p\u00fablica. A nota destacou que a r\u00e1pida interven\u00e7\u00e3o de amigos e apoiadores ajudou a controlar o inc\u00eandio antes que os danos fossem ainda maiores.<\/p>\n<p>\u201cEste ato de vandalismo demonstra um desrespeito inaceit\u00e1vel \u00e0 transpar\u00eancia e ao compromisso da nossa administra\u00e7\u00e3o. As autoridades competentes j\u00e1 foram acionadas, e estamos colaborando integralmente para que as investiga\u00e7\u00f5es avancem e a justi\u00e7a seja feita. Seguiremos firmes em nossa miss\u00e3o de construir uma cidade melhor para todos\u201d, afirma a nota.<\/p>\n<p><strong>Investiga\u00e7\u00f5es<\/strong><\/p>\n<p>As investiga\u00e7\u00f5es j\u00e1 est\u00e3o em curso, e a administra\u00e7\u00e3o municipal refor\u00e7ou seu compromisso em identificar os respons\u00e1veis pelo ataque. O caso causou surpresa e revolta na pacata cidade de Po\u00e7o Verde, movimentando discuss\u00f5es nas redes sociais.<\/p>\n<p><strong>Contato com o ex-prefeito<\/strong><\/p>\n<p>O <em><strong>Portal SE Not\u00edcias<\/strong><\/em> tentou contato com o ex-prefeito Igor Oliveira para comentar as acusa\u00e7\u00f5es, mas n\u00e3o obteve retorno. Caso haja manifesta\u00e7\u00e3o, a mat\u00e9ria ser\u00e1 atualizada.<\/p>\n<p><strong><em>Acompanhe tamb\u00e9m o SE Not\u00edcias no\u00a0<a href=\"https:\/\/www.instagram.com\/senoticias\/\" target=\"_blank\" rel=\"noreferrer noopener\">Instagram<\/a><\/em><\/strong>,\u00a0<strong><em>\u00a0<a href=\"https:\/\/www.facebook.com\/senoticias1\" target=\"_blank\" rel=\"noreferrer noopener\">Facebook<\/a>\u00a0e\u00a0no<\/em>\u00a0<em><a href=\"https:\/\/twitter.com\/Senoticias\">X<\/a><\/em><\/strong><\/p>\n<p><em><strong>Por Reda\u00e7\u00e3o SE Not\u00edcias<\/strong><\/em><\/p>\n","protected":false},"excerpt":{"rendered":"<p>Na madrugada deste s\u00e1bado (18), por volta das 3h, um inc\u00eandio criminoso foi registrado ao lado do Centro de Comercializa\u00e7\u00e3o da Agricultura Familiar (CECAF), localizado na Travessa Ranulfo Fontes, em Po\u00e7o Verde, a cerca de 150 km de Aracaju (SE). O ocorrido foi documentado por um leitor do Portal SE Not\u00edcias, que enviou v\u00eddeos mostrando [&hellip;]<\/p>\n","protected":false},"author":6557,"featured_media":146049,"comment_status":"closed","ping_status":"closed","sticky":false,"template":"","format":"standard","meta":{"footnotes":""},"categories":[15,7],"tags":[43028,4995],"class_list":{"0":"post-146048","1":"post","2":"type-post","3":"status-publish","4":"format-standard","5":"has-post-thumbnail","7":"category-destaques","8":"category-policia","9":"tag-incendio-criminoso","10":"tag-poco-verde"},"_links":{"self":[{"href":"https:\/\/senoticias.com.br\/se\/wp-json\/wp\/v2\/posts\/146048"}],"collection":[{"href":"https:\/\/senoticias.com.br\/se\/wp-json\/wp\/v2\/posts"}],"about":[{"href":"https:\/\/senoticias.com.br\/se\/wp-json\/wp\/v2\/types\/post"}],"author":[{"embeddable":true,"href":"https:\/\/senoticias.com.br\/se\/wp-json\/wp\/v2\/users\/6557"}],"replies":[{"embeddable":true,"href":"https:\/\/senoticias.com.br\/se\/wp-json\/wp\/v2\/comments?post=146048"}],"version-history":[{"count":0,"href":"https:\/\/senoticias.com.br\/se\/wp-json\/wp\/v2\/posts\/146048\/revisions"}],"wp:featuredmedia":[{"embeddable":true,"href":"https:\/\/senoticias.com.br\/se\/wp-json\/wp\/v2\/media\/146049"}],"wp:attachment":[{"href":"https:\/\/senoticias.com.br\/se\/wp-json\/wp\/v2\/media?parent=146048"}],"wp:term":[{"taxonomy":"category","embeddable":true,"href":"https:\/\/senoticias.com.br\/se\/wp-json\/wp\/v2\/categories?post=146048"},{"taxonomy":"post_tag","embeddable":true,"href":"https:\/\/senoticias.com.br\/se\/wp-json\/wp\/v2\/tags?post=146048"}],"curies":[{"name":"wp","href":"https:\/\/api.w.org\/{rel}","templated":true}]}}