{"id":146026,"date":"2025-01-17T06:16:32","date_gmt":"2025-01-17T09:16:32","guid":{"rendered":"https:\/\/senoticias.com.br\/se\/?p=146026"},"modified":"2025-01-17T06:27:39","modified_gmt":"2025-01-17T09:27:39","slug":"prefeitura-de-itaporanga-divulga-programacao-da-tradicional-festa-da-padroeira","status":"publish","type":"post","link":"https:\/\/senoticias.com.br\/se\/prefeitura-de-itaporanga-divulga-programacao-da-tradicional-festa-da-padroeira\/","title":{"rendered":"Prefeitura de Itaporanga divulga programa\u00e7\u00e3o da Tradicional Festa da Padroeira"},"content":{"rendered":"<p>A Prefeitura de Itaporanga d\u2019Ajuda divulgou, na noite desta quinta-feira, 16 de janeiro, por meio de uma live conduzida pelo prefeito Ivan Sobral, a programa\u00e7\u00e3o oficial da <strong>Tradicional Festa da Padroeira<\/strong>, um dos eventos mais esperados do ano pela popula\u00e7\u00e3o.<\/p>\n<p>A festa acontecer\u00e1 nos dias <strong>01 e 02 de fevereiro<\/strong> e promete ser um momento especial de uni\u00e3o, f\u00e9 e muita alegria. <strong>Confira os destaques:<\/strong><\/p>\n<h4><strong>01 de fevereiro &#8211; Noite de Grandes Shows<\/strong><\/h4>\n<p>Prepare-se para uma noite de muita m\u00fasica e anima\u00e7\u00e3o com apresenta\u00e7\u00f5es de:<\/p>\n<ul>\n<li><strong>Victor Senna<\/strong> (representando a prata da casa)<\/li>\n<li><strong>Gil Mendes<\/strong><\/li>\n<li><strong>Gal\u00e3 do Brega<\/strong><\/li>\n<li><strong>Iguinho e Lulinha<\/strong><\/li>\n<\/ul>\n<h4><strong>02 de fevereiro &#8211; Encerramento Religioso<\/strong><\/h4>\n<p>O encerramento da festa ser\u00e1 marcado pela apresenta\u00e7\u00e3o emocionante do cantor <strong>Thiago Brado<\/strong>, conhecido por suas can\u00e7\u00f5es que tocam o cora\u00e7\u00e3o e inspiram a f\u00e9.<\/p>\n<p>Durante o an\u00fancio, o prefeito Ivan Sobral ressaltou a relev\u00e2ncia cultural e econ\u00f4mica do evento para o munic\u00edpio. \u201cOs festejos movimentam o com\u00e9rcio, geram renda para os pequenos empreendedores e fortalecem a economia local. \u00c9 uma oportunidade para celebrarmos nossa f\u00e9 e tamb\u00e9m impulsionarmos o desenvolvimento de Itaporanga d\u2019Ajuda\u201d, destacou.<\/p>\n<div id=\"attachment_146027\" style=\"width: 616px\" class=\"wp-caption aligncenter\"><a href=\"https:\/\/senoticias.com.br\/se\/wp-content\/uploads\/2025\/01\/Ivan-Sobral-SE-Noticias.jpeg\"><img loading=\"lazy\" decoding=\"async\" aria-describedby=\"caption-attachment-146027\" class=\"size-full wp-image-146027\" src=\"https:\/\/senoticias.com.br\/se\/wp-content\/uploads\/2025\/01\/Ivan-Sobral-SE-Noticias.jpeg\" alt=\"\" width=\"606\" height=\"605\" srcset=\"https:\/\/senoticias.com.br\/se\/wp-content\/uploads\/2025\/01\/Ivan-Sobral-SE-Noticias.jpeg 606w, https:\/\/senoticias.com.br\/se\/wp-content\/uploads\/2025\/01\/Ivan-Sobral-SE-Noticias-300x300.jpeg 300w, https:\/\/senoticias.com.br\/se\/wp-content\/uploads\/2025\/01\/Ivan-Sobral-SE-Noticias-150x150.jpeg 150w\" sizes=\"(max-width: 606px) 100vw, 606px\" \/><\/a><p id=\"caption-attachment-146027\" class=\"wp-caption-text\">Prefeito Ivan Sobral anuncia programa\u00e7\u00e3o da Festa da Padroeira &#8211; Foto: ascom\/divulga\u00e7\u00e3o<\/p><\/div>\n<p>A programa\u00e7\u00e3o promete atrair moradores e visitantes, consolidando a festa como um marco de integra\u00e7\u00e3o e valoriza\u00e7\u00e3o das tradi\u00e7\u00f5es da cidade.<\/p>\n<p><strong><em>Acompanhe tamb\u00e9m o SE Not\u00edcias no\u00a0<a href=\"https:\/\/www.instagram.com\/senoticias\/\" target=\"_blank\" rel=\"noreferrer noopener\">Instagram<\/a><\/em><\/strong>,\u00a0<strong><em>\u00a0<a href=\"https:\/\/www.facebook.com\/senoticias1\" target=\"_blank\" rel=\"noreferrer noopener\">Facebook<\/a>\u00a0e\u00a0no<\/em>\u00a0<em><a href=\"https:\/\/twitter.com\/Senoticias\">X<\/a><\/em><\/strong><\/p>\n<p>Reda\u00e7\u00e3o com informa\u00e7\u00f5es da ascom\/prefeitura de Itaporanga<\/p>\n<p>&nbsp;<\/p>\n","protected":false},"excerpt":{"rendered":"<p>A Prefeitura de Itaporanga d\u2019Ajuda divulgou, na noite desta quinta-feira, 16 de janeiro, por meio de uma live conduzida pelo prefeito Ivan Sobral, a programa\u00e7\u00e3o oficial da Tradicional Festa da Padroeira, um dos eventos mais esperados do ano pela popula\u00e7\u00e3o. A festa acontecer\u00e1 nos dias 01 e 02 de fevereiro e promete ser um momento [&hellip;]<\/p>\n","protected":false},"author":6557,"featured_media":146027,"comment_status":"closed","ping_status":"closed","sticky":false,"template":"","format":"standard","meta":{"footnotes":""},"categories":[15,21,46],"tags":[38141,4033,43015],"class_list":{"0":"post-146026","1":"post","2":"type-post","3":"status-publish","4":"format-standard","5":"has-post-thumbnail","7":"category-destaques","8":"category-entretenimento","9":"category-religiao","10":"tag-festa-da-padroeira","11":"tag-prefeitura-de-itaporanga","12":"tag-tradicional-festa-da-padroeira"},"_links":{"self":[{"href":"https:\/\/senoticias.com.br\/se\/wp-json\/wp\/v2\/posts\/146026"}],"collection":[{"href":"https:\/\/senoticias.com.br\/se\/wp-json\/wp\/v2\/posts"}],"about":[{"href":"https:\/\/senoticias.com.br\/se\/wp-json\/wp\/v2\/types\/post"}],"author":[{"embeddable":true,"href":"https:\/\/senoticias.com.br\/se\/wp-json\/wp\/v2\/users\/6557"}],"replies":[{"embeddable":true,"href":"https:\/\/senoticias.com.br\/se\/wp-json\/wp\/v2\/comments?post=146026"}],"version-history":[{"count":0,"href":"https:\/\/senoticias.com.br\/se\/wp-json\/wp\/v2\/posts\/146026\/revisions"}],"wp:featuredmedia":[{"embeddable":true,"href":"https:\/\/senoticias.com.br\/se\/wp-json\/wp\/v2\/media\/146027"}],"wp:attachment":[{"href":"https:\/\/senoticias.com.br\/se\/wp-json\/wp\/v2\/media?parent=146026"}],"wp:term":[{"taxonomy":"category","embeddable":true,"href":"https:\/\/senoticias.com.br\/se\/wp-json\/wp\/v2\/categories?post=146026"},{"taxonomy":"post_tag","embeddable":true,"href":"https:\/\/senoticias.com.br\/se\/wp-json\/wp\/v2\/tags?post=146026"}],"curies":[{"name":"wp","href":"https:\/\/api.w.org\/{rel}","templated":true}]}}