{"id":145958,"date":"2025-01-13T18:49:08","date_gmt":"2025-01-13T21:49:08","guid":{"rendered":"https:\/\/senoticias.com.br\/se\/?p=145958"},"modified":"2025-01-13T18:49:08","modified_gmt":"2025-01-13T21:49:08","slug":"governo-de-sergipe-divulga-nova-programacao-do-festival-se-mapping","status":"publish","type":"post","link":"https:\/\/senoticias.com.br\/se\/governo-de-sergipe-divulga-nova-programacao-do-festival-se-mapping\/","title":{"rendered":"Governo de Sergipe divulga nova programa\u00e7\u00e3o do Festival SE Mapping"},"content":{"rendered":"<p>O <strong>Ver\u00e3o Sergipe<\/strong> come\u00e7a com o <strong>Festival SE Mapping<\/strong>, que ser\u00e1 realizado nos dias 16 e 17 de janeiro, na Pra\u00e7a Fausto Cardoso, em Aracaju. O evento inovador re\u00fane proje\u00e7\u00f5es que valorizam as pr\u00e1ticas culturais e a hist\u00f3ria sergipana a partir da t\u00e9cnica de videomapping, al\u00e9m de shows musicais, espa\u00e7o gastron\u00f4mico, feiras de artesanato e economia criativa, atividades para crian\u00e7as e passeios guiados. Idealizado pela Baluart Produtora e Ag\u00eancia Ilimitado, o festival \u00e9 promovido pelo Governo do Estado, por meio da Funda\u00e7\u00e3o de Cultura e Arte Aperip\u00ea de Sergipe (Funcap), em parceria com o SSA Mapping.<\/p>\n<div id=\"attachment_145959\" style=\"width: 560px\" class=\"wp-caption aligncenter\"><a href=\"https:\/\/senoticias.com.br\/se\/wp-content\/uploads\/2025\/01\/Festival-de-Verao-SE-Noticias.jpeg\"><img loading=\"lazy\" decoding=\"async\" aria-describedby=\"caption-attachment-145959\" class=\"size-full wp-image-145959\" src=\"https:\/\/senoticias.com.br\/se\/wp-content\/uploads\/2025\/01\/Festival-de-Verao-SE-Noticias.jpeg\" alt=\"\" width=\"550\" height=\"305\" srcset=\"https:\/\/senoticias.com.br\/se\/wp-content\/uploads\/2025\/01\/Festival-de-Verao-SE-Noticias.jpeg 550w, https:\/\/senoticias.com.br\/se\/wp-content\/uploads\/2025\/01\/Festival-de-Verao-SE-Noticias-300x166.jpeg 300w\" sizes=\"(max-width: 550px) 100vw, 550px\" \/><\/a><p id=\"caption-attachment-145959\" class=\"wp-caption-text\">Festival acontece nos dias 16 e 17 de janeiro com acesso gratuito &#8211; Foto: Funcap<\/p><\/div>\n<p>Inicialmente programado para os dias 11 e 12 de janeiro, o festival foi adiado para a semana seguinte devido \u00e0s fortes chuvas que atingiram o estado. Segundo o presidente da Funcap, Gustavo Paix\u00e3o, a decis\u00e3o atendeu a uma recomenda\u00e7\u00e3o dos \u00f3rg\u00e3os de controle ambiental e meteorol\u00f3gico. \u201cAs chuvas e incid\u00eancias de descargas el\u00e9tricas poderiam comprometer nossos equipamentos, j\u00e1 que o evento acontece em ambiente aberto, em pra\u00e7a p\u00fablica. O adiamento foi necess\u00e1rio para preservar a seguran\u00e7a e garantir o brilho de uma iniciativa in\u00e9dita no estado\u201d, explica.<\/p>\n<p>Sobre as atra\u00e7\u00f5es, Gustavo Paix\u00e3o ressalta a valoriza\u00e7\u00e3o da cultura local. \u201cPriorizamos artistas sergipanos, e todo o conte\u00fado apresentado nas proje\u00e7\u00f5es \u00e9 voltado \u00e0 cultura sergipana, abrangendo diversas linguagens. O SE Mapping \u00e9 um evento marcado pela interatividade e pela valoriza\u00e7\u00e3o da hist\u00f3ria, o que torna este festival t\u00e3o especial\u201d, destaca.<\/p>\n<p>De acordo com a diretora criativa do festival, L\u00edvia Cunha, o adiamento n\u00e3o alterou as atra\u00e7\u00f5es anunciadas, apenas a ordem de algumas apresenta\u00e7\u00f5es. \u201cA programa\u00e7\u00e3o permanece a mesma. Acredito que o novo cronograma cria um apelo para um p\u00fablico que talvez n\u00e3o fosse t\u00e3o contemplado no final de semana: os trabalhadores que circulam pelo Centro de Aracaju durante a semana. Por estarem na regi\u00e3o, ter\u00e3o mais facilidade de acessar e participar do evento\u201d, afirma.<\/p>\n<p>Um dos destaques da programa\u00e7\u00e3o \u00e9 o \u2018Rol\u00ea Ar\u00e1\u2019, passeio guiado pelo historiador Osvaldo Neto. Na quinta-feira, 16, o roteiro come\u00e7a \u00e0s 16h no Rel\u00f3gio do Mercado, no Complexo dos Mercados Centrais, e segue at\u00e9 a Pra\u00e7a Fausto Cardoso, passando por pontos hist\u00f3ricos do centro da capital. J\u00e1 na sexta-feira, 17, o passeio ser\u00e1 de barco, do Atracadouro das Totot\u00f3s at\u00e9 a Ponte do Imperador. A atividade \u00e9 gratuita e sem necessidade de inscri\u00e7\u00e3o. No caso do passeio de barco, est\u00e1 sujeita \u00e0 lota\u00e7\u00e3o m\u00e1xima de 40 participantes.<\/p>\n<p><strong>Atividades formativas e videomapping<br \/>\n<\/strong><br \/>\nNa semana anterior ao evento, nos dias 9 e 10 de janeiro, foi realizada uma oficina gratuita de introdu\u00e7\u00e3o ao videomapping, no Audit\u00f3rio do Arquivo P\u00fablico de Sergipe. A atividade apresentou conceitos, ferramentas e pr\u00e1ticas fundamentais dessa t\u00e9cnica, que projeta imagens em superf\u00edcies de forma criativa. Os participantes tamb\u00e9m se aprofundaram no uso de softwares como Resolume e MadMapper, ampliando sua compreens\u00e3o sobre as possibilidades art\u00edsticas e culturais da ferramenta.<\/p>\n<p><strong>Programa\u00e7\u00e3o<\/strong><\/p>\n<p><strong>Quinta-feira, 16 de janeiro<\/strong><br \/>\n<strong>16h:<\/strong> \u201cRol\u00ea Ar\u00e1\u201d, passeio guiado a p\u00e9 com Osvaldo Neto<br \/>\nRoteiro: Rel\u00f3gio do Mercado no Complexo dos Mercados Centrais at\u00e9 a Pra\u00e7a Fausto Cardoso &#8211; Acesso livre<\/p>\n<p><strong>Na Pra\u00e7a Fausto Cardoso:<br \/>\n17h:<\/strong> Dj Kaska no Coreto Sonoro + Feira de artesanato e economia criativa + Feira de gastronomia e economia solid\u00e1ria + Atividades infantis<br \/>\n<strong>18h:<\/strong> Instala\u00e7\u00f5es de arte e tecnologia: \u2018Digital Landscape\u2019 de Homem Gaiola (MG), \u2018ACASO SURREAL 3\u2019 de Kelly Pires (SP) + Festa das Luzes de Joinville (SC) e \u2018Fausto Iluminado\u2019 por MartinZ (BA) + TANTOcria (BA)<br \/>\n<strong>18h30:<\/strong> Apresenta\u00e7\u00e3o de abertura com Orquestra Sanf\u00f4nica de Aracaju (SE) no palco e proje\u00e7\u00f5es na fachada do Pal\u00e1cio Olimpio Campos de J\u00falia Bezerra Cruz (SE) e S\u00f4nia Mellone (SE)<br \/>\n<strong>19h:<\/strong> Mostra Nacional de videomapping na fachada do Pal\u00e1cio Ol\u00edmpio Campos<br \/>\n<strong>19h30:<\/strong> Apresenta\u00e7\u00e3o de Tradi\u00e7\u00e3o e Tecnologia com Grupo Parafusos (SE) e interven\u00e7\u00f5es visuais de Sarah Ahab (SE)<br \/>\n<strong>20h:<\/strong> Mostra Nacional de videomapping na fachada do Pal\u00e1cio Ol\u00edmpio Campos<br \/>\n<strong>20h30:<\/strong> Apresenta\u00e7\u00e3o de encerramento com The Baggios (SE) com participa\u00e7\u00e3o de Anne Carol (SE) e Sandyal\u00ea (SE) + visuais de Sara Ahab (SE)<br \/>\n<strong>22h:<\/strong> Dj Kaska no Coreto Sonoro + Feira de artesanato e economia criativa + Feira de gastronomia e economia solid\u00e1ria<br \/>\n<strong>23h:<\/strong> Encerramento<\/p>\n<p><strong>Sexta-feira, 17 de janeiro<br \/>\n16h:<\/strong> \u2018Rol\u00ea Ar\u00e1&#8217;, passeio guiado de barco com Osvaldo Neto<br \/>\nRoteiro: Atracadouro das Totot\u00f3s at\u00e9 a Ponte do imperador<br \/>\nVagas limitadas, por ordem de chegada<\/p>\n<p><strong>Na Pra\u00e7a Fausto Cardoso:<\/strong><br \/>\n<strong>17h:<\/strong> Dj Gessana Shakti + Feira de artesanato e economia criativa + Feira de gastronomia e economia solid\u00e1ria + Atividades infantis<br \/>\n<strong>18h:<\/strong> Instala\u00e7\u00f5es de arte e tecnologia: \u2018Digital Landscape\u2019 de Homem Gaiola (MG), \u2018ACASO SURREAL 3\u2019 de Kelly Pires (SP) + Festa das Luzes de Joinville (SC) e \u2018Fausto Iluminado\u2019 por MartinZ (BA) + TANTOcria (BA)<br \/>\n<strong>18h30:<\/strong> Apresenta\u00e7\u00e3o de abertura com Barco de Fogo (SE)<br \/>\n<strong>18h40:<\/strong> Mostra Nacional de videomapping na fachada do Pal\u00e1cio Ol\u00edmpio Campos<br \/>\n<strong>19h:<\/strong> Apresenta\u00e7\u00e3o de Tradi\u00e7\u00e3o e Tecnologia com Grupo Parafusos (SE) com interven\u00e7\u00e3o visual de Layla Bomfim (SE) + Pedido (SE)<br \/>\n<strong>19h30:<\/strong> Mostra Nacional de videomapping na fachada do Pal\u00e1cio Ol\u00edmpio Campos<br \/>\n<strong>20h:<\/strong> Apresenta\u00e7\u00e3o de encerramento com Pedro Lua (SE) com participa\u00e7\u00e3o de Nanda de Aquino (SE) e Lari Lima (SE) e visuais de Sarah Ahab (SE) + Kelly Pires (SP)<br \/>\n<strong>21h30:<\/strong> Dj Patrick Tor4 + Feira de artesanato e economia criativa + Feira de gastronomia e economia solid\u00e1ria<br \/>\n<strong>23h:<\/strong> Encerramento<\/p>\n<p><strong><em>Acompanhe tamb\u00e9m o SE Not\u00edcias no\u00a0<a href=\"https:\/\/www.instagram.com\/senoticias\/\" target=\"_blank\" rel=\"noreferrer noopener\">Instagram<\/a><\/em><\/strong>,\u00a0<strong><em>\u00a0<a href=\"https:\/\/www.facebook.com\/senoticias1\" target=\"_blank\" rel=\"noreferrer noopener\">Facebook<\/a>\u00a0e\u00a0no<\/em>\u00a0<em><a href=\"https:\/\/twitter.com\/Senoticias\">X<\/a><\/em><\/strong><\/p>\n<p>Fonte: Ag\u00eancia Sergipe de Not\u00edcias<\/p>\n<p>&nbsp;<\/p>\n<p>&nbsp;<\/p>\n<p>&nbsp;<\/p>\n<p>&nbsp;<\/p>\n","protected":false},"excerpt":{"rendered":"<p>O Ver\u00e3o Sergipe come\u00e7a com o Festival SE Mapping, que ser\u00e1 realizado nos dias 16 e 17 de janeiro, na Pra\u00e7a Fausto Cardoso, em Aracaju. O evento inovador re\u00fane proje\u00e7\u00f5es que valorizam as pr\u00e1ticas culturais e a hist\u00f3ria sergipana a partir da t\u00e9cnica de videomapping, al\u00e9m de shows musicais, espa\u00e7o gastron\u00f4mico, feiras de artesanato e [&hellip;]<\/p>\n","protected":false},"author":6557,"featured_media":145959,"comment_status":"closed","ping_status":"closed","sticky":false,"template":"","format":"standard","meta":{"footnotes":""},"categories":[15,21],"tags":[42988,12013,448,40408],"class_list":{"0":"post-145958","1":"post","2":"type-post","3":"status-publish","4":"format-standard","5":"has-post-thumbnail","7":"category-destaques","8":"category-entretenimento","9":"tag-festival-se-mapping","10":"tag-funcap","11":"tag-governo-de-sergipe","12":"tag-verao-sergipe"},"_links":{"self":[{"href":"https:\/\/senoticias.com.br\/se\/wp-json\/wp\/v2\/posts\/145958"}],"collection":[{"href":"https:\/\/senoticias.com.br\/se\/wp-json\/wp\/v2\/posts"}],"about":[{"href":"https:\/\/senoticias.com.br\/se\/wp-json\/wp\/v2\/types\/post"}],"author":[{"embeddable":true,"href":"https:\/\/senoticias.com.br\/se\/wp-json\/wp\/v2\/users\/6557"}],"replies":[{"embeddable":true,"href":"https:\/\/senoticias.com.br\/se\/wp-json\/wp\/v2\/comments?post=145958"}],"version-history":[{"count":0,"href":"https:\/\/senoticias.com.br\/se\/wp-json\/wp\/v2\/posts\/145958\/revisions"}],"wp:featuredmedia":[{"embeddable":true,"href":"https:\/\/senoticias.com.br\/se\/wp-json\/wp\/v2\/media\/145959"}],"wp:attachment":[{"href":"https:\/\/senoticias.com.br\/se\/wp-json\/wp\/v2\/media?parent=145958"}],"wp:term":[{"taxonomy":"category","embeddable":true,"href":"https:\/\/senoticias.com.br\/se\/wp-json\/wp\/v2\/categories?post=145958"},{"taxonomy":"post_tag","embeddable":true,"href":"https:\/\/senoticias.com.br\/se\/wp-json\/wp\/v2\/tags?post=145958"}],"curies":[{"name":"wp","href":"https:\/\/api.w.org\/{rel}","templated":true}]}}