{"id":145956,"date":"2025-01-13T17:43:50","date_gmt":"2025-01-13T20:43:50","guid":{"rendered":"https:\/\/senoticias.com.br\/se\/?p=145956"},"modified":"2025-01-13T17:43:50","modified_gmt":"2025-01-13T20:43:50","slug":"policia-civil-divulga-imagens-de-autor-de-furto-a-camara-de-vereadores","status":"publish","type":"post","link":"https:\/\/senoticias.com.br\/se\/policia-civil-divulga-imagens-de-autor-de-furto-a-camara-de-vereadores\/","title":{"rendered":"Pol\u00edcia Civil divulga imagens de autor de furto \u00e0 C\u00e2mara de Vereadores"},"content":{"rendered":"<p>A Pol\u00edcia Civil divulgou nesta segunda-feira, 13, imagens de autor de furto \u00e0 C\u00e2mara Municipal de Itabaianinha. \u00c0 \u00e9poca, Edvaldo Santos Arag\u00e3o, subtraiu 15 equipamentos eletr\u00f4nicos, dos quais 12 foram recuperados pela Delegacia de Itabaianinha.<\/p>\n<div id=\"attachment_145957\" style=\"width: 595px\" class=\"wp-caption aligncenter\"><a href=\"https:\/\/senoticias.com.br\/se\/wp-content\/uploads\/2025\/01\/Suspeito-de-Furto-SE-Noticias.jpg\"><img loading=\"lazy\" decoding=\"async\" aria-describedby=\"caption-attachment-145957\" class=\"size-full wp-image-145957\" src=\"https:\/\/senoticias.com.br\/se\/wp-content\/uploads\/2025\/01\/Suspeito-de-Furto-SE-Noticias.jpg\" alt=\"\" width=\"585\" height=\"350\" srcset=\"https:\/\/senoticias.com.br\/se\/wp-content\/uploads\/2025\/01\/Suspeito-de-Furto-SE-Noticias.jpg 585w, https:\/\/senoticias.com.br\/se\/wp-content\/uploads\/2025\/01\/Suspeito-de-Furto-SE-Noticias-300x179.jpg 300w\" sizes=\"(max-width: 585px) 100vw, 585px\" \/><\/a><p id=\"caption-attachment-145957\" class=\"wp-caption-text\">Qualquer informa\u00e7\u00e3o que possa ajudar na elucida\u00e7\u00e3o do caso pode ser repassada pelo Disque-Den\u00fancia (181) &#8211; Foto: ascom\/SSP\/SE<\/p><\/div>\n<p>De acordo com as informa\u00e7\u00f5es policiais, o suspeito se apresenta como THIAGO e segue foragido desde a data do crime, ocorrido em outubro de 2024. Na a\u00e7\u00e3o, foram furtados 13 tablets e dois notebooks da assembleia legislativa municipal. Ao total, 12 tablets j\u00e1 foram recuperados.<\/p>\n<p>A Pol\u00edcia Civil solicita que informa\u00e7\u00f5es e den\u00fancias que possam levar \u00e0 identifica\u00e7\u00e3o da autoria do crime sejam repassadas \u00e0 pol\u00edcia por meio do Disque-Den\u00fancia, no telefone 181. O sigilo do denunciante \u00e9 garantido.<\/p>\n<p><strong><em>Acompanhe tamb\u00e9m o SE Not\u00edcias no\u00a0<a href=\"https:\/\/www.instagram.com\/senoticias\/\" target=\"_blank\" rel=\"noreferrer noopener\">Instagram<\/a><\/em><\/strong>,\u00a0<strong><em>\u00a0<a href=\"https:\/\/www.facebook.com\/senoticias1\" target=\"_blank\" rel=\"noreferrer noopener\">Facebook<\/a>\u00a0e\u00a0no<\/em>\u00a0<em><a href=\"https:\/\/twitter.com\/Senoticias\">X<\/a><\/em><\/strong><\/p>\n<p>Fonte: SSP\/SE<\/p>\n","protected":false},"excerpt":{"rendered":"<p>A Pol\u00edcia Civil divulgou nesta segunda-feira, 13, imagens de autor de furto \u00e0 C\u00e2mara Municipal de Itabaianinha. \u00c0 \u00e9poca, Edvaldo Santos Arag\u00e3o, subtraiu 15 equipamentos eletr\u00f4nicos, dos quais 12 foram recuperados pela Delegacia de Itabaianinha. De acordo com as informa\u00e7\u00f5es policiais, o suspeito se apresenta como THIAGO e segue foragido desde a data do crime, [&hellip;]<\/p>\n","protected":false},"author":6557,"featured_media":145957,"comment_status":"closed","ping_status":"closed","sticky":false,"template":"","format":"standard","meta":{"footnotes":""},"categories":[15,7],"tags":[3648,42987,78],"class_list":{"0":"post-145956","1":"post","2":"type-post","3":"status-publish","4":"format-standard","5":"has-post-thumbnail","7":"category-destaques","8":"category-policia","9":"tag-camara-de-vereadores","10":"tag-furto-a-camara-de-vereadores","11":"tag-policia-civil"},"_links":{"self":[{"href":"https:\/\/senoticias.com.br\/se\/wp-json\/wp\/v2\/posts\/145956"}],"collection":[{"href":"https:\/\/senoticias.com.br\/se\/wp-json\/wp\/v2\/posts"}],"about":[{"href":"https:\/\/senoticias.com.br\/se\/wp-json\/wp\/v2\/types\/post"}],"author":[{"embeddable":true,"href":"https:\/\/senoticias.com.br\/se\/wp-json\/wp\/v2\/users\/6557"}],"replies":[{"embeddable":true,"href":"https:\/\/senoticias.com.br\/se\/wp-json\/wp\/v2\/comments?post=145956"}],"version-history":[{"count":0,"href":"https:\/\/senoticias.com.br\/se\/wp-json\/wp\/v2\/posts\/145956\/revisions"}],"wp:featuredmedia":[{"embeddable":true,"href":"https:\/\/senoticias.com.br\/se\/wp-json\/wp\/v2\/media\/145957"}],"wp:attachment":[{"href":"https:\/\/senoticias.com.br\/se\/wp-json\/wp\/v2\/media?parent=145956"}],"wp:term":[{"taxonomy":"category","embeddable":true,"href":"https:\/\/senoticias.com.br\/se\/wp-json\/wp\/v2\/categories?post=145956"},{"taxonomy":"post_tag","embeddable":true,"href":"https:\/\/senoticias.com.br\/se\/wp-json\/wp\/v2\/tags?post=145956"}],"curies":[{"name":"wp","href":"https:\/\/api.w.org\/{rel}","templated":true}]}}