{"id":145899,"date":"2025-01-09T15:51:53","date_gmt":"2025-01-09T18:51:53","guid":{"rendered":"https:\/\/senoticias.com.br\/se\/?p=145899"},"modified":"2025-01-09T15:51:53","modified_gmt":"2025-01-09T18:51:53","slug":"mei-tem-novo-valor-de-contribuicao-mensal-em-2025","status":"publish","type":"post","link":"https:\/\/senoticias.com.br\/se\/mei-tem-novo-valor-de-contribuicao-mensal-em-2025\/","title":{"rendered":"MEI tem novo valor de contribui\u00e7\u00e3o mensal em 2025"},"content":{"rendered":"<p>Em 2025, o valor da contribui\u00e7\u00e3o mensal do Microempreendedor Individual (MEI) foi alterado, passou de R$ 70,60 para R$ 75,90 para o MEI em geral (5% do sal\u00e1rio m\u00ednimo), e de R$ 169,44 para R$ 182,16 para o MEI caminhoneiro (12% do sal\u00e1rio m\u00ednimo). Neste \u00faltimo caso, o valor pode variar entre R$ 182,16 e R$ 188,16, de acordo com o tipo de produto transportado e local para onde \u00e9 destinado.<\/p>\n<div id=\"attachment_145900\" style=\"width: 607px\" class=\"wp-caption aligncenter\"><a href=\"https:\/\/senoticias.com.br\/se\/wp-content\/uploads\/2025\/01\/WhatsApp-Image-2025-01-09-at-14.44.26.jpeg\"><img loading=\"lazy\" decoding=\"async\" aria-describedby=\"caption-attachment-145900\" class=\"size-full wp-image-145900\" src=\"https:\/\/senoticias.com.br\/se\/wp-content\/uploads\/2025\/01\/WhatsApp-Image-2025-01-09-at-14.44.26.jpeg\" alt=\"\" width=\"597\" height=\"347\" srcset=\"https:\/\/senoticias.com.br\/se\/wp-content\/uploads\/2025\/01\/WhatsApp-Image-2025-01-09-at-14.44.26.jpeg 597w, https:\/\/senoticias.com.br\/se\/wp-content\/uploads\/2025\/01\/WhatsApp-Image-2025-01-09-at-14.44.26-300x174.jpeg 300w\" sizes=\"(max-width: 597px) 100vw, 597px\" \/><\/a><p id=\"caption-attachment-145900\" class=\"wp-caption-text\">O primeiro boleto a considerar essa mudan\u00e7a vence em fevereiro &#8211; Foto: ascom\/Sebrae\/SE<\/p><\/div>\n<p>O valor \u00e9 pago no Documento de Arrecada\u00e7\u00e3o do Simples Nacional (DAS), que, al\u00e9m da contribui\u00e7\u00e3o previdenci\u00e1ria, cobra os impostos devidos pelos MEIs. O DAS vence todo dia 20 de cada m\u00eas. Ele pode ser emitido diretamente no Portal do Simples Nacional ou pelo App MEI, dispon\u00edvel para iOS e Android. H\u00e1 op\u00e7\u00e3o de pagar por boleto, PIX, d\u00e9bito autom\u00e1tico, entre outras formas.<\/p>\n<p>&nbsp;<\/p>\n<p>Os MEIs que exercem atividades sujeitas ao ICMS (com\u00e9rcio e ind\u00fastria) t\u00eam um acr\u00e9scimo de R$ 1 por m\u00eas no DAS. Para atividades sujeitas ao ISSQN (prestador de servi\u00e7os), a soma \u00e9 de R$ 5. Os empreendedores que realizam os dois tipos de atividade precisam pagar os dois impostos, desembolsando R$ 6 a mais na contribui\u00e7\u00e3o mensal.<\/p>\n<p>&nbsp;<\/p>\n<p>O primeiro boleto a considerar essa mudan\u00e7a vence em fevereiro de 2025, pois o recolhimento \u00e9 sempre com rela\u00e7\u00e3o ao m\u00eas anterior, assim como afirma o Gerente do Escrit\u00f3rio Regional do Sebrae em Aracaju, Aur\u00e9lio Viana, \u201co vencimento do boleto \u00e9 todo dia 20 de cada, sendo que se refere ao m\u00eas anterior. Ent\u00e3o, o de janeiro vence dia 20 de fevereiro. \u00c9 importante frisar que ainda n\u00e3o est\u00e3o dispon\u00edveis os boletos com esse valor alterado. Eles vencer\u00e3o em fevereiro.\u201d<\/p>\n<p>&nbsp;<\/p>\n<p>Al\u00e9m disso, \u00e9 preciso ficar atento ao prazo para a regulariza\u00e7\u00e3o de d\u00edvidas, al\u00e9m dos crit\u00e9rios para se manter no Simples Nacional em 2025. Os Microempreendedores Individuais (MEIs) e as Micro e Pequenas Empresas (MPEs) t\u00eam at\u00e9 o dia 31 de janeiro de 2025 para regularizar as d\u00edvidas com a Receita Federal e evitar a exclus\u00e3o do Simples Nacional.<\/p>\n<p>&nbsp;<\/p>\n<p>\u201c\u00c9 importante que os MEIs mantenham em dia a sua contribui\u00e7\u00e3o para que possam ter acesso aos benef\u00edcios previdenci\u00e1rios, principalmente, o aux\u00edlio-doen\u00e7a, o sal\u00e1rio-maternidade, aux\u00edlio-acidente e, tamb\u00e9m, para que possam contar com o tempo de contribui\u00e7\u00e3o para a sua aposentadoria\u201d, acrescentou Aur\u00e9lio.<\/p>\n<p>&nbsp;<\/p>\n<p>\u00c9 poss\u00edvel consultar a situa\u00e7\u00e3o do CNPJ pela p\u00e1gina do Simples.<\/p>\n<p><strong><em>Acompanhe tamb\u00e9m o SE Not\u00edcias no\u00a0<a href=\"https:\/\/www.instagram.com\/senoticias\/\" target=\"_blank\" rel=\"noreferrer noopener\">Instagram<\/a><\/em><\/strong>,\u00a0<strong><em>\u00a0<a href=\"https:\/\/www.facebook.com\/senoticias1\" target=\"_blank\" rel=\"noreferrer noopener\">Facebook<\/a>\u00a0e\u00a0no<\/em>\u00a0<em><a href=\"https:\/\/twitter.com\/Senoticias\">X<\/a><\/em><\/strong><\/p>\n<p>Ascom\/Sebrae\/SE<\/p>\n<p>&nbsp;<\/p>\n","protected":false},"excerpt":{"rendered":"<p>Em 2025, o valor da contribui\u00e7\u00e3o mensal do Microempreendedor Individual (MEI) foi alterado, passou de R$ 70,60 para R$ 75,90 para o MEI em geral (5% do sal\u00e1rio m\u00ednimo), e de R$ 169,44 para R$ 182,16 para o MEI caminhoneiro (12% do sal\u00e1rio m\u00ednimo). Neste \u00faltimo caso, o valor pode variar entre R$ 182,16 e [&hellip;]<\/p>\n","protected":false},"author":6557,"featured_media":0,"comment_status":"closed","ping_status":"closed","sticky":false,"template":"","format":"standard","meta":{"footnotes":""},"categories":[15],"tags":[3450],"class_list":{"0":"post-145899","1":"post","2":"type-post","3":"status-publish","4":"format-standard","6":"category-destaques","7":"tag-mei"},"_links":{"self":[{"href":"https:\/\/senoticias.com.br\/se\/wp-json\/wp\/v2\/posts\/145899"}],"collection":[{"href":"https:\/\/senoticias.com.br\/se\/wp-json\/wp\/v2\/posts"}],"about":[{"href":"https:\/\/senoticias.com.br\/se\/wp-json\/wp\/v2\/types\/post"}],"author":[{"embeddable":true,"href":"https:\/\/senoticias.com.br\/se\/wp-json\/wp\/v2\/users\/6557"}],"replies":[{"embeddable":true,"href":"https:\/\/senoticias.com.br\/se\/wp-json\/wp\/v2\/comments?post=145899"}],"version-history":[{"count":0,"href":"https:\/\/senoticias.com.br\/se\/wp-json\/wp\/v2\/posts\/145899\/revisions"}],"wp:attachment":[{"href":"https:\/\/senoticias.com.br\/se\/wp-json\/wp\/v2\/media?parent=145899"}],"wp:term":[{"taxonomy":"category","embeddable":true,"href":"https:\/\/senoticias.com.br\/se\/wp-json\/wp\/v2\/categories?post=145899"},{"taxonomy":"post_tag","embeddable":true,"href":"https:\/\/senoticias.com.br\/se\/wp-json\/wp\/v2\/tags?post=145899"}],"curies":[{"name":"wp","href":"https:\/\/api.w.org\/{rel}","templated":true}]}}