{"id":145897,"date":"2025-01-09T15:45:32","date_gmt":"2025-01-09T18:45:32","guid":{"rendered":"https:\/\/senoticias.com.br\/se\/?p=145897"},"modified":"2025-01-09T15:45:32","modified_gmt":"2025-01-09T18:45:32","slug":"urgencia-pediatrica-do-ipesaude-garante-exclusividade-para-beneficiarios-no-hospital-renascenca","status":"publish","type":"post","link":"https:\/\/senoticias.com.br\/se\/urgencia-pediatrica-do-ipesaude-garante-exclusividade-para-beneficiarios-no-hospital-renascenca\/","title":{"rendered":"Urg\u00eancia pedi\u00e1trica do Ipesa\u00fade garante exclusividade para benefici\u00e1rios no Hospital Renascen\u00e7a"},"content":{"rendered":"<p>Os atendimentos na nova unidade acontecer\u00e3o a partir de 2 de janeiro de 2025 e contar\u00e3o com equipe de profissionais qualificados e estrutura planejada, visando a melhoria cont\u00ednua nos servi\u00e7os e a amplia\u00e7\u00e3o da linha de aten\u00e7\u00e3o pedi\u00e1trica<\/p>\n<p><a href=\"https:\/\/senoticias.com.br\/se\/wp-content\/uploads\/2025\/01\/WhatsApp-Image-2025-01-09-at-14.51.54.jpeg\"><img loading=\"lazy\" decoding=\"async\" class=\"size-full wp-image-145898 aligncenter\" src=\"https:\/\/senoticias.com.br\/se\/wp-content\/uploads\/2025\/01\/WhatsApp-Image-2025-01-09-at-14.51.54.jpeg\" alt=\"\" width=\"594\" height=\"330\" srcset=\"https:\/\/senoticias.com.br\/se\/wp-content\/uploads\/2025\/01\/WhatsApp-Image-2025-01-09-at-14.51.54.jpeg 594w, https:\/\/senoticias.com.br\/se\/wp-content\/uploads\/2025\/01\/WhatsApp-Image-2025-01-09-at-14.51.54-300x167.jpeg 300w\" sizes=\"(max-width: 594px) 100vw, 594px\" \/><\/a><\/p>\n<p>Na busca pelo aprimoramento do cuidado infantil, o ano de 2025 come\u00e7ar\u00e1 com uma mudan\u00e7a importante para os benefici\u00e1rios do Ipesa\u00fade: o atendimento de urg\u00eancia e emerg\u00eancia pedi\u00e1trica ser\u00e1 transferido para o Hospital Renascen\u00e7a. No local, os servi\u00e7os pedi\u00e1tricos ser\u00e3o exclusivos aos conveniados, garantindo que todas as demandas sejam voltadas apenas para crian\u00e7as e adolescentes do Ipesa\u00fade.<\/p>\n<p>Alinhando-se \u00e0s metas do Ipesa\u00fade de aprimoramento na presta\u00e7\u00e3o dos servi\u00e7os, os atendimentos no Hospital Renascen\u00e7a acontecer\u00e3o a partir de 2 de janeiro de 2025 e contar\u00e3o com uma equipe de profissionais qualificados, prontos para oferecer um atendimento em pediatria, al\u00e9m de uma estrutura planejada para o p\u00fablico infantil, que inclui uma equipe composta por quatro m\u00e9dicos por turno, leitos de interna\u00e7\u00e3o e \u00e1rea de estabiliza\u00e7\u00e3o. At\u00e9 o dia 31 de janeiro de 2025, o Hospital S\u00e3o Lucas permanecer\u00e1 atendendo normalmente, garantindo a continuidade dos servi\u00e7os sem interrup\u00e7\u00f5es.<\/p>\n<p>O novo servi\u00e7o pedi\u00e1trico ocorre em decorr\u00eancia do plano estrat\u00e9gico do Ipesa\u00fade, que busca fortalecer a rede pr\u00f3pria, e da reestrutura\u00e7\u00e3o interna da Rede D\u2019Or, da qual faz parte o Hospital S\u00e3o Lucas. O servi\u00e7o visa garantir um atendimento pedi\u00e1trico exclusivo, com foco em um cuidado mais eficaz e seguro.<\/p>\n<p>Para o presidente do Ipesa\u00fade, Walter Pinheiro , a a\u00e7\u00e3o demonstra o compromisso do instituto com a busca de melhoria cont\u00ednua nos servi\u00e7os e a amplia\u00e7\u00e3o da linha de aten\u00e7\u00e3o pedi\u00e1trica. \u201cEstamos seguindo nosso plano estrat\u00e9gico em dire\u00e7\u00e3o ao fortalecimento da rede e expans\u00e3o da linha de cuidado infantil. No Hospital Renascen\u00e7a, al\u00e9m de uma \u00f3tima infraestrutura, o atendimento pedi\u00e1trico ser\u00e1 exclusivo para o instituto, o que significa que nossos usu\u00e1rios ter\u00e3o prioridade absoluta. Onde a crian\u00e7a est\u00e1 no centro do cuidado\u201d, diz.<\/p>\n<p>O respons\u00e1vel t\u00e9cnico pela Urg\u00eancia Pedi\u00e1trica do Ipesa\u00fade no Hospital Renascen\u00e7a, William Barcelos, explica que a estrutura foi criada e desenvolvida com afinco para atender os benefici\u00e1rios do instituto. \u201c\u00c9 uma ala completamente nova, criada pelo Hospital Renascen\u00e7a exclusivamente para a pediatria. Ela foi cuidadosamente planejada, projetada e equipada para atender, com excel\u00eancia, \u00e0s necessidades dos pacientes do Ipesa\u00fade. Reafirmamos nosso compromisso em manter o padr\u00e3o de qualidade j\u00e1 consolidado, garantindo um atendimento cada vez mais especializado e humanizado\u201d, pontua.<\/p>\n<p>O diretor da Assist\u00eancia \u00e0 Sa\u00fade (Diras) do Ipesa\u00fade, Sylvio Cardoso, destaca que a decis\u00e3o de transferir o atendimento pedi\u00e1trico para o Hospital Renascen\u00e7a \u00e9 resultado de um processo de estudos e an\u00e1lises detalhadas. \u201cEscolhemos o Hospital Renascen\u00e7a ap\u00f3s uma avalia\u00e7\u00e3o criteriosa e, com certeza, um dos grandes diferenciais \u00e9 a exclusividade no atendimento pedi\u00e1trico. Isso permitir\u00e1 que os benefici\u00e1rios do Ipesa\u00fade recebam cuidados com ainda mais aten\u00e7\u00e3o, sem sobrecarga de outros atendimentos, o que representar\u00e1 um grande avan\u00e7o na presta\u00e7\u00e3o de servi\u00e7os m\u00e9dicos para as nossas crian\u00e7as\u201d, afirma.<\/p>\n<p>\u00c9 v\u00e1lido ressaltar que o atendimento de urg\u00eancia e emerg\u00eancia pedi\u00e1trica permanecer\u00e1 abrangendo crian\u00e7as e adolescentes de at\u00e9 13 anos, 11 meses e 29 dias. Durante o per\u00edodo de transi\u00e7\u00e3o dos locais de atendimento, o Ipesa\u00fade manter\u00e1 os benefici\u00e1rios informados, por meio de seus canais oficiais de comunica\u00e7\u00e3o, como site e redes sociais, a fim de garantir uma transi\u00e7\u00e3o segura, tranquila e sem contratempos.<\/p>\n<p><strong><em>Acompanhe tamb\u00e9m o SE Not\u00edcias no\u00a0<a href=\"https:\/\/www.instagram.com\/senoticias\/\" target=\"_blank\" rel=\"noreferrer noopener\">Instagram<\/a><\/em><\/strong>,\u00a0<strong><em>\u00a0<a href=\"https:\/\/www.facebook.com\/senoticias1\" target=\"_blank\" rel=\"noreferrer noopener\">Facebook<\/a>\u00a0e\u00a0no<\/em>\u00a0<em><a href=\"https:\/\/twitter.com\/Senoticias\">X<\/a><\/em><\/strong><\/p>\n<p>&nbsp;<\/p>\n","protected":false},"excerpt":{"rendered":"<p>Os atendimentos na nova unidade acontecer\u00e3o a partir de 2 de janeiro de 2025 e contar\u00e3o com equipe de profissionais qualificados e estrutura planejada, visando a melhoria cont\u00ednua nos servi\u00e7os e a amplia\u00e7\u00e3o da linha de aten\u00e7\u00e3o pedi\u00e1trica Na busca pelo aprimoramento do cuidado infantil, o ano de 2025 come\u00e7ar\u00e1 com uma mudan\u00e7a importante para [&hellip;]<\/p>\n","protected":false},"author":6557,"featured_media":0,"comment_status":"closed","ping_status":"closed","sticky":false,"template":"","format":"standard","meta":{"footnotes":""},"categories":[15],"tags":[42966,4561,42965],"class_list":{"0":"post-145897","1":"post","2":"type-post","3":"status-publish","4":"format-standard","6":"category-destaques","7":"tag-hospital-renascenca","8":"tag-ipesaude","9":"tag-urgencia-pediatrica"},"_links":{"self":[{"href":"https:\/\/senoticias.com.br\/se\/wp-json\/wp\/v2\/posts\/145897"}],"collection":[{"href":"https:\/\/senoticias.com.br\/se\/wp-json\/wp\/v2\/posts"}],"about":[{"href":"https:\/\/senoticias.com.br\/se\/wp-json\/wp\/v2\/types\/post"}],"author":[{"embeddable":true,"href":"https:\/\/senoticias.com.br\/se\/wp-json\/wp\/v2\/users\/6557"}],"replies":[{"embeddable":true,"href":"https:\/\/senoticias.com.br\/se\/wp-json\/wp\/v2\/comments?post=145897"}],"version-history":[{"count":0,"href":"https:\/\/senoticias.com.br\/se\/wp-json\/wp\/v2\/posts\/145897\/revisions"}],"wp:attachment":[{"href":"https:\/\/senoticias.com.br\/se\/wp-json\/wp\/v2\/media?parent=145897"}],"wp:term":[{"taxonomy":"category","embeddable":true,"href":"https:\/\/senoticias.com.br\/se\/wp-json\/wp\/v2\/categories?post=145897"},{"taxonomy":"post_tag","embeddable":true,"href":"https:\/\/senoticias.com.br\/se\/wp-json\/wp\/v2\/tags?post=145897"}],"curies":[{"name":"wp","href":"https:\/\/api.w.org\/{rel}","templated":true}]}}