{"id":145856,"date":"2025-01-07T10:42:49","date_gmt":"2025-01-07T13:42:49","guid":{"rendered":"https:\/\/senoticias.com.br\/se\/?p=145856"},"modified":"2025-01-07T19:09:11","modified_gmt":"2025-01-07T22:09:11","slug":"prefeita-emilia-correa-anuncia-anulacao-da-licitacao-do-transporte-coletivo-da-grande-aracaju","status":"publish","type":"post","link":"https:\/\/senoticias.com.br\/se\/prefeita-emilia-correa-anuncia-anulacao-da-licitacao-do-transporte-coletivo-da-grande-aracaju\/","title":{"rendered":"Prefeita Em\u00edlia Corr\u00eaa anuncia anula\u00e7\u00e3o da Licita\u00e7\u00e3o do Transporte Coletivo da Grande Aracaju"},"content":{"rendered":"<p>&nbsp;<\/p>\n<p>Em entrevista coletiva realizada nesta ter\u00e7a-feira, 7, a prefeita de Aracaju, Em\u00edlia Corr\u00eaa (PL), anunciou a anula\u00e7\u00e3o da licita\u00e7\u00e3o para o transporte coletivo na Grande Aracaju. A decis\u00e3o foi tomada ap\u00f3s a identifica\u00e7\u00e3o de irregularidades graves no processo licitat\u00f3rio, que foram refor\u00e7adas por uma determina\u00e7\u00e3o judicial, e \u00e9 parte das a\u00e7\u00f5es da gest\u00e3o para enfrentar os problemas hist\u00f3ricos do setor na capital.<\/p>\n<div id=\"attachment_145857\" style=\"width: 560px\" class=\"wp-caption aligncenter\"><a href=\"https:\/\/senoticias.com.br\/se\/wp-content\/uploads\/2025\/01\/IMG_0419.jpeg\"><img loading=\"lazy\" decoding=\"async\" aria-describedby=\"caption-attachment-145857\" class=\"size-full wp-image-145857\" src=\"https:\/\/senoticias.com.br\/se\/wp-content\/uploads\/2025\/01\/IMG_0419.jpeg\" alt=\"\" width=\"550\" height=\"330\" srcset=\"https:\/\/senoticias.com.br\/se\/wp-content\/uploads\/2025\/01\/IMG_0419.jpeg 550w, https:\/\/senoticias.com.br\/se\/wp-content\/uploads\/2025\/01\/IMG_0419-300x180.jpeg 300w\" sizes=\"(max-width: 550px) 100vw, 550px\" \/><\/a><p id=\"caption-attachment-145857\" class=\"wp-caption-text\">Em\u00edlia anuncia anula\u00e7\u00e3o da licita\u00e7\u00e3o do transporte da Grande Aracaju &#8211; Foto: arquivo\/SMTT Aju<\/p><\/div>\n<p>Em\u00edlia explicou que o Minist\u00e9rio P\u00fablico j\u00e1 havia solicitado a suspens\u00e3o da licita\u00e7\u00e3o em julho do ano passado, apontando falhas significativas. Em novembro, a ju\u00edza Cristina Machado tamb\u00e9m determinou a suspens\u00e3o do processo, destacando a falta de transpar\u00eancia e a aus\u00eancia de crit\u00e9rios claros. Diante disso, a prefeita afirmou: &#8220;Com base nesses fatos, decidimos anular a licita\u00e7\u00e3o e buscar um novo modelo que realmente atenda \u00e0s necessidades da popula\u00e7\u00e3o.&#8221;<\/p>\n<p>A prefeita informou que uma nova licita\u00e7\u00e3o ser\u00e1 conclu\u00edda em at\u00e9 seis meses. Durante esse per\u00edodo, as empresas respons\u00e1veis pelo transporte ter\u00e3o 60 dias para reestruturar suas atividades. Caso n\u00e3o cumpram as exig\u00eancias estabelecidas, poder\u00e3o ser substitu\u00eddas. &#8220;N\u00e3o permitiremos que a popula\u00e7\u00e3o continue sofrendo com um transporte caro, indigno e que coloca vidas em risco. Estamos agindo com responsabilidade e compromisso pol\u00edtico para mudar essa realidade&#8221;, enfatizou Em\u00edlia.<\/p>\n<p>Entre as principais medidas anunciadas pela prefeita, est\u00e1 a implementa\u00e7\u00e3o de corredores exclusivos para \u00f4nibus, uma promessa de campanha de Em\u00edlia Corr\u00eaa. Al\u00e9m disso, foi anunciado o congelamento da tarifa, que permanecer\u00e1 em R$ 4,50. A prefeita destacou que um aumento na tarifa s\u00f3 ser\u00e1 poss\u00edvel quando houver melhorias substanciais no servi\u00e7o oferecido \u00e0 popula\u00e7\u00e3o. Atualmente, o transporte p\u00fablico em Aracaju enfrenta uma s\u00e9rie de problemas, como \u00f4nibus quebrados, aus\u00eancia de ar-condicionado e condi\u00e7\u00f5es operacionais prec\u00e1rias.<\/p>\n<p>O Procurador do Munic\u00edpio de Aracaju, Hunaldo Mota, tamb\u00e9m se pronunciou sobre a anula\u00e7\u00e3o da licita\u00e7\u00e3o, destacando os fundamentos jur\u00eddicos da decis\u00e3o. Segundo Mota, a Constitui\u00e7\u00e3o Federal estabelece que apenas a Uni\u00e3o pode legislar sobre normas gerais de licita\u00e7\u00e3o, e tanto o Superior Tribunal de Justi\u00e7a (STJ) quanto o Tribunal de Contas da Uni\u00e3o (TCU) possuem jurisprud\u00eancia consolidada que impede reten\u00e7\u00f5es financeiras por servi\u00e7os j\u00e1 prestados. O sistema de transporte atualmente opera de maneira prec\u00e1ria, sem uma concess\u00e3o formal, o que a gest\u00e3o busca regularizar por meio da nova licita\u00e7\u00e3o.<\/p>\n<p>&#8220;O sistema funciona hoje por meio de uma simples ordem de servi\u00e7o, sem o amparo legal de um contrato de concess\u00e3o regular&#8221;, explicou o procurador. A regulariza\u00e7\u00e3o do sistema \u00e9 uma prioridade para a atual gest\u00e3o, que busca assegurar uma opera\u00e7\u00e3o mais legalizada e eficiente.<\/p>\n<p>Durante a coletiva, a prefeita tamb\u00e9m abordou a situa\u00e7\u00e3o do Cons\u00f3rcio Metropolitano e o poss\u00edvel afastamento de seu diretor, Renato Telles. Em\u00edlia Corr\u00eaa revelou que, ap\u00f3s reuni\u00f5es com prefeitos da regi\u00e3o, todos est\u00e3o alinhados em rela\u00e7\u00e3o \u00e0 destitui\u00e7\u00e3o do diretor, caso ele n\u00e3o compreenda a necessidade de mudan\u00e7as. &#8220;Se o senhor Renato Telles n\u00e3o entender isso, vamos destitu\u00ed-lo a partir de uma convoca\u00e7\u00e3o que faremos ao cons\u00f3rcio&#8221;, disse a prefeita, destacando que os prefeitos est\u00e3o de acordo com a medida.<\/p>\n<p>A prefeita concluiu, reafirmando seu compromisso com a melhoria do transporte coletivo em Aracaju e com a solu\u00e7\u00e3o dos problemas estruturais e operacionais do sistema.<\/p>\n<p>A expectativa \u00e9 que as mudan\u00e7as anunciadas tragam melhorias significativas para os cidad\u00e3os, resolvendo quest\u00f5es hist\u00f3ricas e garantindo um servi\u00e7o de transporte mais eficiente e acess\u00edvel para todos.<\/p>\n<p><strong><em>Acompanhe tamb\u00e9m o SE Not\u00edcias no\u00a0<a href=\"https:\/\/www.instagram.com\/senoticias\/\" target=\"_blank\" rel=\"noreferrer noopener\">Instagram<\/a><\/em><\/strong>,\u00a0<strong><em>\u00a0<a href=\"https:\/\/www.facebook.com\/senoticias1\" target=\"_blank\" rel=\"noreferrer noopener\">Facebook<\/a>\u00a0e\u00a0no<\/em>\u00a0<em><a href=\"https:\/\/twitter.com\/Senoticias\">X<\/a><\/em><\/strong><\/p>\n<p>Reda\u00e7\u00e3o SE Not\u00edcias<\/p>\n","protected":false},"excerpt":{"rendered":"<p>&nbsp; Em entrevista coletiva realizada nesta ter\u00e7a-feira, 7, a prefeita de Aracaju, Em\u00edlia Corr\u00eaa (PL), anunciou a anula\u00e7\u00e3o da licita\u00e7\u00e3o para o transporte coletivo na Grande Aracaju. A decis\u00e3o foi tomada ap\u00f3s a identifica\u00e7\u00e3o de irregularidades graves no processo licitat\u00f3rio, que foram refor\u00e7adas por uma determina\u00e7\u00e3o judicial, e \u00e9 parte das a\u00e7\u00f5es da gest\u00e3o para [&hellip;]<\/p>\n","protected":false},"author":6557,"featured_media":0,"comment_status":"closed","ping_status":"closed","sticky":false,"template":"","format":"standard","meta":{"footnotes":""},"categories":[15,6],"tags":[36288,213],"class_list":{"0":"post-145856","1":"post","2":"type-post","3":"status-publish","4":"format-standard","6":"category-destaques","7":"category-politica","8":"tag-licitacao-transporte-publico","9":"tag-prefeitura-de-aracaju"},"_links":{"self":[{"href":"https:\/\/senoticias.com.br\/se\/wp-json\/wp\/v2\/posts\/145856"}],"collection":[{"href":"https:\/\/senoticias.com.br\/se\/wp-json\/wp\/v2\/posts"}],"about":[{"href":"https:\/\/senoticias.com.br\/se\/wp-json\/wp\/v2\/types\/post"}],"author":[{"embeddable":true,"href":"https:\/\/senoticias.com.br\/se\/wp-json\/wp\/v2\/users\/6557"}],"replies":[{"embeddable":true,"href":"https:\/\/senoticias.com.br\/se\/wp-json\/wp\/v2\/comments?post=145856"}],"version-history":[{"count":0,"href":"https:\/\/senoticias.com.br\/se\/wp-json\/wp\/v2\/posts\/145856\/revisions"}],"wp:attachment":[{"href":"https:\/\/senoticias.com.br\/se\/wp-json\/wp\/v2\/media?parent=145856"}],"wp:term":[{"taxonomy":"category","embeddable":true,"href":"https:\/\/senoticias.com.br\/se\/wp-json\/wp\/v2\/categories?post=145856"},{"taxonomy":"post_tag","embeddable":true,"href":"https:\/\/senoticias.com.br\/se\/wp-json\/wp\/v2\/tags?post=145856"}],"curies":[{"name":"wp","href":"https:\/\/api.w.org\/{rel}","templated":true}]}}