{"id":145853,"date":"2025-01-07T10:21:34","date_gmt":"2025-01-07T13:21:34","guid":{"rendered":"https:\/\/senoticias.com.br\/se\/?p=145853"},"modified":"2025-01-07T10:34:16","modified_gmt":"2025-01-07T13:34:16","slug":"estado-de-sergipe-publica-decreto-que-define-feriados-e-pontos-facultativos-de-2025","status":"publish","type":"post","link":"https:\/\/senoticias.com.br\/se\/estado-de-sergipe-publica-decreto-que-define-feriados-e-pontos-facultativos-de-2025\/","title":{"rendered":"Estado de Sergipe publica decreto que define feriados e pontos facultativos de 2025"},"content":{"rendered":"<div class=\"flex-1 overflow-hidden @container\/thread\">\n<div class=\"h-full\">\n<div class=\"react-scroll-to-bottom--css-mrdpy-79elbk h-full\">\n<div class=\"react-scroll-to-bottom--css-mrdpy-1n7m0yu\">\n<div class=\"flex flex-col text-sm md:pb-9\">\n<article class=\"w-full scroll-mb-[var(--thread-trailing-height,150px)] text-token-text-primary focus-visible:outline-2 focus-visible:outline-offset-[-4px]\" dir=\"auto\" data-testid=\"conversation-turn-5\" data-scroll-anchor=\"true\">\n<div class=\"m-auto text-base py-[18px] px-3 md:px-4 w-full md:px-5 lg:px-4 xl:px-5\">\n<div class=\"mx-auto flex flex-1 gap-4 text-base md:gap-5 lg:gap-6 md:max-w-3xl\">\n<div class=\"group\/conversation-turn relative flex w-full min-w-0 flex-col agent-turn\">\n<div class=\"flex-col gap-1 md:gap-3\">\n<div class=\"flex max-w-full flex-col flex-grow\">\n<div class=\"min-h-8 text-message flex w-full flex-col items-end gap-2 whitespace-normal break-words text-start [.text-message+&amp;]:mt-5\" dir=\"auto\" data-message-author-role=\"assistant\" data-message-id=\"a4fb9282-0ba0-4713-a04d-b41bf1b5f735\" data-message-model-slug=\"gpt-4o-mini\">\n<div class=\"flex w-full flex-col gap-1 empty:hidden first:pt-[3px]\">\n<div class=\"markdown prose w-full break-words dark:prose-invert light\">\n<p>O Governo do Estado de Sergipe publicou, nesta ter\u00e7a-feira (7), o Decreto n\u00ba 920, que estabelece os dias de feriados nacionais e estaduais, al\u00e9m dos pontos facultativos para os \u00f3rg\u00e3os e entidades da Administra\u00e7\u00e3o P\u00fablica Estadual \u2013 Poder Executivo, para o ano de 2025. A medida, que foi oficializada no Di\u00e1rio Oficial, visa regulamentar o calend\u00e1rio de feriados para garantir o cumprimento das normas estabelecidas, sem prejudicar os servi\u00e7os essenciais.<\/p>\n<div id=\"attachment_145855\" style=\"width: 440px\" class=\"wp-caption aligncenter\"><a href=\"https:\/\/senoticias.com.br\/se\/wp-content\/uploads\/2025\/01\/Feriados-2025-se-noticias.jpeg\"><img loading=\"lazy\" decoding=\"async\" aria-describedby=\"caption-attachment-145855\" class=\"size-full wp-image-145855\" src=\"https:\/\/senoticias.com.br\/se\/wp-content\/uploads\/2025\/01\/Feriados-2025-se-noticias.jpeg\" alt=\"\" width=\"430\" height=\"300\" srcset=\"https:\/\/senoticias.com.br\/se\/wp-content\/uploads\/2025\/01\/Feriados-2025-se-noticias.jpeg 430w, https:\/\/senoticias.com.br\/se\/wp-content\/uploads\/2025\/01\/Feriados-2025-se-noticias-300x209.jpeg 300w\" sizes=\"(max-width: 430px) 100vw, 430px\" \/><\/a><p id=\"caption-attachment-145855\" class=\"wp-caption-text\">Publicado no Di\u00e1rio Oficial do Estado, o calend\u00e1rio traz orienta\u00e7\u00f5es para \u00f3rg\u00e3os p\u00fablicos e trabalhadores &#8211; Foto: arquivo\/Abr<\/p><\/div>\n<p>De acordo com o decreto, os feriados nacionais e estaduais e os pontos facultativos devem ser observados pelos \u00f3rg\u00e3os da Administra\u00e7\u00e3o P\u00fablica Estadual Direta, Aut\u00e1rquica e Fundacional. Contudo, os servi\u00e7os considerados essenciais n\u00e3o ser\u00e3o interrompidos nesses per\u00edodos.<\/p>\n<p>Al\u00e9m disso, o decreto destaca que os feriados municipais, declarados por leis locais, devem ser observados nas reparti\u00e7\u00f5es estaduais localizadas nas respectivas cidades. Assim, os munic\u00edpios poder\u00e3o ter dias de feriado espec\u00edficos que dever\u00e3o ser acatados pelas reparti\u00e7\u00f5es p\u00fablicas estaduais.<\/p>\n<p><strong>O decreto de Sergipe estabeleceu as seguintes datas para 2025:<\/strong><\/p>\n<ol>\n<li><strong>1\u00ba de janeiro (quarta-feira)<\/strong> \u2013 <strong>Confraterniza\u00e7\u00e3o Universal<\/strong> (feriado nacional)<\/li>\n<li><strong>3, 4 e 5 de mar\u00e7o (segunda, ter\u00e7a e quarta-feira)<\/strong> \u2013 <strong>Carnaval<\/strong> (ponto facultativo)<\/li>\n<li><strong>17 e 18 de abril (quinta-feira e sexta-feira)<\/strong> \u2013 <strong>Paix\u00e3o de Cristo<\/strong> (ponto facultativo e feriado nacional)<\/li>\n<li><strong>21 de abril (segunda-feira)<\/strong> \u2013 <strong>Tiradentes<\/strong> (feriado nacional)<\/li>\n<li><strong>1\u00ba de maio (quinta-feira)<\/strong> \u2013 <strong>Dia Mundial do Trabalho<\/strong> (feriado nacional)<\/li>\n<li><strong>19 de junho (quinta-feira)<\/strong> \u2013 <strong>Corpus Christi<\/strong> (ponto facultativo)<\/li>\n<li><strong>24 de junho (ter\u00e7a-feira)<\/strong> \u2013 <strong>S\u00e3o Jo\u00e3o<\/strong> (ponto facultativo)<\/li>\n<li><strong>8 de julho (ter\u00e7a-feira)<\/strong> \u2013 <strong>Independ\u00eancia de Sergipe<\/strong> (feriado estadual)<\/li>\n<li><strong>7 de setembro (domingo)<\/strong> \u2013 <strong>Independ\u00eancia do Brasil<\/strong> (feriado nacional)<\/li>\n<li><strong>12 de outubro (domingo)<\/strong> \u2013 <strong>Dia de Nossa Senhora Aparecida, Padroeira do Brasil<\/strong> (feriado nacional)<\/li>\n<li><strong>28 de outubro (ter\u00e7a-feira)<\/strong> \u2013 <strong>Dia do Servidor P\u00fablico<\/strong> (ponto facultativo)<\/li>\n<li><strong>2 de novembro (domingo)<\/strong> \u2013 <strong>Dia de Finados<\/strong> (feriado nacional)<\/li>\n<li><strong>15 de novembro (s\u00e1bado)<\/strong> \u2013 <strong>Proclama\u00e7\u00e3o da Rep\u00fablica<\/strong> (feriado nacional)<\/li>\n<li><strong>20 de novembro (quinta-feira)<\/strong> \u2013 <strong>Dia Nacional de Zumbi e da Consci\u00eancia Negra<\/strong> (feriado nacional)<\/li>\n<li><strong>24 e 25 de dezembro (quarta-feira e quinta-feira)<\/strong> \u2013 <strong>Natal<\/strong> (ponto facultativo e feriado nacional)<\/li>\n<li><strong>31 de dezembro (quarta-feira)<\/strong> \u2013 <strong>Ponto Facultativo<\/strong><\/li>\n<\/ol>\n<h3>Observa\u00e7\u00f5es Importantes<\/h3>\n<ul>\n<li><strong>Feriados Municipais<\/strong>: O decreto tamb\u00e9m destaca que os feriados definidos por leis municipais devem ser observados pelas reparti\u00e7\u00f5es estaduais localizadas nos respectivos munic\u00edpios.<\/li>\n<li><strong>Servi\u00e7os Essenciais<\/strong>: A publica\u00e7\u00e3o do decreto reitera que os servi\u00e7os essenciais n\u00e3o ser\u00e3o interrompidos durante os feriados e pontos facultativos, garantindo o funcionamento cont\u00ednuo das atividades que s\u00e3o imprescind\u00edveis \u00e0 popula\u00e7\u00e3o.<\/li>\n<\/ul>\n<p>O Decreto n\u00ba 920 entra em vigor imediatamente e revoga disposi\u00e7\u00f5es anteriores, consolidando o calend\u00e1rio oficial de 2025 para as reparti\u00e7\u00f5es da Administra\u00e7\u00e3o P\u00fablica Estadual Direta, Aut\u00e1rquica e Fundacional.<\/p>\n<\/div>\n<\/div>\n<\/div>\n<\/div>\n<div class=\"mb-2 flex gap-3 empty:hidden -ml-2\">\n<div class=\"items-center justify-start rounded-xl p-1 flex\">\n<div class=\"flex items-center\"><\/div>\n<\/div>\n<\/div>\n<div class=\"pr-2 lg:pr-0\"><strong><em>Acompanhe tamb\u00e9m o SE Not\u00edcias no\u00a0<a href=\"https:\/\/www.instagram.com\/senoticias\/\" target=\"_blank\" rel=\"noreferrer noopener\">Instagram<\/a><\/em><\/strong>,\u00a0<strong><em><a href=\"https:\/\/www.facebook.com\/senoticias1\" target=\"_blank\" rel=\"noreferrer noopener\">Facebook<\/a>\u00a0e\u00a0no <\/em><em><a href=\"https:\/\/twitter.com\/Senoticias\">X<\/a><\/p>\n<p><\/em><\/strong><\/div>\n<\/div>\n<div>Reda\u00e7\u00e3o SE Not\u00edcias<\/div>\n<div class=\"flex-col gap-1 md:gap-3\">\n<div class=\"mt-3 w-full empty:hidden\">\n<div class=\"text-center\"><\/div>\n<\/div>\n<\/div>\n<div class=\"absolute\">\n<div class=\"flex items-center justify-center\"><\/div>\n<\/div>\n<\/div>\n<\/div>\n<\/div>\n<\/article>\n<\/div>\n<\/div>\n<\/div>\n<\/div>\n<\/div>\n<div class=\"md:pt-0 dark:border-white\/20 md:border-transparent md:dark:border-transparent w-full\">\n<div>\n<div class=\"m-auto text-base px-3 md:px-4 w-full md:px-5 lg:px-4 xl:px-5\">\n<div class=\"mx-auto flex flex-1 gap-4 text-base md:gap-5 lg:gap-6 md:max-w-3xl\">\n<div class=\"flex justify-center\"><\/div>\n<\/div>\n<\/div>\n<\/div>\n<\/div>\n","protected":false},"excerpt":{"rendered":"<p>O Governo do Estado de Sergipe publicou, nesta ter\u00e7a-feira (7), o Decreto n\u00ba 920, que estabelece os dias de feriados nacionais e estaduais, al\u00e9m dos pontos facultativos para os \u00f3rg\u00e3os e entidades da Administra\u00e7\u00e3o P\u00fablica Estadual \u2013 Poder Executivo, para o ano de 2025. A medida, que foi oficializada no Di\u00e1rio Oficial, visa regulamentar o [&hellip;]<\/p>\n","protected":false},"author":6557,"featured_media":145855,"comment_status":"closed","ping_status":"closed","sticky":false,"template":"","format":"standard","meta":{"footnotes":""},"categories":[15,6,1],"tags":[5231,42957],"class_list":{"0":"post-145853","1":"post","2":"type-post","3":"status-publish","4":"format-standard","5":"has-post-thumbnail","7":"category-destaques","8":"category-politica","9":"category-sem-categoria","10":"tag-feriados","11":"tag-pontos-facultativos-de-2025"},"_links":{"self":[{"href":"https:\/\/senoticias.com.br\/se\/wp-json\/wp\/v2\/posts\/145853"}],"collection":[{"href":"https:\/\/senoticias.com.br\/se\/wp-json\/wp\/v2\/posts"}],"about":[{"href":"https:\/\/senoticias.com.br\/se\/wp-json\/wp\/v2\/types\/post"}],"author":[{"embeddable":true,"href":"https:\/\/senoticias.com.br\/se\/wp-json\/wp\/v2\/users\/6557"}],"replies":[{"embeddable":true,"href":"https:\/\/senoticias.com.br\/se\/wp-json\/wp\/v2\/comments?post=145853"}],"version-history":[{"count":0,"href":"https:\/\/senoticias.com.br\/se\/wp-json\/wp\/v2\/posts\/145853\/revisions"}],"wp:featuredmedia":[{"embeddable":true,"href":"https:\/\/senoticias.com.br\/se\/wp-json\/wp\/v2\/media\/145855"}],"wp:attachment":[{"href":"https:\/\/senoticias.com.br\/se\/wp-json\/wp\/v2\/media?parent=145853"}],"wp:term":[{"taxonomy":"category","embeddable":true,"href":"https:\/\/senoticias.com.br\/se\/wp-json\/wp\/v2\/categories?post=145853"},{"taxonomy":"post_tag","embeddable":true,"href":"https:\/\/senoticias.com.br\/se\/wp-json\/wp\/v2\/tags?post=145853"}],"curies":[{"name":"wp","href":"https:\/\/api.w.org\/{rel}","templated":true}]}}