{"id":145838,"date":"2025-01-06T14:27:47","date_gmt":"2025-01-06T17:27:47","guid":{"rendered":"https:\/\/senoticias.com.br\/se\/?p=145838"},"modified":"2025-01-06T14:27:47","modified_gmt":"2025-01-06T17:27:47","slug":"prefeitura-de-socorro-realiza-mutirao-de-limpeza-no-municipio","status":"publish","type":"post","link":"https:\/\/senoticias.com.br\/se\/prefeitura-de-socorro-realiza-mutirao-de-limpeza-no-municipio\/","title":{"rendered":"Prefeitura de Socorro realiza mutir\u00e3o de limpeza no munic\u00edpio"},"content":{"rendered":"<p>Segundo o prefeito Samuel, a a\u00e7\u00e3o enfatiza o compromisso da gest\u00e3o com a popula\u00e7\u00e3o socorrense<\/p>\n<div id=\"attachment_145839\" style=\"width: 600px\" class=\"wp-caption aligncenter\"><a href=\"https:\/\/senoticias.com.br\/se\/wp-content\/uploads\/2025\/01\/WhatsApp-Image-2025-01-06-at-13.50.18.jpeg\"><img loading=\"lazy\" decoding=\"async\" aria-describedby=\"caption-attachment-145839\" class=\"size-full wp-image-145839\" src=\"https:\/\/senoticias.com.br\/se\/wp-content\/uploads\/2025\/01\/WhatsApp-Image-2025-01-06-at-13.50.18.jpeg\" alt=\"\" width=\"590\" height=\"432\" srcset=\"https:\/\/senoticias.com.br\/se\/wp-content\/uploads\/2025\/01\/WhatsApp-Image-2025-01-06-at-13.50.18.jpeg 590w, https:\/\/senoticias.com.br\/se\/wp-content\/uploads\/2025\/01\/WhatsApp-Image-2025-01-06-at-13.50.18-300x220.jpeg 300w\" sizes=\"(max-width: 590px) 100vw, 590px\" \/><\/a><p id=\"caption-attachment-145839\" class=\"wp-caption-text\">Segundo o prefeito Samuel, a a\u00e7\u00e3o enfatiza o compromisso da gest\u00e3o com a popula\u00e7\u00e3o socorrense &#8211; Foto: Milton Carvalho<\/p><\/div>\n<p>A Prefeitura de Nossa Senhora do Socorro, por meio das Secretarias Municipais de Servi\u00e7os Urbanos e de Infraestrutura, realizou o primeiro mutir\u00e3o emergencial de limpeza urbana e reparos da infraestrutura do munic\u00edpio. A a\u00e7\u00e3o foi iniciada na manh\u00e3 desta segunda-feira (6), pr\u00f3ximo \u00e0 ponte Governador Jos\u00e9 Rollemberg Leite e ir\u00e1 se estender por todo o anel vi\u00e1rio do Complexo Tai\u00e7oca.<\/p>\n<p>Com um efetivo de mais de 200 trabalhadores e suporte de 16 ca\u00e7ambas, oito ro\u00e7adeiras, tr\u00eas m\u00e1quinas carregadeiras e tr\u00eas caminh\u00f5es, a atua\u00e7\u00e3o integrada das secretarias garantiu o in\u00edcio da limpeza da cidade.<\/p>\n<p>\u201cA ordem aqui \u00e9 trabalho, trabalho e muito trabalho. Inicialmente faremos uma zeladoria, cuidando dos espa\u00e7os p\u00fablicos, pra\u00e7as, canteiros, para deixar Socorro bonita como o seu povo. Infelizmente encontramos a cidade com muito lixo e entulho acumulado, nossa pretens\u00e3o \u00e9 manter o munic\u00edpio limpo, sem precisar fazer mutir\u00f5es, mas sim disponibilizando os servi\u00e7os de forma regular. Esse \u00e9 um compromisso nosso com a popula\u00e7\u00e3o de Socorro, melhorar a qualidade de vida de todos que residem aqui\u201d, afirmou o prefeito.<\/p>\n<p>A iniciativa, que tamb\u00e9m ir\u00e1 garantir mais qualidade de vida da popula\u00e7\u00e3o, vai se estender por todo o munic\u00edpio. \u201cVamos percorrer todas as avenidas, saindo daqui at\u00e9 o Marcos Freire III, passando pelo Albano Franco, pela regi\u00e3o das ind\u00fastrias e com\u00e9rcio, chegando at\u00e9 o Jo\u00e3o Alves\u201d, salientou o secret\u00e1rio Alcides J\u00fanior.<\/p>\n<p>A aut\u00f4noma Josefa Rodrigues vibrou com a limpeza local e disse que agora poder\u00e1 usufruir com seus netos. \u201c\u00c9 muito importante ver essa limpeza, na pra\u00e7a temos parquinhos e agora vou poder trazer meus netos, dando mais qualidade de vida para eles\u201d, disse.<\/p>\n<p>\u201cEncontramos uma cidade muito suja, precisando de v\u00e1rios reparos para que a gente possa dar uma nova cara a Nossa Senhora do Socorro. Al\u00e9m desse momento, precisaremos do apoio de toda a popula\u00e7\u00e3o ajudando a manter a cidade limpa, assim poderemos rapidamente retomar todas as obras estruturantes no entorno da cidade\u201d, afirmou o secret\u00e1rio de Infraestrutura, Rosnan Pereira.<\/p>\n<p>Aprova\u00e7\u00e3o<\/p>\n<p>A popula\u00e7\u00e3o socorrense gostou do que j\u00e1 viu nos primeiros dias de gest\u00e3o e comemorou a limpeza iniciada nesta manh\u00e3. \u201cEssa a\u00e7\u00e3o \u00e9 muito importante, pois trafegamos por aqui e queremos ver todos os locais limpos, isso valoriza a nossa cidade. \u00c9 importante que haja uma revitaliza\u00e7\u00e3o, Socorro \u00e9 grande como o clamor do povo. Entendemos que s\u00e3o os primeiros dias de gest\u00e3o, eu sei que tudo vai ser alinhado\u201d, disse o atendente, Ant\u00f4nio Raimundo Vieira Filho.<\/p>\n<p>\u201cFa\u00e7o minha caminhada todos os dias por essa pra\u00e7a e \u00e9 triste ver tudo sujo. Esse servi\u00e7o \u00e9 necess\u00e1rio, \u00e9 um bem que a gente precisa para viver e acredito que melhores coisas vir\u00e3o\u201d, admitiu a ex-banc\u00e1ria Telma Maria Rocha.<\/p>\n<p>Mutir\u00e3o<\/p>\n<p>Ap\u00f3s o t\u00e9rmino da primeira etapa, o mutir\u00e3o itinerante ser\u00e1 iniciado pelo Conjunto Jardim, seguindo pelo Parque dos Farois e regi\u00f5es circunvizinhas, contemplando todo o munic\u00edpio.<\/p>\n<p>Para apoio log\u00edstico, a a\u00e7\u00e3o ainda contou com o trabalho da Secretaria Municipal de Transporte e Tr\u00e2nsito (SMTT) e da Guarda Municipal.<\/p>\n<p><strong><em>Acompanhe tamb\u00e9m o SE Not\u00edcias no\u00a0<a href=\"https:\/\/www.instagram.com\/senoticias\/\" target=\"_blank\" rel=\"noreferrer noopener\">Instagram<\/a><\/em><\/strong>,\u00a0<strong><em>\u00a0<a href=\"https:\/\/www.facebook.com\/senoticias1\" target=\"_blank\" rel=\"noreferrer noopener\">Facebook<\/a>\u00a0e\u00a0no<\/em>\u00a0<em><a href=\"https:\/\/twitter.com\/Senoticias\">X<\/a><\/em><\/strong><\/p>\n<p>&nbsp;<\/p>\n<p>Fonte: Assessoria de Comunica\u00e7\u00e3o<\/p>\n","protected":false},"excerpt":{"rendered":"<p>Segundo o prefeito Samuel, a a\u00e7\u00e3o enfatiza o compromisso da gest\u00e3o com a popula\u00e7\u00e3o socorrense A Prefeitura de Nossa Senhora do Socorro, por meio das Secretarias Municipais de Servi\u00e7os Urbanos e de Infraestrutura, realizou o primeiro mutir\u00e3o emergencial de limpeza urbana e reparos da infraestrutura do munic\u00edpio. A a\u00e7\u00e3o foi iniciada na manh\u00e3 desta segunda-feira [&hellip;]<\/p>\n","protected":false},"author":6557,"featured_media":0,"comment_status":"closed","ping_status":"closed","sticky":false,"template":"","format":"standard","meta":{"footnotes":""},"categories":[15,6],"tags":[2272],"class_list":{"0":"post-145838","1":"post","2":"type-post","3":"status-publish","4":"format-standard","6":"category-destaques","7":"category-politica","8":"tag-prefeitura-de-socorro"},"_links":{"self":[{"href":"https:\/\/senoticias.com.br\/se\/wp-json\/wp\/v2\/posts\/145838"}],"collection":[{"href":"https:\/\/senoticias.com.br\/se\/wp-json\/wp\/v2\/posts"}],"about":[{"href":"https:\/\/senoticias.com.br\/se\/wp-json\/wp\/v2\/types\/post"}],"author":[{"embeddable":true,"href":"https:\/\/senoticias.com.br\/se\/wp-json\/wp\/v2\/users\/6557"}],"replies":[{"embeddable":true,"href":"https:\/\/senoticias.com.br\/se\/wp-json\/wp\/v2\/comments?post=145838"}],"version-history":[{"count":0,"href":"https:\/\/senoticias.com.br\/se\/wp-json\/wp\/v2\/posts\/145838\/revisions"}],"wp:attachment":[{"href":"https:\/\/senoticias.com.br\/se\/wp-json\/wp\/v2\/media?parent=145838"}],"wp:term":[{"taxonomy":"category","embeddable":true,"href":"https:\/\/senoticias.com.br\/se\/wp-json\/wp\/v2\/categories?post=145838"},{"taxonomy":"post_tag","embeddable":true,"href":"https:\/\/senoticias.com.br\/se\/wp-json\/wp\/v2\/tags?post=145838"}],"curies":[{"name":"wp","href":"https:\/\/api.w.org\/{rel}","templated":true}]}}