{"id":145814,"date":"2025-01-03T13:16:18","date_gmt":"2025-01-03T16:16:18","guid":{"rendered":"https:\/\/senoticias.com.br\/se\/?p=145814"},"modified":"2025-01-03T13:16:18","modified_gmt":"2025-01-03T16:16:18","slug":"segunda-edicao-da-vila-do-natal-iluminado-encerra-neste-fim-de-semana","status":"publish","type":"post","link":"https:\/\/senoticias.com.br\/se\/segunda-edicao-da-vila-do-natal-iluminado-encerra-neste-fim-de-semana\/","title":{"rendered":"Segunda edi\u00e7\u00e3o da Vila do Natal Iluminado encerra neste fim de semana"},"content":{"rendered":"<p class=\"p2\"><span class=\"s1\">O Governo do Estado encerra neste fim de semana a segunda edi\u00e7\u00e3o da Vila do Natal Iluminado, na pra\u00e7a de eventos da Orla da Atalaia, em Aracaju. Este ano, o evento, iniciado no dia 13 de dezembro, teve algumas novidades na programa\u00e7\u00e3o, como as sess\u00f5es teatrais, a duplica\u00e7\u00e3o do espa\u00e7o da pista de patina\u00e7\u00e3o no gelo, a montanha-russa, entre outras atra\u00e7\u00f5es in\u00e9ditas, al\u00e9m de repetir os sucessos de 2023, como a roda-gigante.\u00a0<\/span><\/p>\n<div id=\"attachment_145815\" style=\"width: 609px\" class=\"wp-caption aligncenter\"><a href=\"https:\/\/senoticias.com.br\/se\/wp-content\/uploads\/2025\/01\/IMG_0418-e1735920932813.png\"><img loading=\"lazy\" decoding=\"async\" aria-describedby=\"caption-attachment-145815\" class=\"size-full wp-image-145815\" src=\"https:\/\/senoticias.com.br\/se\/wp-content\/uploads\/2025\/01\/IMG_0418-e1735920932813.png\" alt=\"\" width=\"599\" height=\"332\" \/><\/a><p id=\"caption-attachment-145815\" class=\"wp-caption-text\">FOTO:Erick O Hara<\/p><\/div>\n<p class=\"p2\"><span class=\"s1\">Nesta sexta-feira, 3, a programa\u00e7\u00e3o musical come\u00e7a \u00e0s 17h, com a apresenta\u00e7\u00e3o da cantora Lara Araujo, com Edson Souza (18h30) e Cleber Silva (20h30). J\u00e1 a primeira sess\u00e3o de teatro ser\u00e1 \u00e0s 18h30, com o espet\u00e1culo &#8216;Um Natal de Her\u00f3is&#8217;, com a Defesa Civil, seguido pelo\u00a0&#8216;Natal M\u00e1gico da Trupe&#8217;,\u00a019h30, da\u00a0Trupe Kadabra,\u00a0e &#8216;Magiclown, o palha\u00e7o m\u00e1gico&#8217;, da Cia Saurus, \u00e0s 20h30.<\/span><\/p>\n<p class=\"p2\"><span class=\"s1\">No s\u00e1bado, 4, o cantor Ednardo abre a programa\u00e7\u00e3o do dia, \u00e0s 17h. \u00c0s 18h30 tem Patuzinho e, \u00e0s 20h30, Samela Santos. A programa\u00e7\u00e3o tamb\u00e9m tem o grupo de teatro Mamulengo Baile Estrela, que apresenta, \u00e0s 18h30, a pe\u00e7a &#8216;A menina que sonhava em dan\u00e7ar com Jesus&#8217; e, em seguida, \u00e0s 20h30, &#8216;Can\u00e7\u00f5es e Momentos em Cena&#8217;, da Cia de dan\u00e7a Loucurarte.<\/span><\/p>\n<p class=\"p2\"><span class=\"s1\">No domingo, 5, \u00faltimo dia de Vila do Natal Iluminado, o cantor Igor Mangueira (\u00e0s 17h) e o espet\u00e1culo &#8216;Vai dar cacho na cabe\u00e7a do beb\u00ea mainha&#8217;, do grupo de teatro A Tua Lona, \u00e0s 18h30, ser\u00e3o as primeiras atra\u00e7\u00f5es da noite. A programa\u00e7\u00e3o ter\u00e1 ainda apresenta\u00e7\u00f5es de Daniel Aben\u00e7oado (18h30) e Kids e Cia (20h30). Encerrando a noite e essa edi\u00e7\u00e3o do Vila do Natal Iluminado, o espet\u00e1culo\u00a0 &#8216;A menina que sonhava em dan\u00e7ar com Jesus&#8217;, do Grupo de Teatro Mamulengo Baile Estrela.<\/span><\/p>\n<p class=\"p2\"><span class=\"s1\">A Vila do Natal Iluminado teve in\u00edcio em 2024 no \u00faltimo dia 13 de dezembro e, pelo segundo ano consecutivo, trouxe espa\u00e7os l\u00fadicos, incentivou o com\u00e9rcio local, atraiu turistas e disponibilizou todas as atra\u00e7\u00f5es de forma gratuita para a popula\u00e7\u00e3o.\u00a0<\/span><\/p>\n<p class=\"p2\"><span class=\"s1\">Vila do Natal Iluminado<\/span><\/p>\n<p class=\"p2\"><span class=\"s1\">A Vila do Natal Iluminado \u00e9 uma realiza\u00e7\u00e3o do Governo de Sergipe, por meio da Funda\u00e7\u00e3o de Cultura e Arte Aperip\u00ea (Funcap), e Federa\u00e7\u00e3o do Com\u00e9rcio de Bens, Servi\u00e7os e Turismo do Estado de Sergipe (Fecom\u00e9rcio\/SE), com apoio do Banese, Energisa, Netiz e Deso.<\/span><\/p>\n<p class=\"p2\"><span class=\"s1\">Confira a programa\u00e7\u00e3o a seguir:<\/span><\/p>\n<p class=\"p2\"><span class=\"s1\">Programa\u00e7\u00e3o Teatro Vila do Natal Iluminado<\/span><\/p>\n<p class=\"p2\"><span class=\"s1\">3\/01 (sexta-feira)<br \/>\n18h30 &#8211; &#8216;Um Natal de Her\u00f3is&#8217; (Defesa Civil)<br \/>\n19h30 &#8211; \u201cNatal M\u00e1gico da Trupe\u201d (Trupe Kadabra)<br \/>\n20h30 &#8211; &#8216;Magiclown, o palha\u00e7o m\u00e1gico&#8217; (Cia Saurus)<\/span><\/p>\n<p class=\"p2\"><span class=\"s1\">4\/01 (s\u00e1bado)<br \/>\n18h30 &#8211; &#8216;A menina que sonhava em dan\u00e7ar com Jesus&#8217; (Grupo de Teatro Mamulengo Baile Estrela)<br \/>\n20h30 &#8211; &#8216;Can\u00e7\u00f5es e Momentos em Cena&#8217; (Cia de dan\u00e7a Loucurarte)<\/span><\/p>\n<p class=\"p2\"><span class=\"s1\">5\/01 (domingo)<br \/>\n18h30 &#8211; &#8216;Vai dar cacho na cabe\u00e7a do beb\u00ea mainha&#8217; (Grupo de Teatro A Tua Lona)<br \/>\n20h30 &#8211; &#8216;A menina que sonhava em dan\u00e7ar com Jesus&#8217; (Grupo de Teatro Mamulengo Baile Estrela)<\/span><\/p>\n<p class=\"p2\"><span class=\"s1\"><br \/>\nPrograma\u00e7\u00e3o Musical Vila do Natal Iluminado<\/span><\/p>\n<p class=\"p2\"><span class=\"s1\">3\/01 (sexta-feira)<br \/>\n17h &#8211; Lara Araujo<br \/>\n18h30 &#8211; Edson Souza<br \/>\n20h30 &#8211; Cleber Silva<\/span><\/p>\n<p class=\"p2\"><span class=\"s1\">4\/01 (s\u00e1bado)<br \/>\n17h &#8211; Ednardo<br \/>\n18h30 &#8211; Patuzinho<br \/>\n20h30 &#8211; Samela Santos<\/span><\/p>\n<p class=\"p2\"><span class=\"s1\">5\/01 (domingo)<br \/>\n17h &#8211; Igor Mangueira<br \/>\n18h30 &#8211; Daniel Aben\u00e7oado<br \/>\n20h30 &#8211; Kids e Cia<\/span><\/p>\n<p class=\"p2\"><span class=\"s1\">*Programa\u00e7\u00e3o sujeita a altera\u00e7\u00e3o sem aviso pr\u00e9vio<\/span><\/p>\n<p><strong><em>Acompanhe tamb\u00e9m o SE Not\u00edcias no\u00a0<a href=\"https:\/\/www.instagram.com\/senoticias\/\" target=\"_blank\" rel=\"noreferrer noopener\">Instagram<\/a><\/em><\/strong>,\u00a0<strong><em>\u00a0<a href=\"https:\/\/www.facebook.com\/senoticias1\" target=\"_blank\" rel=\"noreferrer noopener\">Facebook<\/a>\u00a0e\u00a0no<\/em>\u00a0<em><a href=\"https:\/\/twitter.com\/Senoticias\">X<\/a><\/em><\/strong><\/p>\n<p>Fonte:Governo de Sergipe<\/p>\n","protected":false},"excerpt":{"rendered":"<p>O Governo do Estado encerra neste fim de semana a segunda edi\u00e7\u00e3o da Vila do Natal Iluminado, na pra\u00e7a de eventos da Orla da Atalaia, em Aracaju. Este ano, o evento, iniciado no dia 13 de dezembro, teve algumas novidades na programa\u00e7\u00e3o, como as sess\u00f5es teatrais, a duplica\u00e7\u00e3o do espa\u00e7o da pista de patina\u00e7\u00e3o no [&hellip;]<\/p>\n","protected":false},"author":6557,"featured_media":0,"comment_status":"closed","ping_status":"closed","sticky":false,"template":"","format":"standard","meta":{"footnotes":""},"categories":[15,21],"tags":[6781],"class_list":{"0":"post-145814","1":"post","2":"type-post","3":"status-publish","4":"format-standard","6":"category-destaques","7":"category-entretenimento","8":"tag-natal-iluminado"},"_links":{"self":[{"href":"https:\/\/senoticias.com.br\/se\/wp-json\/wp\/v2\/posts\/145814"}],"collection":[{"href":"https:\/\/senoticias.com.br\/se\/wp-json\/wp\/v2\/posts"}],"about":[{"href":"https:\/\/senoticias.com.br\/se\/wp-json\/wp\/v2\/types\/post"}],"author":[{"embeddable":true,"href":"https:\/\/senoticias.com.br\/se\/wp-json\/wp\/v2\/users\/6557"}],"replies":[{"embeddable":true,"href":"https:\/\/senoticias.com.br\/se\/wp-json\/wp\/v2\/comments?post=145814"}],"version-history":[{"count":0,"href":"https:\/\/senoticias.com.br\/se\/wp-json\/wp\/v2\/posts\/145814\/revisions"}],"wp:attachment":[{"href":"https:\/\/senoticias.com.br\/se\/wp-json\/wp\/v2\/media?parent=145814"}],"wp:term":[{"taxonomy":"category","embeddable":true,"href":"https:\/\/senoticias.com.br\/se\/wp-json\/wp\/v2\/categories?post=145814"},{"taxonomy":"post_tag","embeddable":true,"href":"https:\/\/senoticias.com.br\/se\/wp-json\/wp\/v2\/tags?post=145814"}],"curies":[{"name":"wp","href":"https:\/\/api.w.org\/{rel}","templated":true}]}}