{"id":145809,"date":"2025-01-03T11:31:39","date_gmt":"2025-01-03T14:31:39","guid":{"rendered":"https:\/\/senoticias.com.br\/se\/?p=145809"},"modified":"2025-01-03T11:33:26","modified_gmt":"2025-01-03T14:33:26","slug":"145809-2","status":"publish","type":"post","link":"https:\/\/senoticias.com.br\/se\/145809-2\/","title":{"rendered":"Pol\u00edcia Militar de Sergipe reabre inscri\u00e7\u00f5es para concurso com 335 vagas"},"content":{"rendered":"<p>&nbsp;<\/p>\n<p>As inscri\u00e7\u00f5es para o concurso p\u00fablico da Pol\u00edcia Militar de Sergipe (PM-SE) foram reabertas nesta sexta-feira (3) e seguir\u00e3o at\u00e9 o dia 1\u00ba de fevereiro de 2025. Promovida pelo Governo de Sergipe, por meio da Secretaria de Estado da Administra\u00e7\u00e3o (Sead), a sele\u00e7\u00e3o oferece um total de 335 vagas para os cargos de soldado combatente, oficial combatente e oficial da \u00e1rea de sa\u00fade.<\/p>\n<div id=\"attachment_144829\" style=\"width: 612px\" class=\"wp-caption aligncenter\"><a href=\"https:\/\/senoticias.com.br\/se\/wp-content\/uploads\/2024\/10\/Concurso-PMSE-Se-noticias.jpeg\"><img loading=\"lazy\" decoding=\"async\" aria-describedby=\"caption-attachment-144829\" class=\"size-full wp-image-144829\" src=\"https:\/\/senoticias.com.br\/se\/wp-content\/uploads\/2024\/10\/Concurso-PMSE-Se-noticias.jpeg\" alt=\"\" width=\"602\" height=\"427\" srcset=\"https:\/\/senoticias.com.br\/se\/wp-content\/uploads\/2024\/10\/Concurso-PMSE-Se-noticias.jpeg 602w, https:\/\/senoticias.com.br\/se\/wp-content\/uploads\/2024\/10\/Concurso-PMSE-Se-noticias-300x213.jpeg 300w\" sizes=\"(max-width: 602px) 100vw, 602px\" \/><\/a><p id=\"caption-attachment-144829\" class=\"wp-caption-text\"><br \/>Concurso da PM-SE reabre inscri\u00e7\u00f5es\u00a0 &#8211; Foto: arquivo\/ASN<\/p><\/div>\n<p><strong>Distribui\u00e7\u00e3o das Vagas<\/strong><\/p>\n<ul>\n<li><strong>Soldado Combatente (300 vagas)<\/strong>:\n<ul>\n<li>255 destinadas \u00e0 ampla concorr\u00eancia<\/li>\n<li>15 reservadas para pessoas com defici\u00eancia (PcD)<\/li>\n<li>30 para candidatos negros<\/li>\n<\/ul>\n<\/li>\n<li><strong>Oficial Combatente (30 vagas)<\/strong>:\n<ul>\n<li>25 para ampla concorr\u00eancia<\/li>\n<li>2 para PcD<\/li>\n<li>3 para negros<\/li>\n<\/ul>\n<\/li>\n<li><strong>Oficial da \u00c1rea de Sa\u00fade (5 vagas)<\/strong>:\n<ul>\n<li>Endocrinologia (1 vaga)<\/li>\n<li>Psiquiatria (1 vaga)<\/li>\n<li>Cirurgi\u00e3o Dentista (2 vagas)<\/li>\n<li>Medicina Veterin\u00e1ria (1 vaga)<\/li>\n<\/ul>\n<\/li>\n<\/ul>\n<p><strong>Detalhes das Provas e Taxas de Inscri\u00e7\u00e3o<\/strong><br \/>\nAs provas ser\u00e3o realizadas no dia 23 de fevereiro de 2025, com hor\u00e1rios distintos:<\/p>\n<ul>\n<li><strong>Manh\u00e3<\/strong>: Cargo de soldado combatente<\/li>\n<li><strong>Tarde<\/strong>: Cargos de oficial<\/li>\n<\/ul>\n<p>As taxas de inscri\u00e7\u00e3o variam de acordo com o cargo: R$ 120 para soldado e R$ 160 para oficial.<\/p>\n<p><strong>Requisitos para Participa\u00e7\u00e3o<br \/>\n<\/strong><br \/>\nOs candidatos devem atender aos seguintes crit\u00e9rios:<\/p>\n<ul>\n<li><strong>Idade m\u00ednima<\/strong>: 18 anos no momento do ingresso<\/li>\n<li><strong>Altura m\u00ednima<\/strong>: 1,60m para homens e 1,55m para mulheres<\/li>\n<li>Requisitos espec\u00edficos de cada cargo<\/li>\n<\/ul>\n<p>As inscri\u00e7\u00f5es s\u00e3o realizadas exclusivamente pelo site oficial do Instituto Selecon, banca organizadora do concurso.<\/p>\n<p><strong>Para mais informa\u00e7\u00f5es, acesse o edital no site da <a href=\"https:\/\/selecon.selecao.net.br\/informacoes\/45\/\">Selecon<\/a>.<\/strong><\/p>\n<p><strong><em>Acompanhe tamb\u00e9m o SE Not\u00edcias no\u00a0<a href=\"https:\/\/twitter.com\/Senoticias\" target=\"_blank\" rel=\"noreferrer noopener\">Twitter<\/a>,\u00a0<a href=\"https:\/\/www.facebook.com\/senoticias1\" target=\"_blank\" rel=\"noreferrer noopener\">Facebook<\/a>\u00a0e no\u00a0<a href=\"https:\/\/www.instagram.com\/senoticias\/\" target=\"_blank\" rel=\"noreferrer noopener\">Instagram<\/a><\/em><\/strong><\/p>\n<p><em>Reda\u00e7\u00e3o SE Not\u00edcias<\/em><\/p>\n","protected":false},"excerpt":{"rendered":"<p>&nbsp; As inscri\u00e7\u00f5es para o concurso p\u00fablico da Pol\u00edcia Militar de Sergipe (PM-SE) foram reabertas nesta sexta-feira (3) e seguir\u00e3o at\u00e9 o dia 1\u00ba de fevereiro de 2025. Promovida pelo Governo de Sergipe, por meio da Secretaria de Estado da Administra\u00e7\u00e3o (Sead), a sele\u00e7\u00e3o oferece um total de 335 vagas para os cargos de soldado [&hellip;]<\/p>\n","protected":false},"author":6557,"featured_media":145434,"comment_status":"closed","ping_status":"closed","sticky":false,"template":"","format":"standard","meta":{"footnotes":""},"categories":[15,7],"tags":[10646,34288,2182,86],"class_list":{"0":"post-145809","1":"post","2":"type-post","3":"status-publish","4":"format-standard","5":"has-post-thumbnail","7":"category-destaques","8":"category-policia","9":"tag-concurso-pmse","10":"tag-concurso-publico-2","11":"tag-pmse","12":"tag-policia-militar"},"_links":{"self":[{"href":"https:\/\/senoticias.com.br\/se\/wp-json\/wp\/v2\/posts\/145809"}],"collection":[{"href":"https:\/\/senoticias.com.br\/se\/wp-json\/wp\/v2\/posts"}],"about":[{"href":"https:\/\/senoticias.com.br\/se\/wp-json\/wp\/v2\/types\/post"}],"author":[{"embeddable":true,"href":"https:\/\/senoticias.com.br\/se\/wp-json\/wp\/v2\/users\/6557"}],"replies":[{"embeddable":true,"href":"https:\/\/senoticias.com.br\/se\/wp-json\/wp\/v2\/comments?post=145809"}],"version-history":[{"count":0,"href":"https:\/\/senoticias.com.br\/se\/wp-json\/wp\/v2\/posts\/145809\/revisions"}],"wp:featuredmedia":[{"embeddable":true,"href":"https:\/\/senoticias.com.br\/se\/wp-json\/wp\/v2\/media\/145434"}],"wp:attachment":[{"href":"https:\/\/senoticias.com.br\/se\/wp-json\/wp\/v2\/media?parent=145809"}],"wp:term":[{"taxonomy":"category","embeddable":true,"href":"https:\/\/senoticias.com.br\/se\/wp-json\/wp\/v2\/categories?post=145809"},{"taxonomy":"post_tag","embeddable":true,"href":"https:\/\/senoticias.com.br\/se\/wp-json\/wp\/v2\/tags?post=145809"}],"curies":[{"name":"wp","href":"https:\/\/api.w.org\/{rel}","templated":true}]}}