{"id":145798,"date":"2025-01-02T15:13:00","date_gmt":"2025-01-02T18:13:00","guid":{"rendered":"https:\/\/senoticias.com.br\/se\/?p=145798"},"modified":"2025-01-02T15:28:33","modified_gmt":"2025-01-02T18:28:33","slug":"um-marco-sustentavel-plantar-arvores-e-cuidar-do-futuro-da-cidade","status":"publish","type":"post","link":"https:\/\/senoticias.com.br\/se\/um-marco-sustentavel-plantar-arvores-e-cuidar-do-futuro-da-cidade\/","title":{"rendered":"Um Marco Sustent\u00e1vel: Plantar \u00e1rvores \u00e9 cuidar do futuro da cidade"},"content":{"rendered":"<p><em><strong>Por Ricardo Marques*<br \/>\n<\/strong><\/em><br \/>\nO ato de plantar uma \u00e1rvore \u00e9 mais do que um gesto simples. Representa uma mensagem poderosa sobre inten\u00e7\u00f5es, sonhos e compromissos. Ao iniciarmos a gest\u00e3o da prefeita Em\u00edlia Correia com o plantio de mudas de \u00e1rvores frut\u00edferas reafirmamos nossa vis\u00e3o de uma cidade mais verde, inclusiva e comprometida com as gera\u00e7\u00f5es futuras.<\/p>\n<p>O que este gesto significa? Ele \u00e9 uma declara\u00e7\u00e3o de princ\u00edpios e inten\u00e7\u00f5es que guiar\u00e3o a administra\u00e7\u00e3o. O urbanista Jaime Lerner dizia que &#8220;a simplicidade \u00e9 a maior sofistica\u00e7\u00e3o&#8221;. Plantar uma \u00e1rvore \u00e9 um ato simples, mas que carrega em si a sofistica\u00e7\u00e3o de um pensamento a longo prazo. Cada muda plantada hoje simboliza nosso compromisso com um futuro onde o bem-estar e a sustentabilidade sejam prioridades.<\/p>\n<div id=\"attachment_145799\" style=\"width: 601px\" class=\"wp-caption aligncenter\"><a href=\"https:\/\/senoticias.com.br\/se\/wp-content\/uploads\/2025\/01\/Ricardo-Marques-SE-Noticias.jpeg\"><img loading=\"lazy\" decoding=\"async\" aria-describedby=\"caption-attachment-145799\" class=\"size-full wp-image-145799\" src=\"https:\/\/senoticias.com.br\/se\/wp-content\/uploads\/2025\/01\/Ricardo-Marques-SE-Noticias.jpeg\" alt=\"\" width=\"591\" height=\"394\" srcset=\"https:\/\/senoticias.com.br\/se\/wp-content\/uploads\/2025\/01\/Ricardo-Marques-SE-Noticias.jpeg 591w, https:\/\/senoticias.com.br\/se\/wp-content\/uploads\/2025\/01\/Ricardo-Marques-SE-Noticias-300x200.jpeg 300w, https:\/\/senoticias.com.br\/se\/wp-content\/uploads\/2025\/01\/Ricardo-Marques-SE-Noticias-90x60.jpeg 90w, https:\/\/senoticias.com.br\/se\/wp-content\/uploads\/2025\/01\/Ricardo-Marques-SE-Noticias-180x120.jpeg 180w, https:\/\/senoticias.com.br\/se\/wp-content\/uploads\/2025\/01\/Ricardo-Marques-SE-Noticias-95x64.jpeg 95w\" sizes=\"(max-width: 591px) 100vw, 591px\" \/><\/a><p id=\"caption-attachment-145799\" class=\"wp-caption-text\">Ricardo Marques \u00e9 vice-prefeito e secret\u00e1rio de Comunica\u00e7\u00e3o da prefeitura de Aracaju &#8211; Foto: ascom\/divulga\u00e7\u00e3o<\/p><\/div>\n<p>Plantar uma \u00e1rvore \u00e9 cuidar do que est\u00e1 por vir. Patrick Geddes, vision\u00e1rio do planejamento urbano, ensinava que &#8220;n\u00e3o h\u00e1 futuro para a cidade sem a natureza&#8221;. Ao plantar \u00e1rvores frut\u00edferas, n\u00e3o estamos apenas embelezando a cidade, mas nutrindo a esperan\u00e7a de um ambiente urbano onde as gera\u00e7\u00f5es presentes e futuras possam viver em harmonia com a natureza.<br \/>\nEste ato tamb\u00e9m \u00e9 um gesto de uni\u00e3o e responsabilidade. Como destacou Lewis Mumford, &#8220;a cidade deve ser um lugar de comunidade&#8221;. Ao plantar juntos, a prefeita e eu reafirmamos nosso compromisso com o trabalho em sintonia com a popula\u00e7\u00e3o, criando ra\u00edzes profundas de respeito e colabora\u00e7\u00e3o.<\/p>\n<p>Al\u00e9m disso, a \u00e1rvore frut\u00edfera \u00e9 um s\u00edmbolo dos frutos do trabalho conjunto. Queremos que esta gest\u00e3o produza resultados concretos que impactem positivamente a vida de todos os aracajuanos. Este \u00e9 um governo que, assim como as \u00e1rvores, ser\u00e1 conhecido pelos frutos que oferece: mais inclus\u00e3o, mais prosperidade, mais qualidade de vida.<\/p>\n<p>Este gesto inicial tamb\u00e9m traduz esperan\u00e7a e renova\u00e7\u00e3o. Assim como uma muda cresce para se tornar uma \u00e1rvore robusta, acreditamos que Aracaju florescer\u00e1 sob esta nova administra\u00e7\u00e3o. A prefeita Em\u00edlia Correia tem como vis\u00e3o transformar a cidade em um exemplo de desenvolvimento humano, sustent\u00e1vel e urban\u00edstico, inspirando outras cidades brasileiras.<\/p>\n<p>\u00c9 inspirador lembrar as palavras de Wangari Maathai, Pr\u00eamio Nobel da Paz e ativista ambiental: &#8220;Ao cuidar das \u00e1rvores, estamos cuidando de n\u00f3s mesmos&#8221;. Este \u00e9 o significado maior deste gesto: cuidar de Aracaju, das pessoas e do meio ambiente, com a esperan\u00e7a de um futuro mais verde e pr\u00f3spero.<\/p>\n<p>A gest\u00e3o Em\u00edlia Correia come\u00e7a com gestos concretos e simb\u00f3licos que comunicam inten\u00e7\u00e3o, compromisso e vis\u00e3o. Que estas mudas plantadas hoje cres\u00e7am fortes e saud\u00e1veis, assim como a nossa vontade de servir a Aracaju e construir um futuro melhor para todos.<\/p>\n<p><em>*<strong>Ricardo Marques<\/strong>, vice-Prefeito e Secret\u00e1rio de Comunica\u00e7\u00e3o de Aracaju<\/em><\/p>\n<p><strong><em>Acompanhe tamb\u00e9m o SE Not\u00edcias no\u00a0<a href=\"https:\/\/twitter.com\/Senoticias\" target=\"_blank\" rel=\"noreferrer noopener\">Twitter<\/a>,\u00a0<a href=\"https:\/\/www.facebook.com\/senoticias1\" target=\"_blank\" rel=\"noreferrer noopener\">Facebook<\/a>\u00a0e no\u00a0<a href=\"https:\/\/www.instagram.com\/senoticias\/\" target=\"_blank\" rel=\"noreferrer noopener\">Instagram<\/a><\/em><\/strong><\/p>\n<p>&nbsp;<\/p>\n","protected":false},"excerpt":{"rendered":"<p>Por Ricardo Marques* O ato de plantar uma \u00e1rvore \u00e9 mais do que um gesto simples. Representa uma mensagem poderosa sobre inten\u00e7\u00f5es, sonhos e compromissos. Ao iniciarmos a gest\u00e3o da prefeita Em\u00edlia Correia com o plantio de mudas de \u00e1rvores frut\u00edferas reafirmamos nossa vis\u00e3o de uma cidade mais verde, inclusiva e comprometida com as gera\u00e7\u00f5es [&hellip;]<\/p>\n","protected":false},"author":6557,"featured_media":0,"comment_status":"closed","ping_status":"closed","sticky":false,"template":"","format":"standard","meta":{"footnotes":""},"categories":[15,6],"tags":[42937,42936,42938],"class_list":{"0":"post-145798","1":"post","2":"type-post","3":"status-publish","4":"format-standard","6":"category-destaques","7":"category-politica","8":"tag-ativista-ambiental","9":"tag-plantar-arvores","10":"tag-plantar-uma-arvore"},"_links":{"self":[{"href":"https:\/\/senoticias.com.br\/se\/wp-json\/wp\/v2\/posts\/145798"}],"collection":[{"href":"https:\/\/senoticias.com.br\/se\/wp-json\/wp\/v2\/posts"}],"about":[{"href":"https:\/\/senoticias.com.br\/se\/wp-json\/wp\/v2\/types\/post"}],"author":[{"embeddable":true,"href":"https:\/\/senoticias.com.br\/se\/wp-json\/wp\/v2\/users\/6557"}],"replies":[{"embeddable":true,"href":"https:\/\/senoticias.com.br\/se\/wp-json\/wp\/v2\/comments?post=145798"}],"version-history":[{"count":0,"href":"https:\/\/senoticias.com.br\/se\/wp-json\/wp\/v2\/posts\/145798\/revisions"}],"wp:attachment":[{"href":"https:\/\/senoticias.com.br\/se\/wp-json\/wp\/v2\/media?parent=145798"}],"wp:term":[{"taxonomy":"category","embeddable":true,"href":"https:\/\/senoticias.com.br\/se\/wp-json\/wp\/v2\/categories?post=145798"},{"taxonomy":"post_tag","embeddable":true,"href":"https:\/\/senoticias.com.br\/se\/wp-json\/wp\/v2\/tags?post=145798"}],"curies":[{"name":"wp","href":"https:\/\/api.w.org\/{rel}","templated":true}]}}