{"id":145792,"date":"2025-01-03T06:20:40","date_gmt":"2025-01-03T09:20:40","guid":{"rendered":"https:\/\/senoticias.com.br\/se\/?p=145792"},"modified":"2025-01-03T06:33:15","modified_gmt":"2025-01-03T09:33:15","slug":"proprietarios-de-veiculos-ja-podem-consultar-os-valores-do-ipva-2025","status":"publish","type":"post","link":"https:\/\/senoticias.com.br\/se\/proprietarios-de-veiculos-ja-podem-consultar-os-valores-do-ipva-2025\/","title":{"rendered":"Propriet\u00e1rios de ve\u00edculos j\u00e1 podem consultar os valores do IPVA 2025"},"content":{"rendered":"<p>A Secretaria de Estado da Fazenda (Sefaz) divulgou na quinta-feira, 2\/1, a tabela com os valores que ser\u00e3o cobrados do Imposto sobre Propriedade de Propriedade de Ve\u00edculos Automotores (IPVA) referente ao ano de 2025. Em m\u00e9dia, houve uma redu\u00e7\u00e3o de 12,25% em rela\u00e7\u00e3o ao verificado no exerc\u00edcio do ano passado.<\/p>\n<p>A consulta est\u00e1 dispon\u00edvel no site da Sefaz <span style=\"color: #0000ff;\"><strong>(<a href=\"https:\/\/www.se.gov.br\/noticias\/governo\/condutores_ja_podem_consultar_os_valores_do_ipva_2025_\">www.sefaz.se.gov.br<\/a>)<\/strong><\/span>. Os valores do IPVA para ve\u00edculos usados s\u00e3o calculados levando em conta uma al\u00edquota estabelecida pela Lei 7655\/2013 e o valor de mercado do ve\u00edculo, considerando a tabela elaborada pela Funda\u00e7\u00e3o Instituto de Pesquisas Econ\u00f4micas (Fipe). Para ve\u00edculos novos, a refer\u00eancia \u00e9 o valor informado na nota fiscal.<\/p>\n<p>Para autom\u00f3veis e ve\u00edculos utilit\u00e1rios com valor abaixo de R$ 120 mil, o IPVA corresponde a 2,5% do indicado na tabela Fipe. Aqueles com valor superior a esse valor pagar\u00e3o 3%. \u00d4nibus, micro\u00f4nibus e caminh\u00f5es t\u00eam al\u00edquota de 1%, enquanto motocicletas e similares pagam 2%.<\/p>\n<div id=\"attachment_140641\" style=\"width: 570px\" class=\"wp-caption aligncenter\"><a href=\"https:\/\/senoticias.com.br\/se\/wp-content\/uploads\/2024\/01\/Licenciamento-SE-Notiicias.jpg\"><img loading=\"lazy\" decoding=\"async\" aria-describedby=\"caption-attachment-140641\" class=\"size-full wp-image-140641\" src=\"https:\/\/senoticias.com.br\/se\/wp-content\/uploads\/2024\/01\/Licenciamento-SE-Notiicias.jpg\" alt=\"\" width=\"560\" height=\"374\" srcset=\"https:\/\/senoticias.com.br\/se\/wp-content\/uploads\/2024\/01\/Licenciamento-SE-Notiicias.jpg 560w, https:\/\/senoticias.com.br\/se\/wp-content\/uploads\/2024\/01\/Licenciamento-SE-Notiicias-300x200.jpg 300w, https:\/\/senoticias.com.br\/se\/wp-content\/uploads\/2024\/01\/Licenciamento-SE-Notiicias-90x60.jpg 90w, https:\/\/senoticias.com.br\/se\/wp-content\/uploads\/2024\/01\/Licenciamento-SE-Notiicias-180x120.jpg 180w, https:\/\/senoticias.com.br\/se\/wp-content\/uploads\/2024\/01\/Licenciamento-SE-Notiicias-95x64.jpg 95w\" sizes=\"(max-width: 560px) 100vw, 560px\" \/><\/a><p id=\"caption-attachment-140641\" class=\"wp-caption-text\">Condutores j\u00e1 podem consultar os valores do IPVA 2025 &#8211; Foto: arquivo\/Detran\/SE<\/p><\/div>\n<p>O pagamento j\u00e1 pode ser feito no Banese, utilizando o Documento \u00danico de Arrecada\u00e7\u00e3o (DUA), emitido por meio do site do Detran. Os propriet\u00e1rios tamb\u00e9m receber\u00e3o o documento em suas resid\u00eancias, desde que o endere\u00e7o esteja atualizado junto ao \u00f3rg\u00e3o de tr\u00e2nsito.<\/p>\n<p>Para ter acesso ao desconto de 10% o contribuinte deve realizar o pagamento integral do imposto at\u00e9 o dia 31 de mar\u00e7o.<\/p>\n<p>Para aqueles que n\u00e3o optarem por realizar a quita\u00e7\u00e3o com o desconto, o procedimento poder\u00e1 ser feito at\u00e9 o \u00faltimo dia \u00fatil do m\u00eas correspondente \u00e0 placa do ve\u00edculo no calend\u00e1rio. Os ve\u00edculos automotores com placas de final 1 e 2 dever\u00e3o fazer o pagamento at\u00e9 o dia 30 de abril, enquanto aqueles que possuem termina\u00e7\u00e3o 3 e 4 t\u00eam prazo at\u00e9 30 de maio.<\/p>\n<p>O cronograma prossegue at\u00e9 o m\u00eas de novembro, quando deve ser pago o imposto pelos donos de ve\u00edculos com placa de final 0. Os valores poder\u00e3o ser parcelados em at\u00e9 dez vezes no cart\u00e3o de cr\u00e9dito, com os devidos acr\u00e9scimos feitos pelas operadoras.<\/p>\n<p><strong>Isen\u00e7\u00e3o<\/strong><\/p>\n<p>Sergipe tem uma frota de pouco mais de 990 mil ve\u00edculos, dos quais cerca de 550 mil precisam recolher o IPVA. Pessoas com defici\u00eancia t\u00eam direito \u00e0 isen\u00e7\u00e3o do imposto, assim como propriet\u00e1rios de m\u00e1quinas agr\u00edcolas, t\u00e1xi, \u00f4nibus de transporte urbano e metropolitano e motocicletas de at\u00e9 165 cilindradas.<\/p>\n<p>Para os condutores que desejarem solicitar a renova\u00e7\u00e3o da isen\u00e7\u00e3o dos valores do IPVA os pedidos dever\u00e3o ser realizados at\u00e9 a data de vencimento do IPVA\/Licenciamento 2025, conforme o calend\u00e1rio. Por exemplo, propriet\u00e1rios de ve\u00edculos com placa de final 5 ter\u00e3o at\u00e9 o dia 30 de junho para realizar o procedimento.<\/p>\n<p><strong>Penalidades<\/strong><\/p>\n<p>A inadimpl\u00eancia do IPVA impede o novo licenciamento do ve\u00edculo. Ap\u00f3s a data limite fixada pelo Detran para o licenciamento, o ve\u00edculo poder\u00e1 ser apreendido, com multa aplicada pela autoridade de tr\u00e2nsito e sete pontos na Carteira Nacional de Habilita\u00e7\u00e3o (CNH).<\/p>\n<p>O contribuinte que deixar de recolher o imposto fica sujeito a multa de 0,33% por dia de atraso e juros de mora com base na taxa Selic. Passados 60 dias, o percentual da multa fixa-se em 20% do valor do imposto. Permanecendo a inadimpl\u00eancia do IPVA, o d\u00e9bito ser\u00e1 inscrito na D\u00edvida Ativa<\/p>\n<p>Em 2024 a arrecada\u00e7\u00e3o do IPVA foi de cerca de R$ 430 milh\u00f5es, sendo que 50% desse valor \u00e9 distribu\u00eddo aos munic\u00edpios onde o ve\u00edculo \u00e9 licenciado. Os recursos s\u00e3o investidos pelo governo estadual em obras de infraestrutura e melhoria na presta\u00e7\u00e3o de servi\u00e7os p\u00fablicos como os de sa\u00fade e educa\u00e7\u00e3o.<\/p>\n<p><em><strong>Acompanhe tamb\u00e9m o SE Not\u00edcias no\u00a0<a href=\"https:\/\/twitter.com\/Senoticias\" target=\"_blank\" rel=\"noreferrer noopener\">Twitter<\/a>,\u00a0<a href=\"https:\/\/www.facebook.com\/senoticias1\" target=\"_blank\" rel=\"noreferrer noopener\">Facebook<\/a>\u00a0e no\u00a0<a href=\"https:\/\/www.instagram.com\/senoticias\/\" target=\"_blank\" rel=\"noreferrer noopener\">Instagram<\/a><\/strong><\/em><\/p>\n<p>Fonte: Ag\u00eancia Sergipe de Not\u00edcias<\/p>\n<p>&nbsp;<\/p>\n<p>&nbsp;<\/p>\n<p>&nbsp;<\/p>\n<p>&nbsp;<\/p>\n","protected":false},"excerpt":{"rendered":"<p>A Secretaria de Estado da Fazenda (Sefaz) divulgou na quinta-feira, 2\/1, a tabela com os valores que ser\u00e3o cobrados do Imposto sobre Propriedade de Propriedade de Ve\u00edculos Automotores (IPVA) referente ao ano de 2025. Em m\u00e9dia, houve uma redu\u00e7\u00e3o de 12,25% em rela\u00e7\u00e3o ao verificado no exerc\u00edcio do ano passado. A consulta est\u00e1 dispon\u00edvel no [&hellip;]<\/p>\n","protected":false},"author":6557,"featured_media":0,"comment_status":"closed","ping_status":"closed","sticky":false,"template":"","format":"standard","meta":{"footnotes":""},"categories":[15,6,1],"tags":[3956,42738,42939],"class_list":{"0":"post-145792","1":"post","2":"type-post","3":"status-publish","4":"format-standard","6":"category-destaques","7":"category-politica","8":"category-sem-categoria","9":"tag-ipva","10":"tag-ipva-2025","11":"tag-licenciamento-2025"},"_links":{"self":[{"href":"https:\/\/senoticias.com.br\/se\/wp-json\/wp\/v2\/posts\/145792"}],"collection":[{"href":"https:\/\/senoticias.com.br\/se\/wp-json\/wp\/v2\/posts"}],"about":[{"href":"https:\/\/senoticias.com.br\/se\/wp-json\/wp\/v2\/types\/post"}],"author":[{"embeddable":true,"href":"https:\/\/senoticias.com.br\/se\/wp-json\/wp\/v2\/users\/6557"}],"replies":[{"embeddable":true,"href":"https:\/\/senoticias.com.br\/se\/wp-json\/wp\/v2\/comments?post=145792"}],"version-history":[{"count":0,"href":"https:\/\/senoticias.com.br\/se\/wp-json\/wp\/v2\/posts\/145792\/revisions"}],"wp:attachment":[{"href":"https:\/\/senoticias.com.br\/se\/wp-json\/wp\/v2\/media?parent=145792"}],"wp:term":[{"taxonomy":"category","embeddable":true,"href":"https:\/\/senoticias.com.br\/se\/wp-json\/wp\/v2\/categories?post=145792"},{"taxonomy":"post_tag","embeddable":true,"href":"https:\/\/senoticias.com.br\/se\/wp-json\/wp\/v2\/tags?post=145792"}],"curies":[{"name":"wp","href":"https:\/\/api.w.org\/{rel}","templated":true}]}}