{"id":145787,"date":"2025-01-01T19:01:11","date_gmt":"2025-01-01T22:01:11","guid":{"rendered":"https:\/\/senoticias.com.br\/se\/?p=145787"},"modified":"2025-01-01T19:53:02","modified_gmt":"2025-01-01T22:53:02","slug":"apos-posse-vereadores-escolhem-presidente-da-camara-de-sao-cristovao","status":"publish","type":"post","link":"https:\/\/senoticias.com.br\/se\/apos-posse-vereadores-escolhem-presidente-da-camara-de-sao-cristovao\/","title":{"rendered":"Grupo de Marcos Santana imp\u00f5e derrota \u00e0 oposi\u00e7\u00e3o na C\u00e2mara Municipal"},"content":{"rendered":"<p>A C\u00e2mara de Vereadores de S\u00e3o Crist\u00f3v\u00e3o, localizada na Grande Aracaju, realizou no in\u00edcio da noite desta quarta-feira (1\u00ba) a elei\u00e7\u00e3o para a Mesa Diretora que estar\u00e1 \u00e0 frente dos trabalhos legislativos no bi\u00eanio 2025\/2026. A elei\u00e7\u00e3o ocorreu logo ap\u00f3s a cerim\u00f4nia de posse dos 17 parlamentares eleitos.<\/p>\n<p>Duas chapas concorreram ao pleito. A chapa <strong>Uni\u00e3o<\/strong>, representando a situa\u00e7\u00e3o, saiu vitoriosa com 11 votos e elegeu o vereador <strong>Thiago Corr\u00eaa (Uni\u00e3o Brasil)<\/strong> como presidente. Os demais membros eleitos foram <strong>Robson da RR (Uni\u00e3o Brasil)<\/strong> como vice-presidente, <strong>Marc\u00e3o da Pastoral (Mobiliza)<\/strong> como primeiro secret\u00e1rio e <strong>Rauller do Timb\u00f3 (Podemos)<\/strong> como segundo secret\u00e1rio.<\/p>\n<p>J\u00e1 a chapa <strong>Esperan\u00e7a<\/strong>, composta por vereadores da oposi\u00e7\u00e3o, obteve os seis votos de seus membros. Ela tinha como candidatos <strong>Lizandro Eust\u00e1quio (PSB)<\/strong> para presidente, <strong>Cabo Vitor (MDB)<\/strong> para vice-presidente, <strong>Glissan Arag\u00e3o (PSD)<\/strong> como primeiro secret\u00e1rio e <strong>F\u00e1bio Santana (PP)<\/strong> como segundo secret\u00e1rio.<\/p>\n<div id=\"attachment_145790\" style=\"width: 610px\" class=\"wp-caption aligncenter\"><a href=\"https:\/\/senoticias.com.br\/se\/wp-content\/uploads\/2025\/01\/Nova-Mesa-Diretora-da-camara-SE-Noticias.jpeg\"><img loading=\"lazy\" decoding=\"async\" aria-describedby=\"caption-attachment-145790\" class=\"size-full wp-image-145790\" src=\"https:\/\/senoticias.com.br\/se\/wp-content\/uploads\/2025\/01\/Nova-Mesa-Diretora-da-camara-SE-Noticias.jpeg\" alt=\"\" width=\"600\" height=\"460\" srcset=\"https:\/\/senoticias.com.br\/se\/wp-content\/uploads\/2025\/01\/Nova-Mesa-Diretora-da-camara-SE-Noticias.jpeg 600w, https:\/\/senoticias.com.br\/se\/wp-content\/uploads\/2025\/01\/Nova-Mesa-Diretora-da-camara-SE-Noticias-300x230.jpeg 300w, https:\/\/senoticias.com.br\/se\/wp-content\/uploads\/2025\/01\/Nova-Mesa-Diretora-da-camara-SE-Noticias-45x35.jpeg 45w\" sizes=\"(max-width: 600px) 100vw, 600px\" \/><\/a><p id=\"caption-attachment-145790\" class=\"wp-caption-text\">Thiago Corr\u00eaa foi eleito presidente da C\u00e2mara com 11 votos. A Mesa Diretora eleita conta ainda com Robson da RR (Uni\u00e3o Brasil) como vice-presidente, Marc\u00e3o da Pastoral (Mobiliza) como 1\u00ba secret\u00e1rio e Rauller do Timb\u00f3 (Podemos) como 2\u00ba secret\u00e1rio &#8211; Foto: SE Not\u00edcias<\/p><\/div>\n<p><strong>Trajet\u00f3ria Pol\u00edtica de Thiago Corr\u00eaa<\/strong><\/p>\n<p>Thiago Corr\u00eaa, de 41 anos, \u00e9 natural de S\u00e3o Crist\u00f3v\u00e3o e conquistou o segundo mandato consecutivo nas elei\u00e7\u00f5es de 2024 com 1.118 votos.\u00a0 Antes de ingressar no Legislativo, Thiago Corr\u00eaa desempenhou papel importante na administra\u00e7\u00e3o p\u00fablica. Durante a primeira gest\u00e3o do ent\u00e3o prefeito Marcos Santana (2017\/2020), ele ocupou o cargo de secret\u00e1rio de Meio Ambiente e Pesca do munic\u00edpio. Em 2020, afastou-se do cargo para disputar sua primeira elei\u00e7\u00e3o como vereador, sendo eleito pelo MDB. Em 2024, j\u00e1 filiado ao Uni\u00e3o Brasil, Corr\u00eaa conquistou a reelei\u00e7\u00e3o.<\/p>\n<p>Ao tomar posse como presidente da C\u00e2mara, Corr\u00eaa destacou a import\u00e2ncia da uni\u00e3o entre os vereadores para fortalecer o trabalho conjunto com o Executivo. \u201cEstamos prontos para ajudar a administra\u00e7\u00e3o a continuar reconstruindo a cidade. Para que isso aconte\u00e7a, temos que nos unir em torno desse projeto que recebeu o reconhecimento da popula\u00e7\u00e3o nas elei\u00e7\u00f5es de 6 de outubro de 2024\u201d, afirmou o parlamentar.<\/p>\n<p><strong>Fun\u00e7\u00f5es da Mesa Diretora<\/strong><\/p>\n<p>A Mesa Diretora tem a responsabilidade de conduzir os trabalhos legislativos e administrar a C\u00e2mara Municipal. O mandato dos integrantes \u00e9 de dois anos, per\u00edodo em que devem organizar e supervisionar o funcionamento interno da Casa, al\u00e9m de encaminhar os projetos que impactam diretamente o munic\u00edpio.<\/p>\n<p><strong>Apoio e Reconhecimento<\/strong><\/p>\n<p>Thiago Corr\u00eaa tem se destacado como figura pol\u00edtica de destaque em S\u00e3o Crist\u00f3v\u00e3o. Durante sua trajet\u00f3ria, contou com o apoio de lideran\u00e7as locais e estaduais, como o ex-prefeito Marcos Santana, o deputado estadual Paulo J\u00fanior e o prefeito eleito J\u00falio de Marcos Santana. Sua experi\u00eancia como secret\u00e1rio municipal e sua reelei\u00e7\u00e3o como vereador refor\u00e7am seu compromisso com o desenvolvimento da cidade e com as demandas da popula\u00e7\u00e3o.<\/p>\n<p>A elei\u00e7\u00e3o de Thiago Corr\u00eaa para a presid\u00eancia da C\u00e2mara representa um novo cap\u00edtulo na pol\u00edtica de S\u00e3o Crist\u00f3v\u00e3o, com a expectativa de um mandato marcado pela continuidade de projetos e pelo di\u00e1logo entre Legislativo e Executivo.<\/p>\n<p><strong><em>Acompanhe tamb\u00e9m o SE Not\u00edcias no\u00a0<a href=\"https:\/\/twitter.com\/Senoticias\" target=\"_blank\" rel=\"noreferrer noopener\">Twitter<\/a>,\u00a0<a href=\"https:\/\/www.facebook.com\/senoticias1\" target=\"_blank\" rel=\"noreferrer noopener\">Facebook<\/a>\u00a0e no\u00a0<a href=\"https:\/\/www.instagram.com\/senoticias\/\" target=\"_blank\" rel=\"noreferrer noopener\">Instagram<\/a><\/em><\/strong><\/p>\n<p><strong>Reda\u00e7\u00e3o SE Not\u00edcias<\/strong><\/p>\n","protected":false},"excerpt":{"rendered":"<p>A C\u00e2mara de Vereadores de S\u00e3o Crist\u00f3v\u00e3o, localizada na Grande Aracaju, realizou no in\u00edcio da noite desta quarta-feira (1\u00ba) a elei\u00e7\u00e3o para a Mesa Diretora que estar\u00e1 \u00e0 frente dos trabalhos legislativos no bi\u00eanio 2025\/2026. A elei\u00e7\u00e3o ocorreu logo ap\u00f3s a cerim\u00f4nia de posse dos 17 parlamentares eleitos. Duas chapas concorreram ao pleito. A chapa [&hellip;]<\/p>\n","protected":false},"author":6557,"featured_media":145790,"comment_status":"closed","ping_status":"closed","sticky":false,"template":"","format":"standard","meta":{"footnotes":""},"categories":[15,38],"tags":[7509,5126,6321],"class_list":{"0":"post-145787","1":"post","2":"type-post","3":"status-publish","4":"format-standard","5":"has-post-thumbnail","7":"category-destaques","8":"category-municipios","9":"tag-camara-de-sao-cristovao","10":"tag-mesa-diretora","11":"tag-presidente-da-camara"},"_links":{"self":[{"href":"https:\/\/senoticias.com.br\/se\/wp-json\/wp\/v2\/posts\/145787"}],"collection":[{"href":"https:\/\/senoticias.com.br\/se\/wp-json\/wp\/v2\/posts"}],"about":[{"href":"https:\/\/senoticias.com.br\/se\/wp-json\/wp\/v2\/types\/post"}],"author":[{"embeddable":true,"href":"https:\/\/senoticias.com.br\/se\/wp-json\/wp\/v2\/users\/6557"}],"replies":[{"embeddable":true,"href":"https:\/\/senoticias.com.br\/se\/wp-json\/wp\/v2\/comments?post=145787"}],"version-history":[{"count":0,"href":"https:\/\/senoticias.com.br\/se\/wp-json\/wp\/v2\/posts\/145787\/revisions"}],"wp:featuredmedia":[{"embeddable":true,"href":"https:\/\/senoticias.com.br\/se\/wp-json\/wp\/v2\/media\/145790"}],"wp:attachment":[{"href":"https:\/\/senoticias.com.br\/se\/wp-json\/wp\/v2\/media?parent=145787"}],"wp:term":[{"taxonomy":"category","embeddable":true,"href":"https:\/\/senoticias.com.br\/se\/wp-json\/wp\/v2\/categories?post=145787"},{"taxonomy":"post_tag","embeddable":true,"href":"https:\/\/senoticias.com.br\/se\/wp-json\/wp\/v2\/tags?post=145787"}],"curies":[{"name":"wp","href":"https:\/\/api.w.org\/{rel}","templated":true}]}}