{"id":145742,"date":"2024-12-30T09:43:19","date_gmt":"2024-12-30T12:43:19","guid":{"rendered":"https:\/\/senoticias.com.br\/se\/?p=145742"},"modified":"2024-12-30T09:43:19","modified_gmt":"2024-12-30T12:43:19","slug":"entenda-o-que-muda-no-salario-minimo-com-lei-sancionada-pelo-presidente-lula","status":"publish","type":"post","link":"https:\/\/senoticias.com.br\/se\/entenda-o-que-muda-no-salario-minimo-com-lei-sancionada-pelo-presidente-lula\/","title":{"rendered":"Entenda o que muda no sal\u00e1rio m\u00ednimo com lei sancionada pelo presidente Lula"},"content":{"rendered":"<p>A nova regra de reajuste do sal\u00e1rio m\u00ednimo, sancionada pelo presidente Luiz In\u00e1cio da Lula da Silva na sexta-feira (27), limita o crescimento do piso dos trabalhadores at\u00e9 2030. Pela lei rec\u00e9m-publicada, o aumento acima da infla\u00e7\u00e3o \u2014 crit\u00e9rio defendido pelo petista \u2014 dever\u00e1 seguir o intervalo do arcabou\u00e7o fiscal, que vai de 0,6% a 2,5%, a depender das receitas p\u00fablicas do ano anterior. Para 2025, a taxa considerada ser\u00e1 de 2,5%, e a expectativa \u00e9 que o sal\u00e1rio m\u00ednimo chegue a R$ 1.518.<\/p>\n<p>O valor exato, no entanto, ser\u00e1 confirmado em decreto de Lula, que deve ser publicado em breve. O novo n\u00famero passa a valer a partir de janeiro \u2014 atualmente, o piso salarial est\u00e1 em R$ 1.412. A limita\u00e7\u00e3o do reajuste do m\u00ednimo faz parte das medidas de corte de gastos do governo federal.<\/p>\n<p>O c\u00e1lculo considera a soma de 4,84%, da infla\u00e7\u00e3o acumulada em novembro dos \u00faltimos 12 meses, medida pelo INPC (\u00cdndice Nacional de Pre\u00e7os ao Consumidor), e o PIB (Produto Interno Bruto) de dois anos antes, mas limitado a 2,5%, como preveem as novas regras fiscais. Ou seja \u2014 a corre\u00e7\u00e3o do sal\u00e1rio m\u00ednimo manter\u00e1 como base esses crit\u00e9rios, por\u00e9m ser\u00e1 atrelada ao aumento das despesas dentro do arcabou\u00e7o fiscal, que crescem, no m\u00e1ximo, 2,5% ao ano.<\/p>\n<div id=\"attachment_145743\" style=\"width: 608px\" class=\"wp-caption aligncenter\"><a href=\"https:\/\/senoticias.com.br\/se\/wp-content\/uploads\/2024\/12\/Presidente-Lula-SE-Noticias.jpg\"><img loading=\"lazy\" decoding=\"async\" aria-describedby=\"caption-attachment-145743\" class=\"size-full wp-image-145743\" src=\"https:\/\/senoticias.com.br\/se\/wp-content\/uploads\/2024\/12\/Presidente-Lula-SE-Noticias.jpg\" alt=\"\" width=\"598\" height=\"426\" srcset=\"https:\/\/senoticias.com.br\/se\/wp-content\/uploads\/2024\/12\/Presidente-Lula-SE-Noticias.jpg 598w, https:\/\/senoticias.com.br\/se\/wp-content\/uploads\/2024\/12\/Presidente-Lula-SE-Noticias-300x214.jpg 300w\" sizes=\"(max-width: 598px) 100vw, 598px\" \/><\/a><p id=\"caption-attachment-145743\" class=\"wp-caption-text\">Limita\u00e7\u00e3o faz parte das medidas de conten\u00e7\u00e3o de gastos de Lula &#8211; Foto: Marcelo Camargo\/Ag\u00eancia Brasil<\/p><\/div>\n<p>Atualmente, a corre\u00e7\u00e3o real acima da infla\u00e7\u00e3o do INPC \u00e9 equivalente \u00e0 taxa de crescimento real do PIB do segundo ano antes da vig\u00eancia do novo sal\u00e1rio. Como o PIB de 2023, que seria usado na conta para 2025, foi revisto para 3,2%, a mudan\u00e7a nas regras deve levar a uma economia de R$ 5,2 bilh\u00f5es, de acordo com proje\u00e7\u00f5es feitas pela equipe econ\u00f4mica do governo federal.<\/p>\n<p>A pol\u00edtica de valoriza\u00e7\u00e3o do sal\u00e1rio m\u00ednimo \u00e9 uma das principais bandeiras defendidas por Lula. Desde 2023, o reajuste segue essa linha, para garantir um aumento real, acima da infla\u00e7\u00e3o. Agora, com a nova regra, o crescimento tamb\u00e9m ser\u00e1 acima da infla\u00e7\u00e3o, embora limitado a 2,5%.<\/p>\n<p>Como o sal\u00e1rio m\u00ednimo tem impacto nas aposentadorias, pens\u00f5es e outros aux\u00edlios pagos pelo INSS (Instituto Nacional do Seguro Social), assim como o seguro-desemprego, do abono salarial PIS\/Pasep e do BPC (Benef\u00edcio de Presta\u00e7\u00e3o Continuada), o governo federal criou esse limite ao reajuste na proposta de corte de gastos.<\/p>\n<p><strong>Veja os \u00faltimos reajustes do sal\u00e1rio m\u00ednimo:<\/strong><\/p>\n<p>2024 \u2013 R$ 1.412 (6,97%)<br \/>\n2023 \u2013 R$ 1.320,00 (8,91%)<br \/>\n2022 \u2013 R$ 1.212,00 (10,04%)<br \/>\n2021 \u2013 R$ 1.100,00 (5,2%)<br \/>\n2020 \u2013 R$ 1.045,00 (4,7%)<br \/>\n2019 \u2013 R$ 998,00 (4,6%)<br \/>\n2018 \u2013 R$ 954,00 (1,8%)<br \/>\n2017 \u2013 R$ 937,00 (6,48%)<br \/>\n2016 \u2013 R$ 880,00 (11,6%)<\/p>\n<p>Da Ag\u00eancia Brasil<\/p>\n","protected":false},"excerpt":{"rendered":"<p>A nova regra de reajuste do sal\u00e1rio m\u00ednimo, sancionada pelo presidente Luiz In\u00e1cio da Lula da Silva na sexta-feira (27), limita o crescimento do piso dos trabalhadores at\u00e9 2030. Pela lei rec\u00e9m-publicada, o aumento acima da infla\u00e7\u00e3o \u2014 crit\u00e9rio defendido pelo petista \u2014 dever\u00e1 seguir o intervalo do arcabou\u00e7o fiscal, que vai de 0,6% a [&hellip;]<\/p>\n","protected":false},"author":6557,"featured_media":145743,"comment_status":"closed","ping_status":"closed","sticky":false,"template":"","format":"standard","meta":{"footnotes":""},"categories":[15,2961],"tags":[38105,42925],"class_list":{"0":"post-145742","1":"post","2":"type-post","3":"status-publish","4":"format-standard","5":"has-post-thumbnail","7":"category-destaques","8":"category-nacional","9":"tag-presidente-lula","10":"tag-rreajuste-do-salario-minimo"},"_links":{"self":[{"href":"https:\/\/senoticias.com.br\/se\/wp-json\/wp\/v2\/posts\/145742"}],"collection":[{"href":"https:\/\/senoticias.com.br\/se\/wp-json\/wp\/v2\/posts"}],"about":[{"href":"https:\/\/senoticias.com.br\/se\/wp-json\/wp\/v2\/types\/post"}],"author":[{"embeddable":true,"href":"https:\/\/senoticias.com.br\/se\/wp-json\/wp\/v2\/users\/6557"}],"replies":[{"embeddable":true,"href":"https:\/\/senoticias.com.br\/se\/wp-json\/wp\/v2\/comments?post=145742"}],"version-history":[{"count":0,"href":"https:\/\/senoticias.com.br\/se\/wp-json\/wp\/v2\/posts\/145742\/revisions"}],"wp:featuredmedia":[{"embeddable":true,"href":"https:\/\/senoticias.com.br\/se\/wp-json\/wp\/v2\/media\/145743"}],"wp:attachment":[{"href":"https:\/\/senoticias.com.br\/se\/wp-json\/wp\/v2\/media?parent=145742"}],"wp:term":[{"taxonomy":"category","embeddable":true,"href":"https:\/\/senoticias.com.br\/se\/wp-json\/wp\/v2\/categories?post=145742"},{"taxonomy":"post_tag","embeddable":true,"href":"https:\/\/senoticias.com.br\/se\/wp-json\/wp\/v2\/tags?post=145742"}],"curies":[{"name":"wp","href":"https:\/\/api.w.org\/{rel}","templated":true}]}}