{"id":145738,"date":"2024-12-30T05:22:50","date_gmt":"2024-12-30T08:22:50","guid":{"rendered":"https:\/\/senoticias.com.br\/se\/?p=145738"},"modified":"2024-12-30T20:32:41","modified_gmt":"2024-12-30T23:32:41","slug":"bando-invade-chacara-durante-confraternizacao-da-empresa-xandy-cred","status":"publish","type":"post","link":"https:\/\/senoticias.com.br\/se\/bando-invade-chacara-durante-confraternizacao-da-empresa-xandy-cred\/","title":{"rendered":"Bando invade ch\u00e1cara durante confraterniza\u00e7\u00e3o na Zona Rural de S\u00e3o Crist\u00f3v\u00e3o; um suspeito morreu em confronto"},"content":{"rendered":"<p>Na tarde deste domingo, 29, por volta das 17h40, um bando armado invadiu uma ch\u00e1cara localizada na Comunidade conhecida como &#8220;Lotes&#8221;, a cerca de 2 km do Povoado Cabrita, na zona rural de S\u00e3o Crist\u00f3v\u00e3o. No momento do ataque, acontecia uma festa de confraterniza\u00e7\u00e3o de colaboradores e amigos da empresa Xandy Cred Solu\u00e7\u00f5es Financeiras.<\/p>\n<p>Segundo informa\u00e7\u00f5es apuradas pelo SE Not\u00edcias, mais de 40 pessoas estavam presentes no local, incluindo o empres\u00e1rio Alexandre e seus familiares. Os participantes foram rendidos por quatro homens armados, enquanto um quinto integrante aguardava no ve\u00edculo para facilitar a fuga. O carro utilizado pelo grupo, um Palio preto, teria sido tomado de assalto na manh\u00e3 do mesmo dia no bairro Santa Maria, em Aracaju.<\/p>\n<div id=\"attachment_145740\" style=\"width: 572px\" class=\"wp-caption aligncenter\"><a href=\"https:\/\/senoticias.com.br\/se\/wp-content\/uploads\/2024\/12\/WhatsApp-Image-2024-12-30-at-05.30.30.jpeg\"><img loading=\"lazy\" decoding=\"async\" aria-describedby=\"caption-attachment-145740\" class=\"size-full wp-image-145740\" src=\"https:\/\/senoticias.com.br\/se\/wp-content\/uploads\/2024\/12\/WhatsApp-Image-2024-12-30-at-05.30.30.jpeg\" alt=\"\" width=\"562\" height=\"760\" srcset=\"https:\/\/senoticias.com.br\/se\/wp-content\/uploads\/2024\/12\/WhatsApp-Image-2024-12-30-at-05.30.30.jpeg 562w, https:\/\/senoticias.com.br\/se\/wp-content\/uploads\/2024\/12\/WhatsApp-Image-2024-12-30-at-05.30.30-222x300.jpeg 222w\" sizes=\"(max-width: 562px) 100vw, 562px\" \/><\/a><p id=\"caption-attachment-145740\" class=\"wp-caption-text\">A\u00e7\u00e3o policial envolvenu resgate de ref\u00e9ns e apreens\u00e3o de materiais ap\u00f3s sequestro e c\u00e1rcere privado &#8211; Foto: reprodu\u00e7\u00e3o\/PMSE<\/p><\/div>\n<p>A a\u00e7\u00e3o dos criminosos foi interrompida quando o motorista do Palio foi alvejado e morreu dentro do ve\u00edculo. O Instituto M\u00e9dico Legal (IML) foi acionado para recolher o corpo, e peritos da criminal\u00edstica estiveram no local para realizar a per\u00edcia e coletar digitais que possam auxiliar na identifica\u00e7\u00e3o dos envolvidos.<\/p>\n<p>Uma das pessoas presentes na festa conseguiu se esconder debaixo de uma cama e enviar a localiza\u00e7\u00e3o do evento para um familiar, que acionou a Pol\u00edcia Militar. Diversas unidades especializadas da PMSE foram mobilizadas e compareceram ao local. Durante o confronto, dois dos criminosos foram alvejados \u2014 um morreu e outro ficou ferido. Um terceiro fugiu pela mata e segue sendo procurado pelas autoridades.<\/p>\n<p>O empres\u00e1rio Alexandre e os demais convidados n\u00e3o sofreram ferimentos graves. <strong>O SE Not\u00edcias<\/strong> segue em contato com o empres\u00e1rio e a Pol\u00edcia Militar de Sergipe (PMSE) para obter mais informa\u00e7\u00f5es sobre o caso. A reportagem ser\u00e1 atualizada assim que novos dados forem disponibilizados.<\/p>\n<p><em><strong>Acompanhe tamb\u00e9m o SE Not\u00edcias no\u00a0<a href=\"https:\/\/twitter.com\/Senoticias\" target=\"_blank\" rel=\"noreferrer noopener\">Twitter<\/a>,\u00a0<a href=\"https:\/\/www.facebook.com\/senoticias1\" target=\"_blank\" rel=\"noreferrer noopener\">Facebook<\/a>\u00a0e no\u00a0<a href=\"https:\/\/www.instagram.com\/senoticias\/\" target=\"_blank\" rel=\"noreferrer noopener\">Instagram<\/a><\/strong><\/em><\/p>\n<p>Reda\u00e7\u00e3o SE Not\u00edcias<\/p>\n","protected":false},"excerpt":{"rendered":"<p>Na tarde deste domingo, 29, por volta das 17h40, um bando armado invadiu uma ch\u00e1cara localizada na Comunidade conhecida como &#8220;Lotes&#8221;, a cerca de 2 km do Povoado Cabrita, na zona rural de S\u00e3o Crist\u00f3v\u00e3o. No momento do ataque, acontecia uma festa de confraterniza\u00e7\u00e3o de colaboradores e amigos da empresa Xandy Cred Solu\u00e7\u00f5es Financeiras. Segundo [&hellip;]<\/p>\n","protected":false},"author":6557,"featured_media":145740,"comment_status":"closed","ping_status":"closed","sticky":false,"template":"","format":"standard","meta":{"footnotes":""},"categories":[15,7],"tags":[42923,42924,4609,42922,42921],"class_list":{"0":"post-145738","1":"post","2":"type-post","3":"status-publish","4":"format-standard","5":"has-post-thumbnail","7":"category-destaques","8":"category-policia","9":"tag-bando","10":"tag-invade-chacara","11":"tag-povoado-cabrita","12":"tag-solucoes-financeiras","13":"tag-xandy-cred"},"_links":{"self":[{"href":"https:\/\/senoticias.com.br\/se\/wp-json\/wp\/v2\/posts\/145738"}],"collection":[{"href":"https:\/\/senoticias.com.br\/se\/wp-json\/wp\/v2\/posts"}],"about":[{"href":"https:\/\/senoticias.com.br\/se\/wp-json\/wp\/v2\/types\/post"}],"author":[{"embeddable":true,"href":"https:\/\/senoticias.com.br\/se\/wp-json\/wp\/v2\/users\/6557"}],"replies":[{"embeddable":true,"href":"https:\/\/senoticias.com.br\/se\/wp-json\/wp\/v2\/comments?post=145738"}],"version-history":[{"count":0,"href":"https:\/\/senoticias.com.br\/se\/wp-json\/wp\/v2\/posts\/145738\/revisions"}],"wp:featuredmedia":[{"embeddable":true,"href":"https:\/\/senoticias.com.br\/se\/wp-json\/wp\/v2\/media\/145740"}],"wp:attachment":[{"href":"https:\/\/senoticias.com.br\/se\/wp-json\/wp\/v2\/media?parent=145738"}],"wp:term":[{"taxonomy":"category","embeddable":true,"href":"https:\/\/senoticias.com.br\/se\/wp-json\/wp\/v2\/categories?post=145738"},{"taxonomy":"post_tag","embeddable":true,"href":"https:\/\/senoticias.com.br\/se\/wp-json\/wp\/v2\/tags?post=145738"}],"curies":[{"name":"wp","href":"https:\/\/api.w.org\/{rel}","templated":true}]}}