{"id":145648,"date":"2024-12-21T18:51:25","date_gmt":"2024-12-21T21:51:25","guid":{"rendered":"https:\/\/senoticias.com.br\/se\/?p=145648"},"modified":"2024-12-21T19:22:13","modified_gmt":"2024-12-21T22:22:13","slug":"duas-novas-leis-de-transito-que-entram-em-vigor-em-2025-exigem-atencao-dos-motoristas","status":"publish","type":"post","link":"https:\/\/senoticias.com.br\/se\/duas-novas-leis-de-transito-que-entram-em-vigor-em-2025-exigem-atencao-dos-motoristas\/","title":{"rendered":"Duas novas leis de tr\u00e2nsito que entram em vigor em 2025 exigem aten\u00e7\u00e3o dos motoristas"},"content":{"rendered":"<p>Motoristas e aqueles que desejam tirar a primeira habilita\u00e7\u00e3o precisam estar atentos \u00e0s novas leis de tr\u00e2nsito, que passam a valer a partir de 1\u00ba de janeiro de 2025. As mudan\u00e7as preveem a realiza\u00e7\u00e3o de exame toxicol\u00f3gico e a manuten\u00e7\u00e3o de equipamentos veiculares em dia. O n\u00e3o cumprimento das determina\u00e7\u00f5es poder\u00e1 ocasionar em multa e perda de pontos na CNH (Carteira Nacional de Habilita\u00e7\u00e3o).<\/p>\n<p>As altera\u00e7\u00f5es buscam aumentar a seguran\u00e7a nas estradas e garantir a condi\u00e7\u00e3o adequada dos motoristas para condu\u00e7\u00e3o veicular. O Conatran (Conselho Nacional de Tr\u00e2nsito) j\u00e1 aprovou as medidas.<\/p>\n<div id=\"attachment_140130\" style=\"width: 607px\" class=\"wp-caption aligncenter\"><a href=\"https:\/\/senoticias.com.br\/se\/wp-content\/uploads\/2023\/11\/Habilitacao-SE-Noticias.jpg\"><img loading=\"lazy\" decoding=\"async\" aria-describedby=\"caption-attachment-140130\" class=\"size-full wp-image-140130\" src=\"https:\/\/senoticias.com.br\/se\/wp-content\/uploads\/2023\/11\/Habilitacao-SE-Noticias.jpg\" alt=\"\" width=\"597\" height=\"420\" srcset=\"https:\/\/senoticias.com.br\/se\/wp-content\/uploads\/2023\/11\/Habilitacao-SE-Noticias.jpg 597w, https:\/\/senoticias.com.br\/se\/wp-content\/uploads\/2023\/11\/Habilitacao-SE-Noticias-300x211.jpg 300w\" sizes=\"(max-width: 597px) 100vw, 597px\" \/><\/a><p id=\"caption-attachment-140130\" class=\"wp-caption-text\">Mudan\u00e7as come\u00e7am a valer a partir de 1\u00ba de janeiro em todo o pa\u00eds &#8211; Foto: arquivo\/SE Not\u00edcias<\/p><\/div>\n<p><strong>Quais s\u00e3o as novas leis de tr\u00e2nsito?<\/strong><\/p>\n<p>A partir de janeiro do pr\u00f3ximo ano, a renova\u00e7\u00e3o da CNH de motoristas profissionais, como taxistas, motoristas de aplicativo e caminhoneiros, precisar\u00e3o realizar uma prova pr\u00e1tica e te\u00f3rica. A medida busca testar e comprovar os conhecimentos dos motoristas sobre novas leis de tr\u00e2nsito e regras de seguran\u00e7a no tr\u00e2nsito.<\/p>\n<p>Al\u00e9m disso, os motoristas dever\u00e3o circular com todos os retrovisores do ve\u00edculo em perfeitas condi\u00e7\u00f5es, sem rachaduras ou desalinhamentos. O descumprimento da determina\u00e7\u00e3o ser\u00e1 considerado infra\u00e7\u00e3o grave. O Conatran (Conselho Nacional de Tr\u00e2nsito) estabeleceu, ainda no segundo semestre, novas orienta\u00e7\u00f5es sobre retrovisores para cada tipo de autom\u00f3vel.<\/p>\n<p>A partir da regulamenta\u00e7\u00e3o, os espelhos de ve\u00edculos de transporte escolar, por exemplo, ter\u00e3o de ser ajustados em tamanhos que permitam ao condutor enxergar toda a lateral. Carros de passeio dever\u00e3o ter espelhos laterais com tamanho m\u00ednimo de 69 cm\u00b2 e um espelho grande o bastante para acomodar um c\u00edrculo de 7,8 cm de di\u00e2metro.<\/p>\n<p><strong>Penaliza\u00e7\u00f5es em eventuais descumprimentos<\/strong><\/p>\n<p>A partir das novas leis de tr\u00e2nsito, aqueles condutores de ve\u00edculos que forem autuados com espelhos retrovisores danificados, ou com condi\u00e7\u00f5es que afetem a visibilidade, estar\u00e3o sujeitos a multas e perda de pontos na carteira nacional de habilita\u00e7\u00e3o. O valor da multa inicia em R$ 195,23 e prev\u00ea perda de cinco pontos na carteira.<\/p>\n<p><em><strong>Acompanhe tamb\u00e9m o SE Not\u00edcias no\u00a0<a href=\"https:\/\/www.instagram.com\/senoticias\/\" target=\"_blank\" rel=\"noreferrer noopener\">Instagram<\/a>,\u00a0\u00a0<a href=\"https:\/\/www.facebook.com\/senoticias1\" target=\"_blank\" rel=\"noreferrer noopener\">Facebook<\/a>\u00a0e\u00a0no\u00a0<a href=\"https:\/\/twitter.com\/Senoticias\">X<\/a><\/strong><\/em><\/p>\n<p>Reda\u00e7\u00e3o ND Florian\u00f3polis<\/p>\n","protected":false},"excerpt":{"rendered":"<p>Motoristas e aqueles que desejam tirar a primeira habilita\u00e7\u00e3o precisam estar atentos \u00e0s novas leis de tr\u00e2nsito, que passam a valer a partir de 1\u00ba de janeiro de 2025. As mudan\u00e7as preveem a realiza\u00e7\u00e3o de exame toxicol\u00f3gico e a manuten\u00e7\u00e3o de equipamentos veiculares em dia. O n\u00e3o cumprimento das determina\u00e7\u00f5es poder\u00e1 ocasionar em multa e [&hellip;]<\/p>\n","protected":false},"author":6557,"featured_media":140130,"comment_status":"closed","ping_status":"closed","sticky":false,"template":"","format":"standard","meta":{"footnotes":""},"categories":[15,6,1],"tags":[7280,4928,42884],"class_list":{"0":"post-145648","1":"post","2":"type-post","3":"status-publish","4":"format-standard","5":"has-post-thumbnail","7":"category-destaques","8":"category-politica","9":"category-sem-categoria","10":"tag-carteira-nacional-de-habilitacao","11":"tag-cnh","12":"tag-duas-novas-leis-de-transito"},"_links":{"self":[{"href":"https:\/\/senoticias.com.br\/se\/wp-json\/wp\/v2\/posts\/145648"}],"collection":[{"href":"https:\/\/senoticias.com.br\/se\/wp-json\/wp\/v2\/posts"}],"about":[{"href":"https:\/\/senoticias.com.br\/se\/wp-json\/wp\/v2\/types\/post"}],"author":[{"embeddable":true,"href":"https:\/\/senoticias.com.br\/se\/wp-json\/wp\/v2\/users\/6557"}],"replies":[{"embeddable":true,"href":"https:\/\/senoticias.com.br\/se\/wp-json\/wp\/v2\/comments?post=145648"}],"version-history":[{"count":0,"href":"https:\/\/senoticias.com.br\/se\/wp-json\/wp\/v2\/posts\/145648\/revisions"}],"wp:featuredmedia":[{"embeddable":true,"href":"https:\/\/senoticias.com.br\/se\/wp-json\/wp\/v2\/media\/140130"}],"wp:attachment":[{"href":"https:\/\/senoticias.com.br\/se\/wp-json\/wp\/v2\/media?parent=145648"}],"wp:term":[{"taxonomy":"category","embeddable":true,"href":"https:\/\/senoticias.com.br\/se\/wp-json\/wp\/v2\/categories?post=145648"},{"taxonomy":"post_tag","embeddable":true,"href":"https:\/\/senoticias.com.br\/se\/wp-json\/wp\/v2\/tags?post=145648"}],"curies":[{"name":"wp","href":"https:\/\/api.w.org\/{rel}","templated":true}]}}