{"id":145645,"date":"2024-12-20T21:03:10","date_gmt":"2024-12-21T00:03:10","guid":{"rendered":"https:\/\/senoticias.com.br\/se\/?p=145645"},"modified":"2024-12-20T21:10:40","modified_gmt":"2024-12-21T00:10:40","slug":"programacao-do-verao-sergipe-2025-movimentara-estacao-mais-quente-do-ano-no-interior-do-estado","status":"publish","type":"post","link":"https:\/\/senoticias.com.br\/se\/programacao-do-verao-sergipe-2025-movimentara-estacao-mais-quente-do-ano-no-interior-do-estado\/","title":{"rendered":"Programa\u00e7\u00e3o do Ver\u00e3o Sergipe 2025 movimentar\u00e1 esta\u00e7\u00e3o mais quente do ano no interior do estado"},"content":{"rendered":"<p>Com o objetivo de movimentar os quatro cantos do estado durante a esta\u00e7\u00e3o mais quente do ano, o Governo do Estado promover\u00e1 mais uma edi\u00e7\u00e3o do Ver\u00e3o Sergipe. O evento foi retomado em 2024, ap\u00f3s um hiato de mais de uma d\u00e9cada, levando cultura, esporte, lazer e gera\u00e7\u00e3o de renda para a Praia da Caueira, em Itaporanga d&#8217;Ajuda; Ponta dos Mangues, em Pacatuba; Praia do Aba\u00eds, em Est\u00e2ncia; Pirambu e Canind\u00e9 de S\u00e3o Francisco. Este ano, a novidade \u00e9 que o Ver\u00e3o Sergipe tamb\u00e9m vai ser realizado no munic\u00edpio da Barra dos Coqueiros, na regi\u00e3o metropolitana de Aracaju.<\/p>\n<div id=\"attachment_145646\" style=\"width: 598px\" class=\"wp-caption aligncenter\"><a href=\"https:\/\/senoticias.com.br\/se\/wp-content\/uploads\/2024\/12\/Verao-Sergipe-SE-Noticias.jpg\"><img loading=\"lazy\" decoding=\"async\" aria-describedby=\"caption-attachment-145646\" class=\"size-full wp-image-145646\" src=\"https:\/\/senoticias.com.br\/se\/wp-content\/uploads\/2024\/12\/Verao-Sergipe-SE-Noticias.jpg\" alt=\"\" width=\"588\" height=\"336\" srcset=\"https:\/\/senoticias.com.br\/se\/wp-content\/uploads\/2024\/12\/Verao-Sergipe-SE-Noticias.jpg 588w, https:\/\/senoticias.com.br\/se\/wp-content\/uploads\/2024\/12\/Verao-Sergipe-SE-Noticias-300x171.jpg 300w\" sizes=\"(max-width: 588px) 100vw, 588px\" \/><\/a><p id=\"caption-attachment-145646\" class=\"wp-caption-text\">Para esta edi\u00e7\u00e3o, houve a expans\u00e3o do evento para a Barra dos Coqueiros, na regi\u00e3o metropolitana de Aracaju &#8211; Foto: Erick O&#8217;Hara\/ASN<\/p><\/div>\n<p>A programa\u00e7\u00e3o do evento foi divulgada pelo Governo do Estado nesta sexta-feira, 20, e conta com a presen\u00e7a de artistas nacionais, regionais e locais. O Ver\u00e3o Sergipe 2025 ter\u00e1 in\u00edcio nos dias 17 a 19 de janeiro, na Praia da Caueira, seguindo para Pacatuba em 24 a 26 de janeiro. No final de semana seguinte, 31 de janeiro a 2 de fevereiro, \u00e9 a vez de Canind\u00e9 de S\u00e3o Francisco receber a iniciativa. Do dia 7 ao dia 9 de fevereiro, o evento chega a Pirambu, e de 14 a 16 de fevereiro, \u00e0 Barra dos Coqueiros. No Carnaval, que no pr\u00f3ximo ano est\u00e1 marcado para os dias 1\u00ba a 5 de mar\u00e7o, o Ver\u00e3o Sergipe ser\u00e1 encerrado na Praia do Aba\u00eds.<\/p>\n<p>Vale lembrar que os domingos s\u00e3o dedicados apenas \u00e0s atividades esportivas.<\/p>\n<p>Confira a programa\u00e7\u00e3o musical completa:<\/p>\n<p><strong>Praia da Caueira (Itaporanga D\u2019Ajuda)<\/strong><\/p>\n<p><strong>Sexta-feira, 17 de janeiro<\/strong><br \/>\n21h &#8211; Igor Ativado<br \/>\n23h &#8211; Ferrugem<br \/>\n1h &#8211; Felipe Amorim<br \/>\n3h &#8211; Banana Nativa<\/p>\n<p>S\u00e1bado, 18 de janeiro<br \/>\n21h &#8211; As Patricinhas<br \/>\n23h &#8211; Toni Garrido<br \/>\n1h &#8211; Detonautas<br \/>\n3h &#8211; Nona<\/p>\n<p><strong>Pacatuba<\/strong><\/p>\n<p><strong>Sexta-feira, 24 de janeiro<\/strong><br \/>\n21h &#8211; Larissa Costa<br \/>\n23h &#8211; Chicabana<br \/>\n1h &#8211; Nadson O Ferinha<br \/>\n3h &#8211; Matheus Fernandes<\/p>\n<p><strong>S\u00e1bado, 25 de janeiro<\/strong><br \/>\n21h &#8211; Leonne O Nobre<br \/>\n23h &#8211; Luiza Martins<br \/>\n1h &#8211; Falcao<br \/>\n3h &#8211; Tarc\u00edsio<\/p>\n<p><strong>Canind\u00e9 de S\u00e3o Francisco<\/strong><\/p>\n<p>Sexta-feira, 31 de janeiro<br \/>\n21h &#8211; Maraisa Cantora<br \/>\n23h &#8211; Taty Gril<br \/>\n1h &#8211; Leo Santana<br \/>\n3h &#8211; Mikael Santos<\/p>\n<p><strong>S\u00e1bado, 1\u00ba de fevereiro<\/strong><br \/>\n21h &#8211; Pagodun<br \/>\n23h &#8211; Dorgival Dantas<br \/>\n1h &#8211; Unha Pintada<br \/>\n3h &#8211; Franquinho Vaqueiro<\/p>\n<p><strong>Pirambu<\/strong><\/p>\n<p><strong>Sexta-feira, 7 de fevereiro<\/strong><br \/>\n21h &#8211; Cid Natureza<br \/>\n23h &#8211; Xanddy Harmonia<br \/>\n1h &#8211; Heitor Costa<br \/>\n3h &#8211; Ittauan<\/p>\n<p><strong>S\u00e1bado, 8 de Fevereiro<\/strong><br \/>\n21h &#8211; Banda Seeway<br \/>\n23h &#8211; Di Prop\u00f3sito<br \/>\n1h &#8211; Danielzinho Jr<br \/>\n3h &#8211; Pablo<\/p>\n<p><strong>Barra dos Coqueiros<\/strong><\/p>\n<p><strong>Sexta-feira, 14 de fevereiro<\/strong><br \/>\n21h &#8211; Pedro Lua<br \/>\n23h &#8211; Hungria<br \/>\n1h &#8211; Timbalada<br \/>\n3h &#8211; Edson Gomes<\/p>\n<p><strong>S\u00e1bado, 15 de fevereiro<\/strong><br \/>\n21h &#8211; Rea\u00e7\u00e3o<br \/>\n23h &#8211; Pato Fu<br \/>\n1h &#8211; Baianasystem<br \/>\n3h &#8211; Dilsinho<\/p>\n<p><strong>Carnaval do Aba\u00eds<\/strong><\/p>\n<p><strong>S\u00e1bado, 1\u00ba de mar\u00e7o<\/strong><br \/>\n21h &#8211; Dioguinho<br \/>\n23h &#8211; Filhos Da Bahia<br \/>\n1h &#8211; Devinho Novaes<br \/>\n3h &#8211; Tuka Velloz<\/p>\n<p><strong>Domingo, 2 de mar\u00e7o<\/strong><br \/>\n21h &#8211; Vitinho Soares<br \/>\n23h &#8211; Vina Calmon<br \/>\n1h &#8211; Guig Ghetto<br \/>\n3h &#8211; Marcelo Balla<\/p>\n<p><strong>Segunda-feira, 3 de mar\u00e7o<\/strong><br \/>\n21h &#8211; Xicabanda<br \/>\n23h &#8211; Luanzinho Moraes<br \/>\n1h &#8211; La F\u00faria<br \/>\n3h &#8211; Luiz Ferraz<\/p>\n<p><em><strong>Acompanhe tamb\u00e9m o SE Not\u00edcias no\u00a0<a href=\"https:\/\/www.instagram.com\/senoticias\/\" target=\"_blank\" rel=\"noreferrer noopener\">Instagram<\/a>,\u00a0\u00a0<a href=\"https:\/\/www.facebook.com\/senoticias1\" target=\"_blank\" rel=\"noreferrer noopener\">Facebook<\/a>\u00a0e\u00a0no\u00a0<a href=\"https:\/\/twitter.com\/Senoticias\">X<\/a><\/strong><\/em><\/p>\n<p>Fonte:\u00a0 Ag\u00eancia Sergipe de Not\u00edcias<\/p>\n<p>&nbsp;<\/p>\n","protected":false},"excerpt":{"rendered":"<p>Com o objetivo de movimentar os quatro cantos do estado durante a esta\u00e7\u00e3o mais quente do ano, o Governo do Estado promover\u00e1 mais uma edi\u00e7\u00e3o do Ver\u00e3o Sergipe. O evento foi retomado em 2024, ap\u00f3s um hiato de mais de uma d\u00e9cada, levando cultura, esporte, lazer e gera\u00e7\u00e3o de renda para a Praia da Caueira, [&hellip;]<\/p>\n","protected":false},"author":6557,"featured_media":145646,"comment_status":"closed","ping_status":"closed","sticky":false,"template":"","format":"standard","meta":{"footnotes":""},"categories":[15,21],"tags":[5778,8002,42883],"class_list":{"0":"post-145645","1":"post","2":"type-post","3":"status-publish","4":"format-standard","5":"has-post-thumbnail","7":"category-destaques","8":"category-entretenimento","9":"tag-praia-da-caueira","10":"tag-praia-do-abais","11":"tag-verao-sergipe-2025"},"_links":{"self":[{"href":"https:\/\/senoticias.com.br\/se\/wp-json\/wp\/v2\/posts\/145645"}],"collection":[{"href":"https:\/\/senoticias.com.br\/se\/wp-json\/wp\/v2\/posts"}],"about":[{"href":"https:\/\/senoticias.com.br\/se\/wp-json\/wp\/v2\/types\/post"}],"author":[{"embeddable":true,"href":"https:\/\/senoticias.com.br\/se\/wp-json\/wp\/v2\/users\/6557"}],"replies":[{"embeddable":true,"href":"https:\/\/senoticias.com.br\/se\/wp-json\/wp\/v2\/comments?post=145645"}],"version-history":[{"count":0,"href":"https:\/\/senoticias.com.br\/se\/wp-json\/wp\/v2\/posts\/145645\/revisions"}],"wp:featuredmedia":[{"embeddable":true,"href":"https:\/\/senoticias.com.br\/se\/wp-json\/wp\/v2\/media\/145646"}],"wp:attachment":[{"href":"https:\/\/senoticias.com.br\/se\/wp-json\/wp\/v2\/media?parent=145645"}],"wp:term":[{"taxonomy":"category","embeddable":true,"href":"https:\/\/senoticias.com.br\/se\/wp-json\/wp\/v2\/categories?post=145645"},{"taxonomy":"post_tag","embeddable":true,"href":"https:\/\/senoticias.com.br\/se\/wp-json\/wp\/v2\/tags?post=145645"}],"curies":[{"name":"wp","href":"https:\/\/api.w.org\/{rel}","templated":true}]}}