{"id":145640,"date":"2024-12-20T17:18:01","date_gmt":"2024-12-20T20:18:01","guid":{"rendered":"https:\/\/senoticias.com.br\/se\/?p=145640"},"modified":"2024-12-20T17:18:01","modified_gmt":"2024-12-20T20:18:01","slug":"ultimos-dias-para-aproveitar-o-jardim-encantado-de-natal","status":"publish","type":"post","link":"https:\/\/senoticias.com.br\/se\/ultimos-dias-para-aproveitar-o-jardim-encantado-de-natal\/","title":{"rendered":"\u00daltimos dias para aproveitar o \u2018Jardim Encantado de Natal\u2019"},"content":{"rendered":"<p>Al\u00e9m das diversas op\u00e7\u00f5es de compras e lazer, o Shopping Jardins proporciona ainda mais divers\u00e3o a crian\u00e7as, jovens, adultos e idosos durante o per\u00edodo natalino. At\u00e9 o domingo, 22 de dezembro, o Papai Noel compartilha amor com o p\u00fablico, das 14h \u00e0s 20h, com intervalos de 30 minutos para alimentar as renas. Na ter\u00e7a-feira, 24 de dezembro, o Bom Velhinho estar\u00e1 no Bosque do Noel, em frente \u00e0 loja O Botic\u00e1rio, das 12h \u00e0s 18h.<\/p>\n<p><strong>Sess\u00e3o Azul<\/strong><\/p>\n<p>Neste fim de semana, acontecem os \u00faltimos encontros do Papai Noel com as pessoas neurodivergentes que preferem desfrutar de um momento mais tranquilo ao lado dele. As sess\u00f5es azuis acontecem s\u00e1bado e domingo, 21 e 22 de dezembro, das 13h \u00e0s 14h, e os interessados em participar devem realizar agendamento pr\u00e9vio pelo Shopping Jardins App (Android e iOS).<\/p>\n<div id=\"attachment_145641\" style=\"width: 610px\" class=\"wp-caption aligncenter\"><a href=\"https:\/\/senoticias.com.br\/se\/wp-content\/uploads\/2024\/12\/Papai-Noel-no-Shopping-Jardins-SE-Noticias.jpg\"><img loading=\"lazy\" decoding=\"async\" aria-describedby=\"caption-attachment-145641\" class=\"size-full wp-image-145641\" src=\"https:\/\/senoticias.com.br\/se\/wp-content\/uploads\/2024\/12\/Papai-Noel-no-Shopping-Jardins-SE-Noticias.jpg\" alt=\"\" width=\"600\" height=\"450\" srcset=\"https:\/\/senoticias.com.br\/se\/wp-content\/uploads\/2024\/12\/Papai-Noel-no-Shopping-Jardins-SE-Noticias.jpg 600w, https:\/\/senoticias.com.br\/se\/wp-content\/uploads\/2024\/12\/Papai-Noel-no-Shopping-Jardins-SE-Noticias-300x225.jpg 300w, https:\/\/senoticias.com.br\/se\/wp-content\/uploads\/2024\/12\/Papai-Noel-no-Shopping-Jardins-SE-Noticias-45x35.jpg 45w\" sizes=\"(max-width: 600px) 100vw, 600px\" \/><\/a><p id=\"caption-attachment-145641\" class=\"wp-caption-text\">Brinquedos gratuitos, encontros com Papai Noel, cen\u00e1rios para fotos, jardim iluminado e Muro dos Desejos integram as atra\u00e7\u00f5es natalinas do Shopping Jardins &#8211; Foto: Arthur Soares<\/p><\/div>\n<p><strong>Jardim Encantado<\/strong><\/p>\n<p>Na Pra\u00e7a de Eventos Ip\u00ea, majestosa \u00e1rvore de 10 metros de altura convida as fam\u00edlias a tirar lindas fotos. Balan\u00e7os, escorregador em formato de regador, gira-gira acess\u00edvel a pessoas com defici\u00eancia, brinqued\u00e3o e bicicletas m\u00e1gicas que acendem a ilumina\u00e7\u00e3o da fonte garantem a divers\u00e3o da crian\u00e7ada. O acesso \u00e9 gratuito.<\/p>\n<p>At\u00e9 o domingo, 22 de dezembro, as fam\u00edlias t\u00eam a oportunidade de visitar o jardim de inverno com ilumina\u00e7\u00e3o decorativa, balan\u00e7o de madeira e asas de borboleta em led. O espa\u00e7o est\u00e1 aberto \u00e0 visita\u00e7\u00e3o, das 18h \u00e0s 21h, e o acesso \u00e9 gratuito.<\/p>\n<p>Na Portaria B, o tradicional pres\u00e9pio remete o visitante \u00e0 ess\u00eancia do Natal, com a representa\u00e7\u00e3o do nascimento de Jesus. J\u00e1 na Portaria A, o visitante pode expressar os seus desejos para 2025 amarrando uma das fitinhas com mensagens de paz, amor, esperan\u00e7a, prosperidade, no Muro dos Desejos.<\/p>\n<p>Na Pra\u00e7a de Eventos Orqu\u00eddea, um circuito de brincadeiras convida a garotada a curtir mais divers\u00e3o. Kid play, gangorras, cama de gato, tobog\u00e3, piscina de bolinhas e oficina de bottons integram a atra\u00e7\u00e3o que conta com bilheteria pr\u00f3pria.<\/p>\n<p><em><strong>Acompanhe tamb\u00e9m o SE Not\u00edcias no\u00a0<a href=\"https:\/\/www.instagram.com\/senoticias\/\" target=\"_blank\" rel=\"noreferrer noopener\">Instagram<\/a>,\u00a0\u00a0<a href=\"https:\/\/www.facebook.com\/senoticias1\" target=\"_blank\" rel=\"noreferrer noopener\">Facebook<\/a>\u00a0e\u00a0no\u00a0<a href=\"https:\/\/twitter.com\/Senoticias\">X<\/a><\/strong><\/em><\/p>\n<p>Fonte: Assessoria de imprensa \/ Lotti+Caldas Comunica\u00e7\u00e3o<\/p>\n","protected":false},"excerpt":{"rendered":"<p>Al\u00e9m das diversas op\u00e7\u00f5es de compras e lazer, o Shopping Jardins proporciona ainda mais divers\u00e3o a crian\u00e7as, jovens, adultos e idosos durante o per\u00edodo natalino. At\u00e9 o domingo, 22 de dezembro, o Papai Noel compartilha amor com o p\u00fablico, das 14h \u00e0s 20h, com intervalos de 30 minutos para alimentar as renas. Na ter\u00e7a-feira, 24 [&hellip;]<\/p>\n","protected":false},"author":6557,"featured_media":145641,"comment_status":"closed","ping_status":"closed","sticky":false,"template":"","format":"standard","meta":{"footnotes":""},"categories":[15,21],"tags":[42882,6958],"class_list":{"0":"post-145640","1":"post","2":"type-post","3":"status-publish","4":"format-standard","5":"has-post-thumbnail","7":"category-destaques","8":"category-entretenimento","9":"tag-jardim-encantado","10":"tag-papai-noel"},"_links":{"self":[{"href":"https:\/\/senoticias.com.br\/se\/wp-json\/wp\/v2\/posts\/145640"}],"collection":[{"href":"https:\/\/senoticias.com.br\/se\/wp-json\/wp\/v2\/posts"}],"about":[{"href":"https:\/\/senoticias.com.br\/se\/wp-json\/wp\/v2\/types\/post"}],"author":[{"embeddable":true,"href":"https:\/\/senoticias.com.br\/se\/wp-json\/wp\/v2\/users\/6557"}],"replies":[{"embeddable":true,"href":"https:\/\/senoticias.com.br\/se\/wp-json\/wp\/v2\/comments?post=145640"}],"version-history":[{"count":0,"href":"https:\/\/senoticias.com.br\/se\/wp-json\/wp\/v2\/posts\/145640\/revisions"}],"wp:featuredmedia":[{"embeddable":true,"href":"https:\/\/senoticias.com.br\/se\/wp-json\/wp\/v2\/media\/145641"}],"wp:attachment":[{"href":"https:\/\/senoticias.com.br\/se\/wp-json\/wp\/v2\/media?parent=145640"}],"wp:term":[{"taxonomy":"category","embeddable":true,"href":"https:\/\/senoticias.com.br\/se\/wp-json\/wp\/v2\/categories?post=145640"},{"taxonomy":"post_tag","embeddable":true,"href":"https:\/\/senoticias.com.br\/se\/wp-json\/wp\/v2\/tags?post=145640"}],"curies":[{"name":"wp","href":"https:\/\/api.w.org\/{rel}","templated":true}]}}