{"id":145637,"date":"2024-12-20T11:21:42","date_gmt":"2024-12-20T14:21:42","guid":{"rendered":"https:\/\/senoticias.com.br\/se\/?p=145637"},"modified":"2024-12-20T11:21:42","modified_gmt":"2024-12-20T14:21:42","slug":"ssp-intima-160-pessoas-em-posse-de-aparelhos-furtados-ou-roubados-durante-primeira-fase-do-protocolo-nacional-de-recuperacao-de-celulares-em-sergipe","status":"publish","type":"post","link":"https:\/\/senoticias.com.br\/se\/ssp-intima-160-pessoas-em-posse-de-aparelhos-furtados-ou-roubados-durante-primeira-fase-do-protocolo-nacional-de-recuperacao-de-celulares-em-sergipe\/","title":{"rendered":"SSP intima 160 pessoas em posse de aparelhos furtados ou roubados durante primeira fase do Protocolo Nacional de Recupera\u00e7\u00e3o de Celulares em Sergipe"},"content":{"rendered":"<p>&nbsp;<\/p>\n<p>Para fortalecer as investiga\u00e7\u00f5es sobre roubos e furtos de celulares e ampliar as chances de recupera\u00e7\u00e3o dos aparelhos em Sergipe, a Secretaria da Seguran\u00e7a P\u00fablica (SSP) deu in\u00edcio \u00e0s a\u00e7\u00f5es pr\u00e1ticas do Protocolo Nacional de Recupera\u00e7\u00e3o de Celulares com a intima\u00e7\u00e3o de 160 pessoas para comparecimento na Delegacia de Turismo (Detur). A iniciativa que, no estado teve in\u00edcio na \u00faltima quarta-feira (18), \u00e9 coordenada pelo Minist\u00e9rio da Justi\u00e7a e Seguran\u00e7a P\u00fablica (MJSP), respons\u00e1vel por fornecer a ferramenta tecnol\u00f3gica que permite identificar os celulares e intimar as pessoas que est\u00e3o em posse desses aparelhos, cuja origem \u00e9 il\u00edcita. At\u00e9 esta quinta (19), 44 celulares j\u00e1 tinham sido recuperados.<\/p>\n<p>O objetivo do projeto \u00e9 minimizar preju\u00edzos sofridos pelas v\u00edtimas, abrangendo ainda a responsabiliza\u00e7\u00e3o criminal pela pr\u00e1tica de recepta\u00e7\u00e3o culposa ou dolosa para aqueles que estiverem em posse dos aparelhos. De acordo com a delegada Luciana Pereira, a a\u00e7\u00e3o engloba um conjunto de etapas de investiga\u00e7\u00e3o que visa a elucida\u00e7\u00e3o dos crimes e a recupera\u00e7\u00e3o de celulares, que s\u00e3o produto de furto e roubo em Sergipe. \u201cA a\u00e7\u00e3o visa ampliar o combate a esses crimes, e come\u00e7amos essa a\u00e7\u00e3o para atuarmos no ciclo completo de investiga\u00e7\u00e3o do crime com a recupera\u00e7\u00e3o do aparelho celular\u201d, descreveu a delegada.<\/p>\n<div id=\"attachment_145638\" style=\"width: 605px\" class=\"wp-caption aligncenter\"><a href=\"https:\/\/senoticias.com.br\/se\/wp-content\/uploads\/2024\/12\/Celilares-furtados-se-noticias.jpg\"><img loading=\"lazy\" decoding=\"async\" aria-describedby=\"caption-attachment-145638\" class=\"size-full wp-image-145638\" src=\"https:\/\/senoticias.com.br\/se\/wp-content\/uploads\/2024\/12\/Celilares-furtados-se-noticias.jpg\" alt=\"\" width=\"595\" height=\"298\" srcset=\"https:\/\/senoticias.com.br\/se\/wp-content\/uploads\/2024\/12\/Celilares-furtados-se-noticias.jpg 595w, https:\/\/senoticias.com.br\/se\/wp-content\/uploads\/2024\/12\/Celilares-furtados-se-noticias-300x150.jpg 300w\" sizes=\"(max-width: 595px) 100vw, 595px\" \/><\/a><p id=\"caption-attachment-145638\" class=\"wp-caption-text\"><br \/>Segundo a SSP\/SE, at\u00e9 o momento, 44 celulares j\u00e1 foram recuperados &#8211; Foto: SSP\/SE<\/p><\/div>\n<p>Com a apura\u00e7\u00e3o do roubo ou furto e eventual recupera\u00e7\u00e3o do celular, a Pol\u00edcia Civil tamb\u00e9m atuar\u00e1 com a responsabiliza\u00e7\u00e3o criminal pela pr\u00e1tica da recepta\u00e7\u00e3o. \u201cEm casos pontuais, em que a gente identifique que a pessoa tinha consci\u00eancia da origem do celular ou n\u00e3o tomou os devidos cuidados, como no caso da recepta\u00e7\u00e3o culposa, elas responder\u00e3o pela recepta\u00e7\u00e3o desses aparelhos\u201d, evidenciou a delegada Luciana Pereira.<\/p>\n<p>Tal refor\u00e7o nos procedimentos relativos \u00e0 investiga\u00e7\u00e3o de roubos, furtos e, por conseguinte, recepta\u00e7\u00e3o de celulares, est\u00e1 diretamente ligado \u00e0 preven\u00e7\u00e3o de outros crimes envolvendo redes sociais e aplicativos de bancos, conforme relembrou Luciana Pereira. \u201cMuitas vezes, atrav\u00e9s desses aparelhos, os criminosos conseguem obter informa\u00e7\u00f5es das v\u00edtimas, ent\u00e3o o nosso objetivo \u00e9 tentar minimizar esses preju\u00edzos\u201d, salientou.<\/p>\n<p>Luciana Pereira relembrou que, nesta primeira fase, 160 pessoas foram intimadas, e destacou que a a\u00e7\u00e3o ter\u00e1 continuidade para ampliar as chances de recupera\u00e7\u00e3o de celulares furtados ou roubados em Sergipe. \u201cA nossa inten\u00e7\u00e3o \u00e9 recuperar o maior n\u00famero de aparelhos, passando para as v\u00edtimas que a SSP est\u00e1 em efetivo combate aos crimes patrimoniais que t\u00eam como alvo os celulares\u201d, assegurou a delegada.<\/p>\n<p>Para a efetividade da a\u00e7\u00e3o desenvolvida pela SSP, Luciana Pereira explicou que o MJSP tem cedido a ferramenta que possibilita a intima\u00e7\u00e3o em grande escala de pessoas que est\u00e3o em posse de celulares com restri\u00e7\u00f5es de roubo ou furto. \u201c\u00c9 importante dizer que, com essas informa\u00e7\u00f5es e com a oitiva dessas pessoas, conseguimos descobrir de forma mais completa a origem desses aparelhos, deixando a investiga\u00e7\u00e3o mais completa\u201d, ressaltou.<\/p>\n<p><strong>Recomenda\u00e7\u00f5es<\/strong><\/p>\n<p>Diante da intensifica\u00e7\u00e3o das investiga\u00e7\u00f5es acerca de roubos, furtos e recepta\u00e7\u00f5es de celulares em Sergipe, Luciana Pereira alertou que \u00e9 fundamental conferir a origem dos aparelhos, a fim de evitar incorrer em pr\u00e1tica criminosa. \u201cSabemos que existe a recepta\u00e7\u00e3o dolosa, em que \u00e9 conhecida a origem il\u00edcita, mas existe a recepta\u00e7\u00e3o culposa, quando a pessoa n\u00e3o observa requisitos m\u00ednimos, como a proced\u00eancia, a loja, a caixa do aparelho e o valor desse celular\u201d, finalizou Luciana Pereira.<\/p>\n<p><em><strong>Acompanhe tamb\u00e9m o SE Not\u00edcias no\u00a0<a href=\"https:\/\/www.instagram.com\/senoticias\/\" target=\"_blank\" rel=\"noreferrer noopener\">Instagram<\/a>,\u00a0\u00a0<a href=\"https:\/\/www.facebook.com\/senoticias1\" target=\"_blank\" rel=\"noreferrer noopener\">Facebook<\/a>\u00a0e\u00a0no\u00a0<a href=\"https:\/\/twitter.com\/Senoticias\">X<\/a><\/strong><\/em><\/p>\n<p>Fonte: SSP\/SE<\/p>\n","protected":false},"excerpt":{"rendered":"<p>&nbsp; Para fortalecer as investiga\u00e7\u00f5es sobre roubos e furtos de celulares e ampliar as chances de recupera\u00e7\u00e3o dos aparelhos em Sergipe, a Secretaria da Seguran\u00e7a P\u00fablica (SSP) deu in\u00edcio \u00e0s a\u00e7\u00f5es pr\u00e1ticas do Protocolo Nacional de Recupera\u00e7\u00e3o de Celulares com a intima\u00e7\u00e3o de 160 pessoas para comparecimento na Delegacia de Turismo (Detur). A iniciativa que, [&hellip;]<\/p>\n","protected":false},"author":6557,"featured_media":145638,"comment_status":"closed","ping_status":"closed","sticky":false,"template":"","format":"standard","meta":{"footnotes":""},"categories":[15,7],"tags":[42880,42881],"class_list":{"0":"post-145637","1":"post","2":"type-post","3":"status-publish","4":"format-standard","5":"has-post-thumbnail","7":"category-destaques","8":"category-policia","9":"tag-aparelhos-furtados","10":"tag-protocolo-nacional-de-recuperacao-de-celulares"},"_links":{"self":[{"href":"https:\/\/senoticias.com.br\/se\/wp-json\/wp\/v2\/posts\/145637"}],"collection":[{"href":"https:\/\/senoticias.com.br\/se\/wp-json\/wp\/v2\/posts"}],"about":[{"href":"https:\/\/senoticias.com.br\/se\/wp-json\/wp\/v2\/types\/post"}],"author":[{"embeddable":true,"href":"https:\/\/senoticias.com.br\/se\/wp-json\/wp\/v2\/users\/6557"}],"replies":[{"embeddable":true,"href":"https:\/\/senoticias.com.br\/se\/wp-json\/wp\/v2\/comments?post=145637"}],"version-history":[{"count":0,"href":"https:\/\/senoticias.com.br\/se\/wp-json\/wp\/v2\/posts\/145637\/revisions"}],"wp:featuredmedia":[{"embeddable":true,"href":"https:\/\/senoticias.com.br\/se\/wp-json\/wp\/v2\/media\/145638"}],"wp:attachment":[{"href":"https:\/\/senoticias.com.br\/se\/wp-json\/wp\/v2\/media?parent=145637"}],"wp:term":[{"taxonomy":"category","embeddable":true,"href":"https:\/\/senoticias.com.br\/se\/wp-json\/wp\/v2\/categories?post=145637"},{"taxonomy":"post_tag","embeddable":true,"href":"https:\/\/senoticias.com.br\/se\/wp-json\/wp\/v2\/tags?post=145637"}],"curies":[{"name":"wp","href":"https:\/\/api.w.org\/{rel}","templated":true}]}}