{"id":145635,"date":"2024-12-20T07:52:22","date_gmt":"2024-12-20T10:52:22","guid":{"rendered":"https:\/\/senoticias.com.br\/se\/?p=145635"},"modified":"2024-12-20T07:52:22","modified_gmt":"2024-12-20T10:52:22","slug":"cargos-de-confianca-na-gestao-de-emilia-serao-vetados-para-condenados-pela-lei-maria-da-penha","status":"publish","type":"post","link":"https:\/\/senoticias.com.br\/se\/cargos-de-confianca-na-gestao-de-emilia-serao-vetados-para-condenados-pela-lei-maria-da-penha\/","title":{"rendered":"Cargos de confian\u00e7a na gest\u00e3o de Em\u00edlia ser\u00e3o vetados para condenados pela Lei Maria da Penha"},"content":{"rendered":"<p>A prefeita eleita de Aracaju, Em\u00edlia Corr\u00eaa (PL), j\u00e1 iniciou os preparativos para implementar um marco de sua gest\u00e3o: o cumprimento das leis municipais de sua autoria, aprovadas enquanto vereadora. Entre essas normas, destaca-se a Lei n\u00ba 5.591\/2023, que pro\u00edbe a nomea\u00e7\u00e3o de pessoas condenadas nos termos da Lei Maria da Penha (Lei n\u00ba 11.340\/2006) para cargos em comiss\u00e3o e fun\u00e7\u00f5es de confian\u00e7a na administra\u00e7\u00e3o p\u00fablica municipal.<\/p>\n<p>Essa a\u00e7\u00e3o marca um avan\u00e7o significativo na prote\u00e7\u00e3o dos direitos das mulheres, pois ser\u00e1 a primeira vez que a Prefeitura de Aracaju exigir\u00e1 que os cargos comissionados do sexo masculino apresentem comprova\u00e7\u00e3o de bons antecedentes, conforme a legisla\u00e7\u00e3o. A medida refor\u00e7a o compromisso de Em\u00edlia em cumprir as promessas de campanha e assegurar que leis municipais, muitas vezes negligenciadas por gest\u00f5es anteriores, sejam efetivamente aplicadas.<\/p>\n<div id=\"attachment_145636\" style=\"width: 586px\" class=\"wp-caption aligncenter\"><a href=\"https:\/\/senoticias.com.br\/se\/wp-content\/uploads\/2024\/12\/WhatsApp-Image-2024-12-20-at-07.47.06.jpeg\"><img loading=\"lazy\" decoding=\"async\" aria-describedby=\"caption-attachment-145636\" class=\"size-full wp-image-145636\" src=\"https:\/\/senoticias.com.br\/se\/wp-content\/uploads\/2024\/12\/WhatsApp-Image-2024-12-20-at-07.47.06.jpeg\" alt=\"\" width=\"576\" height=\"378\" srcset=\"https:\/\/senoticias.com.br\/se\/wp-content\/uploads\/2024\/12\/WhatsApp-Image-2024-12-20-at-07.47.06.jpeg 576w, https:\/\/senoticias.com.br\/se\/wp-content\/uploads\/2024\/12\/WhatsApp-Image-2024-12-20-at-07.47.06-300x197.jpeg 300w, https:\/\/senoticias.com.br\/se\/wp-content\/uploads\/2024\/12\/WhatsApp-Image-2024-12-20-at-07.47.06-90x60.jpeg 90w\" sizes=\"(max-width: 576px) 100vw, 576px\" \/><\/a><p id=\"caption-attachment-145636\" class=\"wp-caption-text\">Lei n\u00ba 5.591\/2023, que pro\u00edbe a nomea\u00e7\u00e3o de pessoas condenadas nos termos da Lei Maria da Penha &#8211; Foto: ascom\/divulga\u00e7\u00e3o<\/p><\/div>\n<p>&#8220;Essa \u00e9 uma conquista que vai muito al\u00e9m de uma lei no papel. Trata-se de um compromisso \u00e9tico com a prote\u00e7\u00e3o das mulheres e a promo\u00e7\u00e3o de uma gest\u00e3o p\u00fablica exemplar. N\u00e3o podemos tolerar que pessoas condenadas por viol\u00eancia contra a mulher ocupem cargos de confian\u00e7a e representem nossa cidade. \u00c9 hora de fazer valer as leis que aprovamos e mostrar que Aracaju ser\u00e1 um exemplo de respeito, justi\u00e7a e seguran\u00e7a para todas as mulheres. Vamos come\u00e7ar nossa gest\u00e3o com responsabilidade, cumprindo aquilo que prometemos e demonstrando que o combate \u00e0 viol\u00eancia \u00e9 prioridade absoluta&#8221;, argumentou Em\u00edlia.<\/p>\n<p><strong>CUMPRIMENTO E FISCALIZA\u00c7\u00c3O DA LEI<\/strong><\/p>\n<p>A Lei n\u00ba 5.591, sancionada em 29 de mar\u00e7o de 2023, tem como objetivo principal excluir das fun\u00e7\u00f5es p\u00fablicas pessoas com hist\u00f3rico de viol\u00eancia contra mulheres, demonstrando uma postura \u00e9tica e de toler\u00e2ncia zero em rela\u00e7\u00e3o a este tipo de crime.<\/p>\n<p>Para garantir o cumprimento integral da norma, ser\u00e1 exigido de todos os futuros contratados um atestado de bons antecedentes criminais, solicitado diretamente no Tribunal de Justi\u00e7a. Essa exig\u00eancia inclui homens que ocupar\u00e3o cargos de secret\u00e1rio, diretores de autarquias e demais fun\u00e7\u00f5es de confian\u00e7a na gest\u00e3o municipal.<\/p>\n<p><em><strong>Acompanhe tamb\u00e9m o SE Not\u00edcias no\u00a0<a href=\"https:\/\/www.instagram.com\/senoticias\/\" target=\"_blank\" rel=\"noreferrer noopener\">Instagram<\/a>,\u00a0\u00a0<a href=\"https:\/\/www.facebook.com\/senoticias1\" target=\"_blank\" rel=\"noreferrer noopener\">Facebook<\/a>\u00a0e\u00a0no\u00a0<a href=\"https:\/\/twitter.com\/Senoticias\">X<\/a><\/strong><\/em><\/p>\n<p>POR ASCOM\/ EM\u00cdLIA CORR\u00caA<\/p>\n","protected":false},"excerpt":{"rendered":"<p>A prefeita eleita de Aracaju, Em\u00edlia Corr\u00eaa (PL), j\u00e1 iniciou os preparativos para implementar um marco de sua gest\u00e3o: o cumprimento das leis municipais de sua autoria, aprovadas enquanto vereadora. Entre essas normas, destaca-se a Lei n\u00ba 5.591\/2023, que pro\u00edbe a nomea\u00e7\u00e3o de pessoas condenadas nos termos da Lei Maria da Penha (Lei n\u00ba 11.340\/2006) [&hellip;]<\/p>\n","protected":false},"author":6557,"featured_media":145636,"comment_status":"closed","ping_status":"closed","sticky":false,"template":"","format":"standard","meta":{"footnotes":""},"categories":[15,6],"tags":[42878,5508,42879],"class_list":{"0":"post-145635","1":"post","2":"type-post","3":"status-publish","4":"format-standard","5":"has-post-thumbnail","7":"category-destaques","8":"category-politica","9":"tag-cargos-de-confianca","10":"tag-lei-maria-da-penha","11":"tag-prefeitta-emilia-correa"},"_links":{"self":[{"href":"https:\/\/senoticias.com.br\/se\/wp-json\/wp\/v2\/posts\/145635"}],"collection":[{"href":"https:\/\/senoticias.com.br\/se\/wp-json\/wp\/v2\/posts"}],"about":[{"href":"https:\/\/senoticias.com.br\/se\/wp-json\/wp\/v2\/types\/post"}],"author":[{"embeddable":true,"href":"https:\/\/senoticias.com.br\/se\/wp-json\/wp\/v2\/users\/6557"}],"replies":[{"embeddable":true,"href":"https:\/\/senoticias.com.br\/se\/wp-json\/wp\/v2\/comments?post=145635"}],"version-history":[{"count":0,"href":"https:\/\/senoticias.com.br\/se\/wp-json\/wp\/v2\/posts\/145635\/revisions"}],"wp:featuredmedia":[{"embeddable":true,"href":"https:\/\/senoticias.com.br\/se\/wp-json\/wp\/v2\/media\/145636"}],"wp:attachment":[{"href":"https:\/\/senoticias.com.br\/se\/wp-json\/wp\/v2\/media?parent=145635"}],"wp:term":[{"taxonomy":"category","embeddable":true,"href":"https:\/\/senoticias.com.br\/se\/wp-json\/wp\/v2\/categories?post=145635"},{"taxonomy":"post_tag","embeddable":true,"href":"https:\/\/senoticias.com.br\/se\/wp-json\/wp\/v2\/tags?post=145635"}],"curies":[{"name":"wp","href":"https:\/\/api.w.org\/{rel}","templated":true}]}}