{"id":145631,"date":"2024-12-19T12:40:23","date_gmt":"2024-12-19T15:40:23","guid":{"rendered":"https:\/\/senoticias.com.br\/se\/?p=145631"},"modified":"2024-12-19T12:40:51","modified_gmt":"2024-12-19T15:40:51","slug":"confira-os-nomes-que-vao-compor-o-secretariado-do-prefeito-eleito-de-nossa-senhora-do-socorro-samuel-carvalho","status":"publish","type":"post","link":"https:\/\/senoticias.com.br\/se\/confira-os-nomes-que-vao-compor-o-secretariado-do-prefeito-eleito-de-nossa-senhora-do-socorro-samuel-carvalho\/","title":{"rendered":"Confira os nomes que v\u00e3o compor o secretariado do prefeito eleito de Nossa Senhora do Socorro, Samuel Carvalho"},"content":{"rendered":"<p>Nesta quinta-feira (19), o prefeito eleito de Nossa Senhora do Socorro, Dr. Samuel Carvalho (Cidadania), realizou uma coletiva de imprensa para anunciar 23 secret\u00e1rios e secret\u00e1rias da sua gest\u00e3o. Durante o evento, que aconteceu no Shopping Pr\u00eamio, Samuel destacou o compromisso de sua equipe em trabalhar com transpar\u00eancia, efici\u00eancia e com foco no bem-estar da popula\u00e7\u00e3o.<\/p>\n<div id=\"attachment_145632\" style=\"width: 606px\" class=\"wp-caption aligncenter\"><a href=\"https:\/\/senoticias.com.br\/se\/wp-content\/uploads\/2024\/12\/Prefeito-Samuel-carvalho-Se-Noticias.jpg\"><img loading=\"lazy\" decoding=\"async\" aria-describedby=\"caption-attachment-145632\" class=\"size-full wp-image-145632\" src=\"https:\/\/senoticias.com.br\/se\/wp-content\/uploads\/2024\/12\/Prefeito-Samuel-carvalho-Se-Noticias.jpg\" alt=\"\" width=\"596\" height=\"414\" srcset=\"https:\/\/senoticias.com.br\/se\/wp-content\/uploads\/2024\/12\/Prefeito-Samuel-carvalho-Se-Noticias.jpg 596w, https:\/\/senoticias.com.br\/se\/wp-content\/uploads\/2024\/12\/Prefeito-Samuel-carvalho-Se-Noticias-300x208.jpg 300w\" sizes=\"(max-width: 596px) 100vw, 596px\" \/><\/a><p id=\"caption-attachment-145632\" class=\"wp-caption-text\"><br \/>Prefeito Samuel Carvalho anuncia secretariado para a nova gest\u00e3o de Socorro &#8211; Foto:<br \/>Milton Carvalho<\/p><\/div>\n<p>\u201cEsse n\u00e3o \u00e9 apenas um time, \u00e9 uma sele\u00e7\u00e3o. Escolhemos a dedo cada um dos nossos secret\u00e1rios, depositando neles a nossa confian\u00e7a, para que possamos, juntos, reconstruir o munic\u00edpio de Socorro. Temos o planejamento estrat\u00e9gico, uma equipe preparada e muita garra para trabalhar, tenho certeza de que a nossa gest\u00e3o ser\u00e1 um sucesso\u201d, disse Samuel.<\/p>\n<p><strong>Confira a lista do novo secretariado:<\/strong><\/p>\n<p>Secretaria de Educa\u00e7\u00e3o &#8211; Adriana Carvalho;<\/p>\n<p>Secretaria da Fazenda &#8211; Dr. Heitor Santana;<\/p>\n<p>Secretaria de Governo &#8211; Jos\u00e9 Toledo Neto;<\/p>\n<p>Secretaria de Sa\u00fade e Saneamento &#8211; Adriana Menezes;<\/p>\n<p>Secretaria de Comunica\u00e7\u00e3o Social &#8211; Rodolfo Santana;<\/p>\n<p>Secretaria de Controle Interno &#8211; Milton Botelho;<\/p>\n<p>Secretaria de Administra\u00e7\u00e3o &#8211; Thiago de Ruy;<\/p>\n<p>Secretaria de Agricultura, Irriga\u00e7\u00e3o e Pesca &#8211; Carlos Almeida;<\/p>\n<p>Secretaria de Assuntos Parlamentares &#8211; Leosmar Andrade;<\/p>\n<p>Secretaria da Cultura &#8211; M\u00f4nica Menezes;<\/p>\n<p>Secretaria de Ind\u00fastria e Com\u00e9rcio &#8211; Luiz Carlos;<\/p>\n<p>Secretaria de Planejamento e Or\u00e7amento Participativo &#8211; Camila Godinho;<\/p>\n<p>Secretaria de Assist\u00eancia Social &#8211; Gledson Oliveira;<\/p>\n<p>Secretaria de Transporte &#8211; Tininho Estevez;<\/p>\n<p>Secretaria de Infraestrutura &#8211; Rosman Pereira;<\/p>\n<p>Superintend\u00eancia Municipal de Tr\u00e2nsito e Transportes &#8211; Jo\u00e3o Mochila;<\/p>\n<p>Secretaria de Esporte e Lazer &#8211; Shelton Rocha;<\/p>\n<p>Secretaria de Meio Ambiente &#8211; Allan Max;<\/p>\n<p>Secretaria de Servi\u00e7os Urbanos &#8211; Alcides J\u00fanior;<\/p>\n<p>Secretaria do Trabalho &#8211; Adilson Junior;<\/p>\n<p>Defesa Civil &#8211; Barbosinha;<\/p>\n<p>Procuradoria-Geral do Munic\u00edpio &#8211; Carlos Krauss;<\/p>\n<p>Guarda Municipal &#8211; Renilton Santos.<\/p>\n<p><strong><em>Acompanhe tamb\u00e9m o SE Not\u00edcias no\u00a0<a href=\"https:\/\/www.instagram.com\/senoticias\/\" target=\"_blank\" rel=\"noreferrer noopener\">Instagram<\/a><\/em><\/strong>,\u00a0<strong><em>\u00a0<a href=\"https:\/\/www.facebook.com\/senoticias1\" target=\"_blank\" rel=\"noreferrer noopener\">Facebook<\/a>\u00a0e\u00a0no<\/em>\u00a0<em><a href=\"https:\/\/twitter.com\/Senoticias\">X<\/a><\/em><\/strong><\/p>\n<p><em>Da Assessoria de Comunica\u00e7\u00e3o &#8211; Dr. Samuel Carvalho<\/em><\/p>\n","protected":false},"excerpt":{"rendered":"<p>Nesta quinta-feira (19), o prefeito eleito de Nossa Senhora do Socorro, Dr. Samuel Carvalho (Cidadania), realizou uma coletiva de imprensa para anunciar 23 secret\u00e1rios e secret\u00e1rias da sua gest\u00e3o. Durante o evento, que aconteceu no Shopping Pr\u00eamio, Samuel destacou o compromisso de sua equipe em trabalhar com transpar\u00eancia, efici\u00eancia e com foco no bem-estar da [&hellip;]<\/p>\n","protected":false},"author":6557,"featured_media":145632,"comment_status":"closed","ping_status":"closed","sticky":false,"template":"","format":"standard","meta":{"footnotes":""},"categories":[15,38],"tags":[42876,2650,42877],"class_list":{"0":"post-145631","1":"post","2":"type-post","3":"status-publish","4":"format-standard","5":"has-post-thumbnail","7":"category-destaques","8":"category-municipios","9":"tag-dr-samuel-carvalho","10":"tag-nossa-senhora-do-socorro","11":"tag-prefeito-samuel-carvalho"},"_links":{"self":[{"href":"https:\/\/senoticias.com.br\/se\/wp-json\/wp\/v2\/posts\/145631"}],"collection":[{"href":"https:\/\/senoticias.com.br\/se\/wp-json\/wp\/v2\/posts"}],"about":[{"href":"https:\/\/senoticias.com.br\/se\/wp-json\/wp\/v2\/types\/post"}],"author":[{"embeddable":true,"href":"https:\/\/senoticias.com.br\/se\/wp-json\/wp\/v2\/users\/6557"}],"replies":[{"embeddable":true,"href":"https:\/\/senoticias.com.br\/se\/wp-json\/wp\/v2\/comments?post=145631"}],"version-history":[{"count":0,"href":"https:\/\/senoticias.com.br\/se\/wp-json\/wp\/v2\/posts\/145631\/revisions"}],"wp:featuredmedia":[{"embeddable":true,"href":"https:\/\/senoticias.com.br\/se\/wp-json\/wp\/v2\/media\/145632"}],"wp:attachment":[{"href":"https:\/\/senoticias.com.br\/se\/wp-json\/wp\/v2\/media?parent=145631"}],"wp:term":[{"taxonomy":"category","embeddable":true,"href":"https:\/\/senoticias.com.br\/se\/wp-json\/wp\/v2\/categories?post=145631"},{"taxonomy":"post_tag","embeddable":true,"href":"https:\/\/senoticias.com.br\/se\/wp-json\/wp\/v2\/tags?post=145631"}],"curies":[{"name":"wp","href":"https:\/\/api.w.org\/{rel}","templated":true}]}}