{"id":145629,"date":"2024-12-19T12:02:40","date_gmt":"2024-12-19T15:02:40","guid":{"rendered":"https:\/\/senoticias.com.br\/se\/?p=145629"},"modified":"2024-12-19T12:17:58","modified_gmt":"2024-12-19T15:17:58","slug":"governo-de-sergipe-reabre-inscricoes-para-concurso-da-policia-militar-com-335-vagas","status":"publish","type":"post","link":"https:\/\/senoticias.com.br\/se\/governo-de-sergipe-reabre-inscricoes-para-concurso-da-policia-militar-com-335-vagas\/","title":{"rendered":"Governo de Sergipe reabre inscri\u00e7\u00f5es para concurso da Pol\u00edcia Militar com 335 vagas"},"content":{"rendered":"<p>O Governo de Sergipe, por meio da Secretaria de Estado da Administra\u00e7\u00e3o (Sead), em parceria com o Instituto Selecon, publicou nesta quinta-feira, 19, no Di\u00e1rio Oficial do Estado, os editais de retifica\u00e7\u00e3o do aguardado concurso p\u00fablico para a Pol\u00edcia Militar de Sergipe (PMSE). Ao todo, s\u00e3o 335 vagas, distribu\u00eddas entre tr\u00eas categorias: 300 vagas para o cargo de soldado combatente, 30 vagas para o cargo de oficial combatente e 5 vagas para oficiais da \u00e1rea de sa\u00fade.<\/p>\n<p>O concurso prev\u00ea 300 vagas para o cargo de soldado combatente, sendo 255 destinadas \u00e0 ampla concorr\u00eancia, 15 reservadas para Pessoas com Defici\u00eancia (PcDs) e 30 para candidatos negros. J\u00e1 para o cargo de oficial combatente, foram anunciadas 30 vagas, das quais 25 s\u00e3o para ampla concorr\u00eancia, 2 para PcDs e 3 para candidatos negros. Na \u00e1rea da sa\u00fade, os editais especificam 5 vagas, distribu\u00eddas entre as especialidades de Endocrinologia, Psiquiatria, Cirurgi\u00e3o Dentista \u2013 Cl\u00ednica Geral (duas vagas) e Medicina Veterin\u00e1ria.<\/p>\n<div id=\"attachment_145630\" style=\"width: 601px\" class=\"wp-caption aligncenter\"><a href=\"https:\/\/senoticias.com.br\/se\/wp-content\/uploads\/2024\/12\/Concurso-da-PMSE-SE-Noticias.jpg\"><img loading=\"lazy\" decoding=\"async\" aria-describedby=\"caption-attachment-145630\" class=\"size-full wp-image-145630\" src=\"https:\/\/senoticias.com.br\/se\/wp-content\/uploads\/2024\/12\/Concurso-da-PMSE-SE-Noticias.jpg\" alt=\"\" width=\"591\" height=\"327\" srcset=\"https:\/\/senoticias.com.br\/se\/wp-content\/uploads\/2024\/12\/Concurso-da-PMSE-SE-Noticias.jpg 591w, https:\/\/senoticias.com.br\/se\/wp-content\/uploads\/2024\/12\/Concurso-da-PMSE-SE-Noticias-300x166.jpg 300w\" sizes=\"(max-width: 591px) 100vw, 591px\" \/><\/a><p id=\"caption-attachment-145630\" class=\"wp-caption-text\"><br \/>As inscri\u00e7\u00f5es para o concurso ser\u00e3o reabertas no dia 3 de janeiro de 2025 e seguem at\u00e9 o dia 1\u00ba de fevereiro &#8211; Foto: Igor Matias\/ASN<\/p><\/div>\n<p>Al\u00e9m da divulga\u00e7\u00e3o das vagas, os editais tamb\u00e9m trazem importantes retifica\u00e7\u00f5es, visando ampliar a participa\u00e7\u00e3o dos candidatos e ajustar o cronograma do concurso. Entre as mudan\u00e7as, destaca-se a inclus\u00e3o de vagas espec\u00edficas para Pessoas com Defici\u00eancia (PcDs), que agora representam 5% do total oferecido para os cargos de soldado combatente e oficial combatente. Essa decis\u00e3o atende a uma determina\u00e7\u00e3o judicial e reflete o compromisso do Governo de Sergipe com a inclus\u00e3o social e a acessibilidade.<\/p>\n<p>Outra altera\u00e7\u00e3o significativa refere-se \u00e0 revis\u00e3o das exig\u00eancias de idade para participa\u00e7\u00e3o no concurso. Anteriormente, a verifica\u00e7\u00e3o da idade m\u00ednima de 18 anos era realizada na data da inscri\u00e7\u00e3o; agora, passa a ser na data de ingresso na carreira, garantindo maior clareza quanto aos crit\u00e9rios de elegibilidade. O cronograma tamb\u00e9m foi revisado, com altera\u00e7\u00f5es em algumas datas, o que permitir\u00e1 uma execu\u00e7\u00e3o mais organizada do processo seletivo.<\/p>\n<p>Os interessados em participar do concurso devem atentar-se aos prazos estabelecidos no novo cronograma. As taxas de inscri\u00e7\u00e3o s\u00e3o de R$120 para o cargo de soldado combatente e R$160 para os cargos de oficial combatente e oficial da \u00e1rea de sa\u00fade. As provas est\u00e3o previstas para o dia 23 de fevereiro de 2025. As avalia\u00e7\u00f5es para os cargos de oficiais da \u00e1rea de sa\u00fade e oficiais combatentes ser\u00e3o realizadas no per\u00edodo vespertino, j\u00e1 as de soldado combatente, ser\u00e3o realizadas no per\u00edodo matutino.<\/p>\n<p>Os requisitos b\u00e1sicos para participa\u00e7\u00e3o incluem idade entre 18 e 35 anos e altura m\u00ednima de 1,60m para homens e 1,55m para mulheres, al\u00e9m do n\u00edvel de escolaridade exigido para cada cargo.Todos os detalhes, incluindo informa\u00e7\u00f5es sobre requisitos, etapas de sele\u00e7\u00e3o e orienta\u00e7\u00f5es para inscri\u00e7\u00e3o, est\u00e3o dispon\u00edveis no Di\u00e1rio Oficial do Estado e no site do Instituto Selecon.<\/p>\n<p><strong><em>Acompanhe tamb\u00e9m o SE Not\u00edcias no\u00a0<a href=\"https:\/\/www.instagram.com\/senoticias\/\" target=\"_blank\" rel=\"noreferrer noopener\">Instagram<\/a><\/em><\/strong>,\u00a0<strong><em>\u00a0<a href=\"https:\/\/www.facebook.com\/senoticias1\" target=\"_blank\" rel=\"noreferrer noopener\">Facebook<\/a>\u00a0e\u00a0no<\/em>\u00a0<em><a href=\"https:\/\/twitter.com\/Senoticias\">X<\/a><\/em><\/strong><\/p>\n<p>Fonte: Ag\u00eancia Sergipe de Not\u00edcias<\/p>\n","protected":false},"excerpt":{"rendered":"<p>O Governo de Sergipe, por meio da Secretaria de Estado da Administra\u00e7\u00e3o (Sead), em parceria com o Instituto Selecon, publicou nesta quinta-feira, 19, no Di\u00e1rio Oficial do Estado, os editais de retifica\u00e7\u00e3o do aguardado concurso p\u00fablico para a Pol\u00edcia Militar de Sergipe (PMSE). Ao todo, s\u00e3o 335 vagas, distribu\u00eddas entre tr\u00eas categorias: 300 vagas para [&hellip;]<\/p>\n","protected":false},"author":6557,"featured_media":145630,"comment_status":"closed","ping_status":"closed","sticky":false,"template":"","format":"standard","meta":{"footnotes":""},"categories":[15,7],"tags":[10450,42875],"class_list":{"0":"post-145629","1":"post","2":"type-post","3":"status-publish","4":"format-standard","5":"has-post-thumbnail","7":"category-destaques","8":"category-policia","9":"tag-concurso-da-policia-militar","10":"tag-reaberta-inscricoes-do-oncurso-da-pmse"},"_links":{"self":[{"href":"https:\/\/senoticias.com.br\/se\/wp-json\/wp\/v2\/posts\/145629"}],"collection":[{"href":"https:\/\/senoticias.com.br\/se\/wp-json\/wp\/v2\/posts"}],"about":[{"href":"https:\/\/senoticias.com.br\/se\/wp-json\/wp\/v2\/types\/post"}],"author":[{"embeddable":true,"href":"https:\/\/senoticias.com.br\/se\/wp-json\/wp\/v2\/users\/6557"}],"replies":[{"embeddable":true,"href":"https:\/\/senoticias.com.br\/se\/wp-json\/wp\/v2\/comments?post=145629"}],"version-history":[{"count":0,"href":"https:\/\/senoticias.com.br\/se\/wp-json\/wp\/v2\/posts\/145629\/revisions"}],"wp:featuredmedia":[{"embeddable":true,"href":"https:\/\/senoticias.com.br\/se\/wp-json\/wp\/v2\/media\/145630"}],"wp:attachment":[{"href":"https:\/\/senoticias.com.br\/se\/wp-json\/wp\/v2\/media?parent=145629"}],"wp:term":[{"taxonomy":"category","embeddable":true,"href":"https:\/\/senoticias.com.br\/se\/wp-json\/wp\/v2\/categories?post=145629"},{"taxonomy":"post_tag","embeddable":true,"href":"https:\/\/senoticias.com.br\/se\/wp-json\/wp\/v2\/tags?post=145629"}],"curies":[{"name":"wp","href":"https:\/\/api.w.org\/{rel}","templated":true}]}}