{"id":145610,"date":"2024-12-19T10:30:27","date_gmt":"2024-12-19T13:30:27","guid":{"rendered":"https:\/\/senoticias.com.br\/se\/?p=145610"},"modified":"2024-12-19T10:30:27","modified_gmt":"2024-12-19T13:30:27","slug":"ministerio-da-saude-entrega-19-ambulancias-para-renovar-a-frota-em-sergipe","status":"publish","type":"post","link":"https:\/\/senoticias.com.br\/se\/ministerio-da-saude-entrega-19-ambulancias-para-renovar-a-frota-em-sergipe\/","title":{"rendered":"Minist\u00e9rio da Sa\u00fade entrega 19 ambul\u00e2ncias para renovar a frota em Sergipe"},"content":{"rendered":"<p>Doze cidades de Sergipe foram beneficiadas com a entrega de novas ambul\u00e2ncias para a renova\u00e7\u00e3o da frota do Samu 192, em uma a\u00e7\u00e3o que contemplou 179 munic\u00edpios de 15 estados brasileiros. Ao todo, 258 viaturas foram distribu\u00eddas, e a cerim\u00f4nia de entrega ocorreu nesta ter\u00e7a-feira (17) em Sorocaba (SP), com a presen\u00e7a da ministra da Sa\u00fade, N\u00edsia Trindade. O investimento de R$ 74,5 milh\u00f5es, proveniente do Novo Programa de Acelera\u00e7\u00e3o do Crescimento (Novo PAC), viabilizou a aquisi\u00e7\u00e3o dos ve\u00edculos. Esta \u00e9 a quinta entrega de viaturas em 2024.<\/p>\n<p>O Novo PAC do governo federal est\u00e1 possibilitando a universaliza\u00e7\u00e3o de servi\u00e7os essenciais na rede p\u00fablica de todo o pa\u00eds, como \u00e9 o caso do SAMU. Em quatro anos, a cobertura vai passar de 87% para mais de 90% da popula\u00e7\u00e3o brasileira, ampliando o acesso a esse servi\u00e7o que estava estagnado desde 2017.<\/p>\n<p>De 2017 a 2022, cerca de 28 milh\u00f5es de brasileiros ficaram sem acesso ao servi\u00e7o de urg\u00eancia. Diante disso, desde 2023, a pasta tem dedicado esfor\u00e7os para amplia\u00e7\u00e3o da cobertura do Samu, com reajuste de 30% no custeio federal do servi\u00e7o.<\/p>\n<div id=\"attachment_145621\" style=\"width: 310px\" class=\"wp-caption alignleft\"><a href=\"https:\/\/senoticias.com.br\/se\/wp-content\/uploads\/2024\/12\/Ambulancias-se-noticias.jpg\"><img loading=\"lazy\" decoding=\"async\" aria-describedby=\"caption-attachment-145621\" class=\"size-medium wp-image-145621\" src=\"https:\/\/senoticias.com.br\/se\/wp-content\/uploads\/2024\/12\/Ambulancias-se-noticias-300x169.jpg\" alt=\"\" width=\"300\" height=\"169\" srcset=\"https:\/\/senoticias.com.br\/se\/wp-content\/uploads\/2024\/12\/Ambulancias-se-noticias-300x169.jpg 300w, https:\/\/senoticias.com.br\/se\/wp-content\/uploads\/2024\/12\/Ambulancias-se-noticias.jpg 595w\" sizes=\"(max-width: 300px) 100vw, 300px\" \/><\/a><p id=\"caption-attachment-145621\" class=\"wp-caption-text\">Novas viaturas somam investimento de R$ 74,5 milh\u00f5es por meio do Novo PAC &#8211; Foto: ascom\/MS<\/p><\/div>\n<p>Ap\u00f3s cumprimentar os \u2018samuzeiros\u2019 &#8211; profissionais que trabalham nas unidades m\u00f3veis &#8211; presentes \u00e0 cerim\u00f4nia, a ministra destacou todo o trabalho feito pela pasta no fortalecimento do atendimento de emerg\u00eancia. \u201cJ\u00e1 entregamos 524 unidades do Samu em 2024 e a renova\u00e7\u00e3o da frota \u00e9 um compromisso do nosso governo. Nossa meta \u00e9 o Samu estar dispon\u00edvel para 100% dos brasileiros\u201d, destacou N\u00edsia. \u201cNo momento, s\u00e3o 187 milh\u00f5es de pessoas cobertas pelo Samu e seguiremos trabalhando para expandir esse n\u00famero\u201d.<\/p>\n<p>O prefeito de Foz do Igua\u00e7u (PR), Chico Brasileiro, representando os gestores dos munic\u00edpios, agradeceu o investimento do governo. \u201cQuero expressar, em nome de todos os prefeitos e prefeitas, a nossa satisfa\u00e7\u00e3o. Isso significa muito. A gente sabe quantas vidas o SAMU salva todo dia. Ter ambul\u00e2ncias novas, com agilidade, no tempo certo, \u00e9 realmente a a\u00e7\u00e3o de um governo que pensa nas pessoas\u201d, observou.<\/p>\n<p>\u201cVivemos uma \u00e9poca em que n\u00e3o houve renova\u00e7\u00e3o de frota, com ambul\u00e2ncias com at\u00e9 6 anos de uso rodando. E elas foram muito importantes na \u00e9poca da covid-19. As novas ambul\u00e2ncias representam seguran\u00e7a para os profissionais e para o transporte dos pacientes\u201d, disse a secret\u00e1ria de Sa\u00fade do Cear\u00e1, Tania Mara Coelho, representando o Conselho Nacional de Secret\u00e1rios de Sa\u00fade (Conass).<\/p>\n<p><strong>Como funciona o servi\u00e7o de urg\u00eancia?<\/strong><\/p>\n<p>O Servi\u00e7o de Atendimento M\u00f3vel de Urg\u00eancia (SAMU 192) \u00e9 um dos componentes da Pol\u00edtica Nacional de Aten\u00e7\u00e3o \u00e0s Urg\u00eancias do Minist\u00e9rio da Sa\u00fade e faz parte da Rede Assistencial Pr\u00e9-Hospitalar M\u00f3vel de atendimento \u00e0s urg\u00eancias.<\/p>\n<p>O servi\u00e7o \u00e9 gratuito, acessado pelo n\u00famero &#8220;192&#8221;, funciona 24 horas por dia e 07 dias por semana, por meio da presta\u00e7\u00e3o de orienta\u00e7\u00f5es e do envio de ve\u00edculos tripulados por equipe capacitada, acionados por uma Central de Regula\u00e7\u00e3o das Urg\u00eancias. Por isso o SAMU 192 tem papel fundamental na organiza\u00e7\u00e3o do atendimento na rede de Aten\u00e7\u00e3o \u00e0s Urg\u00eancias.<\/p>\n<p><strong><em>Acompanhe tamb\u00e9m o SE Not\u00edcias no\u00a0<a href=\"https:\/\/www.instagram.com\/senoticias\/\" target=\"_blank\" rel=\"noreferrer noopener\">Instagram<\/a><\/em><\/strong>,\u00a0<strong><em>\u00a0<a href=\"https:\/\/www.facebook.com\/senoticias1\" target=\"_blank\" rel=\"noreferrer noopener\">Facebook<\/a>\u00a0e\u00a0no<\/em>\u00a0<em><a href=\"https:\/\/twitter.com\/Senoticias\">X<\/a><\/em><\/strong><\/p>\n<p>Mat\u00e9ria enviada pela ascom\/Minist\u00e9rio da Sa\u00fade<\/p>\n","protected":false},"excerpt":{"rendered":"<p>Doze cidades de Sergipe foram beneficiadas com a entrega de novas ambul\u00e2ncias para a renova\u00e7\u00e3o da frota do Samu 192, em uma a\u00e7\u00e3o que contemplou 179 munic\u00edpios de 15 estados brasileiros. Ao todo, 258 viaturas foram distribu\u00eddas, e a cerim\u00f4nia de entrega ocorreu nesta ter\u00e7a-feira (17) em Sorocaba (SP), com a presen\u00e7a da ministra da [&hellip;]<\/p>\n","protected":false},"author":6557,"featured_media":145621,"comment_status":"closed","ping_status":"closed","sticky":false,"template":"","format":"standard","meta":{"footnotes":""},"categories":[15,6],"tags":[42870,42871,544],"class_list":{"0":"post-145610","1":"post","2":"type-post","3":"status-publish","4":"format-standard","5":"has-post-thumbnail","7":"category-destaques","8":"category-politica","9":"tag-19-ambulancias","10":"tag-19-ambulancias-para-sergipe","11":"tag-ministerio-da-saude"},"_links":{"self":[{"href":"https:\/\/senoticias.com.br\/se\/wp-json\/wp\/v2\/posts\/145610"}],"collection":[{"href":"https:\/\/senoticias.com.br\/se\/wp-json\/wp\/v2\/posts"}],"about":[{"href":"https:\/\/senoticias.com.br\/se\/wp-json\/wp\/v2\/types\/post"}],"author":[{"embeddable":true,"href":"https:\/\/senoticias.com.br\/se\/wp-json\/wp\/v2\/users\/6557"}],"replies":[{"embeddable":true,"href":"https:\/\/senoticias.com.br\/se\/wp-json\/wp\/v2\/comments?post=145610"}],"version-history":[{"count":0,"href":"https:\/\/senoticias.com.br\/se\/wp-json\/wp\/v2\/posts\/145610\/revisions"}],"wp:featuredmedia":[{"embeddable":true,"href":"https:\/\/senoticias.com.br\/se\/wp-json\/wp\/v2\/media\/145621"}],"wp:attachment":[{"href":"https:\/\/senoticias.com.br\/se\/wp-json\/wp\/v2\/media?parent=145610"}],"wp:term":[{"taxonomy":"category","embeddable":true,"href":"https:\/\/senoticias.com.br\/se\/wp-json\/wp\/v2\/categories?post=145610"},{"taxonomy":"post_tag","embeddable":true,"href":"https:\/\/senoticias.com.br\/se\/wp-json\/wp\/v2\/tags?post=145610"}],"curies":[{"name":"wp","href":"https:\/\/api.w.org\/{rel}","templated":true}]}}