{"id":145587,"date":"2024-12-18T12:59:01","date_gmt":"2024-12-18T15:59:01","guid":{"rendered":"https:\/\/senoticias.com.br\/se\/?p=145587"},"modified":"2024-12-19T10:26:33","modified_gmt":"2024-12-19T13:26:33","slug":"145587-2","status":"publish","type":"post","link":"https:\/\/senoticias.com.br\/se\/145587-2\/","title":{"rendered":"S\u00e3o Crist\u00f3v\u00e3o: J\u00falio de Marcos Santana, vice-prefeita e vereadores eleitos s\u00e3o diplomados"},"content":{"rendered":"<p>Na manh\u00e3 desta quarta-feira (18), J\u00falio de Marcos Santana (Uni\u00e3o Brasil) foi oficialmente diplomado como prefeito de S\u00e3o Crist\u00f3v\u00e3o para o mandato 2025-2028. A cerim\u00f4nia, realizada no F\u00f3rum Desembargador Gilson G\u00f3is Soares, no Centro Hist\u00f3rico da cidade, foi presidida pelo juiz da 21\u00aa Zona Eleitoral de Sergipe, Dr. Paulo Marcelo Silva Ledo, e simbolizou o encerramento do processo eleitoral que legitimou a nova gest\u00e3o. A diploma\u00e7\u00e3o tamb\u00e9m oficializou a vice-prefeita eleita, Gedalva Umbaub\u00e1 (PT), e os 17 vereadores eleitos para a pr\u00f3xima legislatura.<\/p>\n<p>A elei\u00e7\u00e3o de J\u00falio representa a continuidade de um projeto pol\u00edtico iniciado por seu antecessor, Marcos Santana, que governou S\u00e3o Crist\u00f3v\u00e3o por dois mandatos consecutivos (2017-2024). Estreante na disputa pela Prefeitura, J\u00falio obteve expressivo apoio popular, sendo eleito com 25.872 votos (53,74%) \u2014 o maior n\u00famero j\u00e1 registrado na hist\u00f3ria da cidade. O amplo respaldo pol\u00edtico contou com o apoio do pr\u00f3prio Marcos Santana e do deputado estadual Paulo J\u00fanior, refor\u00e7ando a confian\u00e7a na manuten\u00e7\u00e3o do progresso alcan\u00e7ado nos \u00faltimos anos.<\/p>\n<p>Durante seu discurso de diploma\u00e7\u00e3o, o prefeito diplomado destacou sua trajet\u00f3ria e seu compromisso com a continuidade das transforma\u00e7\u00f5es na cidade. &#8220;Tenho o compromisso de seguir no caminho da reconstru\u00e7\u00e3o que a cidade iniciou sob a lideran\u00e7a do prefeito Marcos Santana. Foram anos de obras que mudaram a vida do nosso povo e de pol\u00edticas p\u00fablicas que resgataram a dignidade dos sancristovenses. N\u00e3o podemos parar! Ao contr\u00e1rio, temos a responsabilidade de ir al\u00e9m.&#8221;<\/p>\n<p>J\u00falio traz em sua bagagem uma s\u00f3lida atua\u00e7\u00e3o como secret\u00e1rio de Infraestrutura de S\u00e3o Crist\u00f3v\u00e3o, onde coordenou importantes projetos que impulsionaram o desenvolvimento urbano do munic\u00edpio. Sob sua lideran\u00e7a, a cidade passou por significativas melhorias em infraestrutura, incluindo pavimenta\u00e7\u00f5es, obras de mobilidade urbana e revitaliza\u00e7\u00f5es que elevaram a qualidade de vida da popula\u00e7\u00e3o.<\/p>\n<p>Agora, como prefeito, ele assume a miss\u00e3o de dar continuidade a esse progresso, priorizando demandas estruturais e sociais que atendam \u00e0s necessidades do munic\u00edpio. &#8220;Assumo o compromisso de exercer o meu mandato com honestidade, transpar\u00eancia e responsabilidade. Cumprirei cada compromisso assumido, sempre colocando o interesse da nossa popula\u00e7\u00e3o em primeiro lugar. Esta n\u00e3o \u00e9 apenas uma miss\u00e3o pol\u00edtica, mas um compromisso de vida com S\u00e3o Crist\u00f3v\u00e3o, uma terra que eu amo, onde finquei minhas ra\u00edzes e que merece o meu melhor e o melhor dos vereadores eleitos&#8221;, afirmou J\u00falio durante a cerim\u00f4nia.<\/p>\n<p>A posse de J\u00falio, Gedalva e dos vereadores eleitos acontecer\u00e1 no dia 01 de janeiro de 2025. Neste mesmo dia, o secretariado que far\u00e1 parte da gest\u00e3o de J\u00falio tamb\u00e9m ser\u00e1 empossado. Os nomes dos secret\u00e1rios e secret\u00e1rias escolhidos ser\u00e3o anunciados nos pr\u00f3ximos dias.<\/p>\n<div id=\"attachment_145591\" style=\"width: 608px\" class=\"wp-caption aligncenter\"><a href=\"https:\/\/senoticias.com.br\/se\/wp-content\/uploads\/2024\/12\/Julio-e-Gedalva-diplomados-SE-Noticias.jpeg\"><img loading=\"lazy\" decoding=\"async\" aria-describedby=\"caption-attachment-145591\" class=\"size-full wp-image-145591\" src=\"https:\/\/senoticias.com.br\/se\/wp-content\/uploads\/2024\/12\/Julio-e-Gedalva-diplomados-SE-Noticias.jpeg\" alt=\"\" width=\"598\" height=\"452\" srcset=\"https:\/\/senoticias.com.br\/se\/wp-content\/uploads\/2024\/12\/Julio-e-Gedalva-diplomados-SE-Noticias.jpeg 598w, https:\/\/senoticias.com.br\/se\/wp-content\/uploads\/2024\/12\/Julio-e-Gedalva-diplomados-SE-Noticias-300x227.jpeg 300w, https:\/\/senoticias.com.br\/se\/wp-content\/uploads\/2024\/12\/Julio-e-Gedalva-diplomados-SE-Noticias-45x35.jpeg 45w\" sizes=\"(max-width: 598px) 100vw, 598px\" \/><\/a><p id=\"caption-attachment-145591\" class=\"wp-caption-text\">Prefeito diplomado J\u00falio de Marcos Santana e a vice, Gedalva Umbaub\u00e1 \u2014 Foto: Waldenia Soares\/ascom\/PMSC<\/p><\/div>\n<p><strong>Perfil do prefeito eleito<\/strong><\/p>\n<p>J\u00falio Nascimento J\u00fanior, de 48 anos, \u00e9 engenheiro civil formado pela Universidade Federal de Sergipe (UFS) em 2000. Natural de Salvador-BA, nasceu em 28 de setembro de 1976, filho de m\u00e3e baiana e pai sergipano. Solteiro, \u00e9 pai de dois filhos, Jo\u00e3o Marcos e Caio.<\/p>\n<p>Com uma s\u00f3lida carreira na \u00e1rea de engenharia, J\u00falio acumulou experi\u00eancias como gerente de obras em importantes construtoras de Sergipe, participando da execu\u00e7\u00e3o de grandes projetos residenciais. No setor p\u00fablico, atuou como gerente de contratos e respons\u00e1vel t\u00e9cnico em obras p\u00fablicas no interior do Estado.<\/p>\n<p>Em 2021, assumiu a Secretaria de Infraestrutura de S\u00e3o Crist\u00f3v\u00e3o durante a gest\u00e3o do ent\u00e3o prefeito Marcos Santana.<\/p>\n<p>Com a diploma\u00e7\u00e3o conclu\u00edda, os novos representantes est\u00e3o oficialmente prontos para assumir seus cargos em janeiro de 2025, iniciando um novo ciclo na hist\u00f3ria pol\u00edtica de S\u00e3o Crist\u00f3v\u00e3o.<\/p>\n<h3><strong>Vereadores Diplomados<\/strong><\/h3>\n<p>Al\u00e9m do prefeito e vice-prefeita, 17 vereadores tiveram seus mandatos oficializados. Confira a lista dos parlamentares que comp\u00f5em a nova legislatura:<\/p>\n<h4><strong>Partido Social Democr\u00e1tico (PSD)<\/strong><\/h4>\n<ul>\n<li>Rege do Rosa Maria<\/li>\n<li>Glissan Arag\u00e3o<\/li>\n<li>Leandro da Renova\u00e7\u00e3o<\/li>\n<\/ul>\n<h4><strong>Uni\u00e3o Brasil<\/strong><\/h4>\n<ul>\n<li>\u00cdtalo Mac\u00e1rio<\/li>\n<li>Robson da RR<\/li>\n<li>Thiago Corr\u00eaa<\/li>\n<\/ul>\n<h4><strong>Federa\u00e7\u00e3o PV\/PT<\/strong><\/h4>\n<ul>\n<li>Rafael Sucat\u00e3o (PV)<\/li>\n<li>Marcus L\u00e1zaro (PT)<\/li>\n<li>Luciano da Col\u00f4nia (PT)<\/li>\n<\/ul>\n<h4><strong>Podemos<\/strong><\/h4>\n<ul>\n<li>Rodrigo Guery<\/li>\n<li>Robson da Cabrita<\/li>\n<li>Rauller do Timb\u00f3<\/li>\n<\/ul>\n<h4><strong>Partido Socialista Brasileiro (PSB)<\/strong><\/h4>\n<ul>\n<li>Irm\u00e3o Lilo Aben\u00e7oado<\/li>\n<\/ul>\n<h4><strong>Progressistas (PP)<\/strong><\/h4>\n<ul>\n<li>Fabio Santana do Frevorando<\/li>\n<\/ul>\n<h4><strong>Movimento Democr\u00e1tico Brasileiro (MDB)<\/strong><\/h4>\n<ul>\n<li>Cabo Vitor<\/li>\n<\/ul>\n<h4><strong>Mobiliza<\/strong><\/h4>\n<ul>\n<li>Marc\u00e3o da Pastoral<\/li>\n<\/ul>\n<h4><strong>Solidariedade<\/strong><\/h4>\n<ul>\n<li>Raelzinho Filho\n<p><strong><em>Acompanhe tamb\u00e9m o SE Not\u00edcias no\u00a0<a href=\"https:\/\/www.instagram.com\/senoticias\/\" target=\"_blank\" rel=\"noreferrer noopener\">Instagram<\/a><\/em><\/strong>,\u00a0<strong><em>\u00a0<a href=\"https:\/\/www.facebook.com\/senoticias1\" target=\"_blank\" rel=\"noreferrer noopener\">Facebook<\/a>\u00a0e\u00a0no<\/em>\u00a0<em><a href=\"https:\/\/twitter.com\/Senoticias\">X<\/a><\/em><\/strong><\/li>\n<\/ul>\n<p>Reda\u00e7\u00e3o SE Not\u00edcias, com informa\u00e7\u00f5es da ascom\/PMSC<\/p>\n<p>&nbsp;<\/p>\n","protected":false},"excerpt":{"rendered":"<p>Na manh\u00e3 desta quarta-feira (18), J\u00falio de Marcos Santana (Uni\u00e3o Brasil) foi oficialmente diplomado como prefeito de S\u00e3o Crist\u00f3v\u00e3o para o mandato 2025-2028. A cerim\u00f4nia, realizada no F\u00f3rum Desembargador Gilson G\u00f3is Soares, no Centro Hist\u00f3rico da cidade, foi presidida pelo juiz da 21\u00aa Zona Eleitoral de Sergipe, Dr. Paulo Marcelo Silva Ledo, e simbolizou o [&hellip;]<\/p>\n","protected":false},"author":6557,"featured_media":145591,"comment_status":"closed","ping_status":"closed","sticky":false,"template":"","format":"standard","meta":{"footnotes":""},"categories":[15,6],"tags":[741,41993,42856,335],"class_list":{"0":"post-145587","1":"post","2":"type-post","3":"status-publish","4":"format-standard","5":"has-post-thumbnail","7":"category-destaques","8":"category-politica","9":"tag-gedalva-umbauba","10":"tag-julio-de-marcos-santana","11":"tag-prefeito-diplomado","12":"tag-sao-cristovao"},"_links":{"self":[{"href":"https:\/\/senoticias.com.br\/se\/wp-json\/wp\/v2\/posts\/145587"}],"collection":[{"href":"https:\/\/senoticias.com.br\/se\/wp-json\/wp\/v2\/posts"}],"about":[{"href":"https:\/\/senoticias.com.br\/se\/wp-json\/wp\/v2\/types\/post"}],"author":[{"embeddable":true,"href":"https:\/\/senoticias.com.br\/se\/wp-json\/wp\/v2\/users\/6557"}],"replies":[{"embeddable":true,"href":"https:\/\/senoticias.com.br\/se\/wp-json\/wp\/v2\/comments?post=145587"}],"version-history":[{"count":0,"href":"https:\/\/senoticias.com.br\/se\/wp-json\/wp\/v2\/posts\/145587\/revisions"}],"wp:featuredmedia":[{"embeddable":true,"href":"https:\/\/senoticias.com.br\/se\/wp-json\/wp\/v2\/media\/145591"}],"wp:attachment":[{"href":"https:\/\/senoticias.com.br\/se\/wp-json\/wp\/v2\/media?parent=145587"}],"wp:term":[{"taxonomy":"category","embeddable":true,"href":"https:\/\/senoticias.com.br\/se\/wp-json\/wp\/v2\/categories?post=145587"},{"taxonomy":"post_tag","embeddable":true,"href":"https:\/\/senoticias.com.br\/se\/wp-json\/wp\/v2\/tags?post=145587"}],"curies":[{"name":"wp","href":"https:\/\/api.w.org\/{rel}","templated":true}]}}