{"id":145584,"date":"2024-12-18T07:32:27","date_gmt":"2024-12-18T10:32:27","guid":{"rendered":"https:\/\/senoticias.com.br\/se\/?p=145584"},"modified":"2024-12-18T07:32:27","modified_gmt":"2024-12-18T10:32:27","slug":"policiais-brasileiros-matam-mais-do-que-os-de-15-paises-do-g20-somados","status":"publish","type":"post","link":"https:\/\/senoticias.com.br\/se\/policiais-brasileiros-matam-mais-do-que-os-de-15-paises-do-g20-somados\/","title":{"rendered":"Policiais brasileiros matam mais do que os de 15 pa\u00edses do G20 somados"},"content":{"rendered":"<p>Os policiais militares e civis do Brasil matam quase o triplo do que os agentes de seguran\u00e7a de 15 pa\u00edses do G20 somados, segundo levantamento feito pelo UOL.<\/p>\n<p><strong>O que aconteceu<\/strong><\/p>\n<p>Foram 6.393 mortos por policiais em 2023, de acordo com o Anu\u00e1rio Brasileiro de Seguran\u00e7a P\u00fablica, divulgado em julho. Ao todo, 15 pa\u00edses do G20 somam 2.267 v\u00edtimas fatais de policiais.<\/p>\n<p>Ar\u00e1bia Saudita, China e R\u00fassia n\u00e3o entraram no levantamento por falta de dados confi\u00e1veis. Criado em 1999, o G20 re\u00fane as maiores economias do mundo. O Brasil ocupa a 10\u00aa posi\u00e7\u00e3o. O grupo re\u00fane 19 pa\u00edses, al\u00e9m de Uni\u00e3o Europeia e Uni\u00e3o Africana, que tamb\u00e9m n\u00e3o foram considerados.<\/p>\n<p>Quando considerados os tamanhos das popula\u00e7\u00f5es, a diferen\u00e7a \u00e9 ainda maior. O Brasil tem 7% do n\u00famero de pessoas da soma dos outros 15 pa\u00edses.<\/p>\n<p>Proporcionalmente, os policiais brasileiros matam 36 vezes mais do que a m\u00e9dia dos agentes das outras na\u00e7\u00f5es. A taxa \u00e9 7,5 vezes a da \u00c1frica do Sul, cuja pol\u00edcia \u00e9 a segunda que mais mata por habitantes entre os considerados.<\/p>\n<p>O soci\u00f3logo Daniel Hirata, um dos coordenadores do Geni (Grupo de Estudos dos Novos Ilegalismos da Universidade Federal Fluminense), lista fatores que levam ao cen\u00e1rio no Brasil. Para o estudioso, \u00f3rg\u00e3os de controle interno e externo, como as corregedorias e o Minist\u00e9rio P\u00fablico, al\u00e9m do discurso pol\u00edtico, incentivam a letalidade policial.<\/p>\n<p>&#8220;Muitas vezes, as corregedorias s\u00e3o caracterizadas por &#8216;coleguismo'&#8221;, diz o professor. &#8220;E, pela Constitui\u00e7\u00e3o, o controle externo deve ser feito pelo Minist\u00e9rio P\u00fablico estadual. Uma pesquisa j\u00e1 mostrou que mais de 90% dos casos s\u00e3o arquivados a pedido do pr\u00f3prio MP&#8221;, acrescenta. Uma pesquisa publicada pelo UOL em 2021 mostrou que os MPs do RJ e de SP pediram, s\u00f3 em 2016, o arquivamento de nove em cada dez casos de mortes provocadas por policiais.<\/p>\n<p><strong>Morte pela pol\u00edcia x homic\u00eddios<\/strong><\/p>\n<p>Apesar de tamb\u00e9m ser o pa\u00eds da lista com mais homic\u00eddios registrados (39.492), a letalidade policial no Brasil \u00e9 desproporcionalmente maior do que nos colegas de G20. &#8220;A pol\u00edcia brasileira entende a morte como parte do trabalho. Acho que isso fica mais acentuado a partir da ditadura, onde a viol\u00eancia policial era um instrumento. Outro fator, mais longevo, \u00e9 nossa heran\u00e7a escravocrata&#8221;, avalia o pesquisador Renato Alves, do NEV\/USP (N\u00facleo de Estudos da Viol\u00eancia da Universidade de S\u00e3o Paulo).<\/p>\n<p>Os policiais do Brasil matam uma pessoa a cada seis homic\u00eddios registrados no pa\u00eds. Os mortos pela pol\u00edcia nem sempre est\u00e3o inclu\u00eddos no total de homic\u00eddios.<\/p>\n<p>O Canad\u00e1, com uma morte pela pol\u00edcia a cada sete homic\u00eddios registrados, \u00e9 quem tem a segunda pior taxa. O pa\u00eds da Am\u00e9rica do Norte, no entanto, tem um n\u00famero de homic\u00eddios considerado baixo, com 778 registrados em 2023.<\/p>\n<p>Com uma morte por policial a cada 16 homic\u00eddios, EUA ficam em 3\u00aa. Na sequ\u00eancia, vem a Argentina, com uma a cada 20.<\/p>\n<p>Hirata critica a falta de normas claras para evitar a letalidade policial. &#8220;\u00c9 preciso que tenhamos os princ\u00edpios b\u00e1sicos sobre uso da for\u00e7a definidos, alinhados com par\u00e2metros internacionais. Isso deve passar pela forma\u00e7\u00e3o dos policiais e pela forma\u00e7\u00e3o daqueles que v\u00e3o fazer a sua supervis\u00e3o, como os \u00f3rg\u00e3os de controle&#8221;, avalia.<\/p>\n<p>&#8220;A gente atua de forma muito repressiva no Brasil, isso produz a letalidade policial&#8221;, avalia Hirata. &#8220;O enfrentamento ao crime organizado s\u00f3 acontecer\u00e1 quando tivermos investimento em investiga\u00e7\u00e3o. N\u00e3o d\u00e1 para imaginar que os mais de 80 mortos nas opera\u00e7\u00f5es Ver\u00e3o e Escudo [no litoral de SP] produzem algum efeito negativo para o PCC. \u00d3bvio que n\u00e3o&#8221;, completa.<\/p>\n<p>Como o UOL mostrou, 61% dos homic\u00eddios dolosos no Brasil cometidos em 2022 n\u00e3o foram esclarecidos, segundo o Instituto Sou da Paz.<\/p>\n<p>A Bahia registra o pior \u00edndice do levantamento, com apenas 15% dos casos esclarecidos. O instituto define como esclarecido o homic\u00eddio doloso em que pelo menos um autor foi denunciado pelo MP (Minist\u00e9rio P\u00fablico) at\u00e9 o ano seguinte \u00e0 ocorr\u00eancia.<\/p>\n<p>No total, as pol\u00edcias do Brasil matam 5,5 vezes mais do que os agentes de seguran\u00e7a do pa\u00eds norte-americano. A viol\u00eancia policial \u00e9 vista como um grande problema pelos norte-americanos, especialmente por integrantes de minorias \u00e9tnicas e raciais que vivem nas grandes metr\u00f3poles. O movimento Black Lives Matter, que ganhou notoriedade ap\u00f3s a morte de George Floyd, tem como principal bandeira o fim da viol\u00eancia policial contra cidad\u00e3os negros.<\/p>\n<p>Negros tamb\u00e9m s\u00e3o os maiores alvos no Brasil. Em 2023, representaram 82.7% dos mortos por policiais, segundo o Anu\u00e1rio de Seguran\u00e7a P\u00fablica.<\/p>\n<p>O n\u00famero de mortes no pa\u00eds norte-americano \u00e9 o triplo do registrado pelo terceiro colocado do levantamento feito pelo UOL. O M\u00e9xico aparece na terceira posi\u00e7\u00e3o com 386 registros.<\/p>\n<p>Renato Alves diz que a postura do governo de S\u00e3o Paulo, comandado por Tarc\u00edsio de Freitas (Republicanos), \u00e9 um exemplo de incentivo \u00e0 viol\u00eancia por meio do discurso. &#8220;Ele joga para o p\u00fablico um tipo de discurso, mas afaga a institui\u00e7\u00e3o quando mant\u00e9m o secret\u00e1rio [Guilherme Derrite], que j\u00e1 tem um hist\u00f3rico de pr\u00e1ticas question\u00e1veis na institui\u00e7\u00e3o&#8221;.<\/p>\n<p>Na sexta-feira (13), Derrite disse que os policiais s\u00e3o os &#8220;\u00fanicos e verdadeiros promotores de direitos humanos&#8221;. J\u00e1 Tarc\u00edsio, que adotou um discurso mais ponderado em meio \u00e0 escalada da viol\u00eancia policial no estado, pediu para que os agentes n\u00e3o se afastem do que foi ensinado.<\/p>\n<p><strong>Bahia mata mais do que os EUA<\/strong><\/p>\n<p>As pol\u00edcias da Bahia sozinhas matam mais do que os agentes dos EUA. Segundo o Anu\u00e1rio de Seguran\u00e7a P\u00fablica, 1.699 pessoas foram mortas por policiais no estado, enquanto os EUA registram 1.164 mortes.<\/p>\n<p>Comandado pelo PT desde 2007, o estado mostra, segundo Daniel Hirata, que a viol\u00eancia policial tamb\u00e9m \u00e9 incentivada em governos que se dizem progressistas. &#8220;Figuras de esquerda tamb\u00e9m adotam essa postura em meio \u00e0 aus\u00eancia de pol\u00edticas efetivas para o enfrentamento do crime organizado. Quando temos uma grande chacina, mesmo que os mortos sejam criminosos.<\/p>\n<p>Em n\u00fameros absolutos, a Bahia lidera a lista de mortes por policiais entre os estados brasileiros. Houve uma varia\u00e7\u00e3o de 15,8% em compara\u00e7\u00e3o com as ocorr\u00eancias de 2022, quando 1.467 mortes foram contabilizadas.<\/p>\n<p>O presidente do Sindicato dos Policiais Civis da Bahia, Eust\u00e1cio Lopes, estimou ao UOL, no in\u00edcio deste m\u00eas, um d\u00e9ficit de cerca de 40% no quadro da corpora\u00e7\u00e3o. &#8220;Quando voc\u00ea n\u00e3o tem elucida\u00e7\u00e3o, n\u00e3o tem a certeza da puni\u00e7\u00e3o, \u00e9 um territ\u00f3rio para a impunidade&#8221;, disse.<\/p>\n<p>&#8220;A Bahia n\u00e3o est\u00e1 fazendo o dever de casa, n\u00e3o tem atuado no controle democr\u00e1tico da atividade policial. N\u00e3o h\u00e1 produ\u00e7\u00e3o de evid\u00eancias \u00e0 altura do problema da Bahia. A Pol\u00edcia Cient\u00edfica deveria ser priorizada&#8221;, diise o Soci\u00f3logo Daniel Hirata&#8221;.<\/p>\n<p>Proporcionalmente, a pol\u00edcia do Amap\u00e1 \u00e9 a mais letal do Brasil. Considerando a popula\u00e7\u00e3o do estado, o Amap\u00e1 lidera o ranking com 233,6 mortos por 1 milh\u00e3o de habitantes. A taxa \u00e9 661% superior \u00e0 m\u00e9dia nacional, que foi de 33,1 mortes.<\/p>\n<p><strong>Divis\u00e3o contra genoc\u00eddio na ONU em alerta<\/strong><\/p>\n<p>A viol\u00eancia policial coloca o Brasil entre os lugares de maior preocupa\u00e7\u00e3o da ONU em rela\u00e7\u00e3o \u00e0s viola\u00e7\u00f5es aos direitos humanos e chegou a soar um alerta no departamento do \u00f3rg\u00e3o internacional que trabalha pela preven\u00e7\u00e3o do genoc\u00eddio.<\/p>\n<p>A conselheira especial da ONU para Preven\u00e7\u00e3o de Genoc\u00eddio, Alice Wairimu Nderitu, veio ao Brasil em maio de 2023 para examinar a situa\u00e7\u00e3o dos povos ind\u00edgenas. Mas sua miss\u00e3o acabou sendo ampliada para tamb\u00e9m avaliar o racismo estrutural e, claro, a viol\u00eancia policial contra os negros no pa\u00eds.<\/p>\n<p>Em um documento obtido pelo colunista do UOL Jamil Chade, a conselheira fala sobre a situa\u00e7\u00e3o da viol\u00eancia policial e do racismo. &#8220;Ficou claro que os povos ind\u00edgenas n\u00e3o s\u00e3o o \u00fanico grupo vulner\u00e1vel&#8221;, escreveu.<\/p>\n<p><strong><em>Acompanhe tamb\u00e9m o SE Not\u00edcias no\u00a0<a href=\"https:\/\/www.instagram.com\/senoticias\/\" target=\"_blank\" rel=\"noreferrer noopener\">Instagram<\/a><\/em><\/strong>,\u00a0<strong><em>\u00a0<a href=\"https:\/\/www.facebook.com\/senoticias1\" target=\"_blank\" rel=\"noreferrer noopener\">Facebook<\/a>\u00a0e\u00a0no<\/em>\u00a0<em><a href=\"https:\/\/twitter.com\/Senoticias\">X<\/a><\/em><\/strong><\/p>\n<p>Mat\u00e9ria produzida pelos jornalistas Pedro Vilas Boas e Matheus Alleoni,<a href=\"https:\/\/noticias.uol.com.br\/cotidiano\/ultimas-noticias\/2024\/12\/18\/dados-policia-letalidade-g20.htm\"><strong> Do UOL<\/strong><\/a>, em S\u00e3o Paulo.<\/p>\n<p>&nbsp;<\/p>\n<p>&nbsp;<\/p>\n<p>&nbsp;<\/p>\n<p>&nbsp;<\/p>\n","protected":false},"excerpt":{"rendered":"<p>Os policiais militares e civis do Brasil matam quase o triplo do que os agentes de seguran\u00e7a de 15 pa\u00edses do G20 somados, segundo levantamento feito pelo UOL. O que aconteceu Foram 6.393 mortos por policiais em 2023, de acordo com o Anu\u00e1rio Brasileiro de Seguran\u00e7a P\u00fablica, divulgado em julho. Ao todo, 15 pa\u00edses do [&hellip;]<\/p>\n","protected":false},"author":6557,"featured_media":0,"comment_status":"closed","ping_status":"closed","sticky":false,"template":"","format":"standard","meta":{"footnotes":""},"categories":[1],"tags":[42852,42851],"class_list":{"0":"post-145584","1":"post","2":"type-post","3":"status-publish","4":"format-standard","6":"category-sem-categoria","7":"tag-anuario-brasileiro-de-seguranca-publica","8":"tag-policiais-brasileiros"},"_links":{"self":[{"href":"https:\/\/senoticias.com.br\/se\/wp-json\/wp\/v2\/posts\/145584"}],"collection":[{"href":"https:\/\/senoticias.com.br\/se\/wp-json\/wp\/v2\/posts"}],"about":[{"href":"https:\/\/senoticias.com.br\/se\/wp-json\/wp\/v2\/types\/post"}],"author":[{"embeddable":true,"href":"https:\/\/senoticias.com.br\/se\/wp-json\/wp\/v2\/users\/6557"}],"replies":[{"embeddable":true,"href":"https:\/\/senoticias.com.br\/se\/wp-json\/wp\/v2\/comments?post=145584"}],"version-history":[{"count":0,"href":"https:\/\/senoticias.com.br\/se\/wp-json\/wp\/v2\/posts\/145584\/revisions"}],"wp:attachment":[{"href":"https:\/\/senoticias.com.br\/se\/wp-json\/wp\/v2\/media?parent=145584"}],"wp:term":[{"taxonomy":"category","embeddable":true,"href":"https:\/\/senoticias.com.br\/se\/wp-json\/wp\/v2\/categories?post=145584"},{"taxonomy":"post_tag","embeddable":true,"href":"https:\/\/senoticias.com.br\/se\/wp-json\/wp\/v2\/tags?post=145584"}],"curies":[{"name":"wp","href":"https:\/\/api.w.org\/{rel}","templated":true}]}}