{"id":145548,"date":"2024-12-16T06:17:10","date_gmt":"2024-12-16T09:17:10","guid":{"rendered":"https:\/\/senoticias.com.br\/se\/?p=145548"},"modified":"2024-12-16T06:17:10","modified_gmt":"2024-12-16T09:17:10","slug":"sisu-2025-ofertara-mais-de-5-mil-vagas-em-universidades-publicas-de-sergipe","status":"publish","type":"post","link":"https:\/\/senoticias.com.br\/se\/sisu-2025-ofertara-mais-de-5-mil-vagas-em-universidades-publicas-de-sergipe\/","title":{"rendered":"Sisu 2025 ofertar\u00e1 mais de 5 mil vagas em universidades p\u00fablicas de Sergipe"},"content":{"rendered":"<p>O Sistema de Sele\u00e7\u00e3o Unificada (Sisu) ofertar\u00e1, em 2025, mais de 5 mil vagas em universidades p\u00fablicas de Sergipe. As vagas estar\u00e3o distribu\u00eddas em todas as universidades p\u00fablicas do Estado.<\/p>\n<p><strong>Veja como ficou a distribui\u00e7\u00e3o das vagas:<\/strong><\/p>\n<p>Universidade Federal de Sergipe (UFS): 5.640 vagas.<br \/>\nInstituto Federal de Sergipe (IFS): 279 vagas.<br \/>\nO Sisu utiliza as notas do Enem 2024 para calcular a nota de corte de cada curso, com base no n\u00famero de vagas dispon\u00edveis e na quantidade de inscritos.<\/p>\n<div id=\"attachment_139705\" style=\"width: 605px\" class=\"wp-caption aligncenter\"><a href=\"https:\/\/senoticias.com.br\/se\/wp-content\/uploads\/2023\/10\/UFS-SE-Noticias.jpg\"><img loading=\"lazy\" decoding=\"async\" aria-describedby=\"caption-attachment-139705\" class=\"size-full wp-image-139705\" src=\"https:\/\/senoticias.com.br\/se\/wp-content\/uploads\/2023\/10\/UFS-SE-Noticias.jpg\" alt=\"\" width=\"595\" height=\"432\" srcset=\"https:\/\/senoticias.com.br\/se\/wp-content\/uploads\/2023\/10\/UFS-SE-Noticias.jpg 595w, https:\/\/senoticias.com.br\/se\/wp-content\/uploads\/2023\/10\/UFS-SE-Noticias-300x218.jpg 300w, https:\/\/senoticias.com.br\/se\/wp-content\/uploads\/2023\/10\/UFS-SE-Noticias-278x202.jpg 278w, https:\/\/senoticias.com.br\/se\/wp-content\/uploads\/2023\/10\/UFS-SE-Noticias-373x270.jpg 373w\" sizes=\"(max-width: 595px) 100vw, 595px\" \/><\/a><p id=\"caption-attachment-139705\" class=\"wp-caption-text\">Sisu 2025 ofertar\u00e1 mais de 5 mil vagas &#8211; Foto: arquivo\/SE Not\u00edcias<\/p><\/div>\n<p><strong>Cronograma do Sisu 2025:<\/strong><\/p>\n<p>17 a 21\/01 \u2013 Per\u00edodo de inscri\u00e7\u00f5es<br \/>\n26 a 31\/01 \u2013 Manifesta\u00e7\u00e3o em lista de espera<br \/>\n26\/01 \u2013 Resultado chamada regular<br \/>\n27\/01 a 04\/02 \u2013 Per\u00edodo de ocupa\u00e7\u00e3o da chamada regular<br \/>\n11\/02 \u2013 Convoca\u00e7\u00e3o da lista de espera<\/p>\n<p><strong><em>Acompanhe tamb\u00e9m o SE Not\u00edcias no\u00a0<a href=\"https:\/\/www.instagram.com\/senoticias\/\" target=\"_blank\" rel=\"noreferrer noopener\">Instagram<\/a><\/em><\/strong>,\u00a0<strong><em>\u00a0<a href=\"https:\/\/www.facebook.com\/senoticias1\" target=\"_blank\" rel=\"noreferrer noopener\">Facebook<\/a>\u00a0e\u00a0no<\/em>\u00a0<em><a href=\"https:\/\/twitter.com\/Senoticias\">X<\/a><\/em><\/strong><\/p>\n<p>Fonte: Portal Nacional da Educa\u00e7\u00e3o<\/p>\n","protected":false},"excerpt":{"rendered":"<p>O Sistema de Sele\u00e7\u00e3o Unificada (Sisu) ofertar\u00e1, em 2025, mais de 5 mil vagas em universidades p\u00fablicas de Sergipe. As vagas estar\u00e3o distribu\u00eddas em todas as universidades p\u00fablicas do Estado. Veja como ficou a distribui\u00e7\u00e3o das vagas: Universidade Federal de Sergipe (UFS): 5.640 vagas. Instituto Federal de Sergipe (IFS): 279 vagas. O Sisu utiliza as [&hellip;]<\/p>\n","protected":false},"author":6557,"featured_media":139705,"comment_status":"closed","ping_status":"closed","sticky":false,"template":"","format":"standard","meta":{"footnotes":""},"categories":[15,38],"tags":[42827,1965,42829,42828,42826,2299],"class_list":{"0":"post-145548","1":"post","2":"type-post","3":"status-publish","4":"format-standard","5":"has-post-thumbnail","7":"category-destaques","8":"category-municipios","9":"tag-cronograma-sisu-2025","10":"tag-ifs","11":"tag-nota-de-corte-de-cada-curso","12":"tag-notas-do-enem-2024","13":"tag-sisu-2025","14":"tag-ufs"},"_links":{"self":[{"href":"https:\/\/senoticias.com.br\/se\/wp-json\/wp\/v2\/posts\/145548"}],"collection":[{"href":"https:\/\/senoticias.com.br\/se\/wp-json\/wp\/v2\/posts"}],"about":[{"href":"https:\/\/senoticias.com.br\/se\/wp-json\/wp\/v2\/types\/post"}],"author":[{"embeddable":true,"href":"https:\/\/senoticias.com.br\/se\/wp-json\/wp\/v2\/users\/6557"}],"replies":[{"embeddable":true,"href":"https:\/\/senoticias.com.br\/se\/wp-json\/wp\/v2\/comments?post=145548"}],"version-history":[{"count":0,"href":"https:\/\/senoticias.com.br\/se\/wp-json\/wp\/v2\/posts\/145548\/revisions"}],"wp:featuredmedia":[{"embeddable":true,"href":"https:\/\/senoticias.com.br\/se\/wp-json\/wp\/v2\/media\/139705"}],"wp:attachment":[{"href":"https:\/\/senoticias.com.br\/se\/wp-json\/wp\/v2\/media?parent=145548"}],"wp:term":[{"taxonomy":"category","embeddable":true,"href":"https:\/\/senoticias.com.br\/se\/wp-json\/wp\/v2\/categories?post=145548"},{"taxonomy":"post_tag","embeddable":true,"href":"https:\/\/senoticias.com.br\/se\/wp-json\/wp\/v2\/tags?post=145548"}],"curies":[{"name":"wp","href":"https:\/\/api.w.org\/{rel}","templated":true}]}}